{"id":41555,"date":"2024-04-16T20:16:09","date_gmt":"2024-04-17T01:16:09","guid":{"rendered":"https:\/\/contraluzcucuta.co\/?p=41555"},"modified":"2024-04-16T20:16:09","modified_gmt":"2024-04-17T01:16:09","slug":"ifinorte-se-venden-inmuebles-que-acusan-deterioro","status":"publish","type":"post","link":"https:\/\/contraluzcucuta.co\/?p=41555","title":{"rendered":"IFINORTE. Se venden inmuebles que acusan deterioro"},"content":{"rendered":"<p style=\"padding-left: 40px; text-align: right;\"><strong><span style=\"color: #ff9900;\">C\u00daCUTA.- Los gastos en impuestos predial, vigilancia y servicios p\u00fablicos, sin estar en uso llevaron a tomar la decisi\u00f3n de vender dos inmuebles que pertenecen al departamento. Las edificaciones acusan deterioro, est\u00e1n deshabitados y dan muestras de abandono.<\/span><\/strong><\/p>\n<p><a href=\"https:\/\/contraluzcucuta.co\/wp-content\/uploads\/2024\/04\/FUNDACION-EL-CAMINO-2.jpeg\"><img loading=\"lazy\" decoding=\"async\" class=\"alignnone  wp-image-41557 alignleft\" src=\"https:\/\/contraluzcucuta.co\/wp-content\/uploads\/2024\/04\/FUNDACION-EL-CAMINO-2-225x300.jpeg\" alt=\"\" width=\"207\" height=\"276\" srcset=\"https:\/\/contraluzcucuta.co\/wp-content\/uploads\/2024\/04\/FUNDACION-EL-CAMINO-2-225x300.jpeg 225w, https:\/\/contraluzcucuta.co\/wp-content\/uploads\/2024\/04\/FUNDACION-EL-CAMINO-2-600x800.jpeg 600w, https:\/\/contraluzcucuta.co\/wp-content\/uploads\/2024\/04\/FUNDACION-EL-CAMINO-2-768x1024.jpeg 768w, https:\/\/contraluzcucuta.co\/wp-content\/uploads\/2024\/04\/FUNDACION-EL-CAMINO-2-1152x1536.jpeg 1152w, https:\/\/contraluzcucuta.co\/wp-content\/uploads\/2024\/04\/FUNDACION-EL-CAMINO-2.jpeg 1200w\" sizes=\"auto, (max-width: 207px) 100vw, 207px\" \/><\/a><\/p>\n<p>En mesa de trabajo se concert\u00f3 la necesidad de vender esas propiedades que no dan rendimiento para el Instituto Financiero de Norte de Santander. El gerente de Ifinorte, Arnulfo S\u00e1nchez explic\u00f3 por qu\u00e9 se ponen a la venta, aunque no especific\u00f3 el monto que se recaudar\u00e1 ni el destino que tomar\u00e1n esos recursos.<\/p>\n<p>La antigua sede de la Caja de Previsi\u00f3n Departamental (avenida 4 entre calles 14 y 15) est\u00e1 entre las solicitudes. En una \u00e9poca sirvi\u00f3 a la Secretar\u00eda de Educaci\u00f3n del Departamento y luego pas\u00f3 a esta entidad. De un tiempo para ac\u00e1 est\u00e1 desocupada y est\u00e1 en completo descuido.<\/p>\n<p>El segundo de los inmuebles hace parte del edificio que sirvi\u00f3 a la biblioteca p\u00fablica (calle 9 entre avenidas 3 y 4). Luego, la Sociedad de Mejoras P\u00fablicas tuvo su sede ah\u00ed. Despu\u00e9s, recibi\u00f3 en un tiempo a los desmovilizados de las AUC. El Sisben, tambi\u00e9n, aprovech\u00f3 esas instalaciones para atender a los afiliados al Sisben. Durante los \u00faltimos 16 a\u00f1os, alberg\u00f3 a los habitantes de calle registrados en la Fundaci\u00f3n El Camino.<\/p>\n<p>Mart\u00edn Manzano, director de la entidad, preparaba la entrega, escoba en mano, para medio recolectar los desechos que hay en la primera planta y el s\u00f3tano. El segundo y el tercer piso son propiedad de la Alcald\u00eda.<\/p>\n<p>\u201cHemos solicitado la autorizaci\u00f3n para ponerlos en venta\u201d, dijo Arnulfo S\u00e1nchez. \u201cHemos adelantado algo\u201d, con las administraciones departamental y municipal.<\/p>\n<p><a href=\"https:\/\/contraluzcucuta.co\/wp-content\/uploads\/2024\/04\/IFINORTE-CAJA-DE-PREVISION-2.jpeg\"><img loading=\"lazy\" decoding=\"async\" class=\"alignnone  wp-image-41558 alignleft\" src=\"https:\/\/contraluzcucuta.co\/wp-content\/uploads\/2024\/04\/IFINORTE-CAJA-DE-PREVISION-2-300x225.jpeg\" alt=\"\" width=\"251\" height=\"188\" srcset=\"https:\/\/contraluzcucuta.co\/wp-content\/uploads\/2024\/04\/IFINORTE-CAJA-DE-PREVISION-2-300x225.jpeg 300w, https:\/\/contraluzcucuta.co\/wp-content\/uploads\/2024\/04\/IFINORTE-CAJA-DE-PREVISION-2-600x450.jpeg 600w, https:\/\/contraluzcucuta.co\/wp-content\/uploads\/2024\/04\/IFINORTE-CAJA-DE-PREVISION-2-1024x768.jpeg 1024w, https:\/\/contraluzcucuta.co\/wp-content\/uploads\/2024\/04\/IFINORTE-CAJA-DE-PREVISION-2-768x576.jpeg 768w, https:\/\/contraluzcucuta.co\/wp-content\/uploads\/2024\/04\/IFINORTE-CAJA-DE-PREVISION-2-1536x1152.jpeg 1536w, https:\/\/contraluzcucuta.co\/wp-content\/uploads\/2024\/04\/IFINORTE-CAJA-DE-PREVISION-2.jpeg 1600w\" sizes=\"auto, (max-width: 251px) 100vw, 251px\" \/><\/a><\/p>\n<p>En poco tiempo, cambiar\u00e1 la fachada de los edificios, llegar\u00e1n nuevos propietarios y servir\u00e1n a otros intereses econ\u00f3micos. Hasta ahora, comienza la ronda en la que se escuchar\u00e1n propuestas y ofertas para bajar el martillo en favor del mejor postor.<\/p>\n<p>El gerente de Ifinorte, Arnulfo S\u00e1nchez, tambi\u00e9n, inform\u00f3 que se hizo el estudio jur\u00eddico de otros bienes y se concluy\u00f3 que no requieren autorizaci\u00f3n, porque se recibieron como daci\u00f3n de pago. \u201cDeudores con Ifinorte no tuvieron en efectivo y entregaron los bienes. Tenemos que venderlos para recuperar ese capital\u201d. Algunos de esos lotes est\u00e1n en El Rodeo, El Ed\u00e9n, Villa del Rosario y Chin\u00e1cota.<\/p>\n<p>Otra buena nueva que entreg\u00f3 es que \u201cla recuperaci\u00f3n de cartera ha mejorado\u201d. A principios de mes se fren\u00f3, pero en los \u00faltimos d\u00edas retom\u00f3 el ritmo. Para alcanzar ese \u00e9xito, \u201chemos potenciado nuestro equipo jur\u00eddico, hemos trabajado los fines de semana para mirar c\u00f3mo llegar a los que est\u00e1n en deuda, hemos cuadrado citas y nos hemos sentado y hemos reactivado los ingresos de esos dineros que estaban en el olvido\u201d.<\/p>\n<p>Las carteras se convierten en deudas de dif\u00edcil cobro cuando el incumplimiento supera los 365 d\u00edas. Para completar la sonrisa, S\u00e1nchez Due\u00f1as dijo que. En el reciente encuentro, varios alcaldes mostraron inter\u00e9s por trabajar con Ifinorte.<\/p>\n<ul>\n<li>El Tarra. Financiaci\u00f3n de $ 1200 millones para la compra de un lote para construir la sede de la Alcald\u00eda y adquisici\u00f3n de maquinaria amarilla<\/li>\n<li>Trabajo con las juntas comunales en v\u00edas terciarias y c\u00e1maras de seguridad.<\/li>\n<li>C\u00e1chira. Compra de un compactador.<\/li>\n<\/ul>\n","protected":false},"excerpt":{"rendered":"<p>C\u00daCUTA.- Los gastos en impuestos predial, vigilancia y servicios p\u00fablicos, sin estar en uso llevaron a tomar la decisi\u00f3n de vender dos inmuebles que pertenecen al departamento. Las edificaciones acusan deterioro, est\u00e1n deshabitados y dan muestras de abandono. En mesa de trabajo se concert\u00f3 la necesidad de vender esas propiedades que no dan rendimiento para &hellip;<\/p>\n","protected":false},"author":1,"featured_media":41556,"comment_status":"open","ping_status":"open","sticky":false,"template":"","format":"standard","meta":{"footnotes":""},"categories":[45,4],"tags":[1245,6237,1304,571],"class_list":["post-41555","post","type-post","status-publish","format-standard","has-post-thumbnail","hentry","category-destacado","category-barra","tag-arnulfo-sanchez","tag-caja-de-prevision-departamental","tag-fundacion-el-camino","tag-ifinorte"],"_links":{"self":[{"href":"https:\/\/contraluzcucuta.co\/index.php?rest_route=\/wp\/v2\/posts\/41555","targetHints":{"allow":["GET"]}}],"collection":[{"href":"https:\/\/contraluzcucuta.co\/index.php?rest_route=\/wp\/v2\/posts"}],"about":[{"href":"https:\/\/contraluzcucuta.co\/index.php?rest_route=\/wp\/v2\/types\/post"}],"author":[{"embeddable":true,"href":"https:\/\/contraluzcucuta.co\/index.php?rest_route=\/wp\/v2\/users\/1"}],"replies":[{"embeddable":true,"href":"https:\/\/contraluzcucuta.co\/index.php?rest_route=%2Fwp%2Fv2%2Fcomments&post=41555"}],"version-history":[{"count":1,"href":"https:\/\/contraluzcucuta.co\/index.php?rest_route=\/wp\/v2\/posts\/41555\/revisions"}],"predecessor-version":[{"id":41559,"href":"https:\/\/contraluzcucuta.co\/index.php?rest_route=\/wp\/v2\/posts\/41555\/revisions\/41559"}],"wp:featuredmedia":[{"embeddable":true,"href":"https:\/\/contraluzcucuta.co\/index.php?rest_route=\/wp\/v2\/media\/41556"}],"wp:attachment":[{"href":"https:\/\/contraluzcucuta.co\/index.php?rest_route=%2Fwp%2Fv2%2Fmedia&parent=41555"}],"wp:term":[{"taxonomy":"category","embeddable":true,"href":"https:\/\/contraluzcucuta.co\/index.php?rest_route=%2Fwp%2Fv2%2Fcategories&post=41555"},{"taxonomy":"post_tag","embeddable":true,"href":"https:\/\/contraluzcucuta.co\/index.php?rest_route=%2Fwp%2Fv2%2Ftags&post=41555"}],"curies":[{"name":"wp","href":"https:\/\/api.w.org\/{rel}","templated":true}]}}