{"id":41548,"date":"2024-04-16T08:24:27","date_gmt":"2024-04-16T13:24:27","guid":{"rendered":"https:\/\/contraluzcucuta.co\/?p=41548"},"modified":"2024-04-16T08:24:27","modified_gmt":"2024-04-16T13:24:27","slug":"asesinato-de-jaime-vasquez-procurador-judicial-abre-investigacion-penal","status":"publish","type":"post","link":"https:\/\/contraluzcucuta.co\/?p=41548","title":{"rendered":"ASESINATO DE JAIME V\u00c1SQUEZ. Procurador judicial abre investigaci\u00f3n penal"},"content":{"rendered":"<p style=\"padding-left: 40px; text-align: right;\"><strong><span style=\"color: #ff9900;\">C\u00daCUTA.- La Procuradur\u00eda General de la Naci\u00f3n dispuso la constituci\u00f3n de una agencia especial para que por intermedio de uno de los procuradores judiciales se active la funci\u00f3n de intervenci\u00f3n en la investigaci\u00f3n penal en curso por el asesinato del veedor Jaime V\u00e1squez.<\/span><\/strong><\/p>\n<p>Tras expresar rechazo por el hecho violento, exigi\u00f3 a las autoridades judiciales la mayor celeridad en las investigaciones correspondientes para aclarar estos terribles hechos y adoptar las medidas necesarias para fortalecer la ruta de Prevenci\u00f3n y Protecci\u00f3n para l\u00edderes y defensores de derechos humanos<\/p>\n<p>El gobernador William Villamizar solicit\u00f3 a la Fiscal\u00eda General de la Naci\u00f3n celeridad en la presentaci\u00f3n de resultados sobre autores materiales e intelectualmente del crimen.<\/p>\n<p>En la instalaci\u00f3n de las sesiones extraordinarias de la Asamblea dijo que \u201cquer\u00eda dejar ese mensaje, porque, as\u00ed como hemos actuado cada vez que se presenta alguna situaci\u00f3n, incluso generando recompensas, as\u00ed tambi\u00e9n lo estamos haciendo en esta ocasi\u00f3n\u201d.<\/p>\n<p>Sobre Jaime V\u00e1squez, el Gobernador coment\u00f3 que ten\u00eda su estilo para comunicar, que revisaba, analizaba y presentaba temas a la comunidad. Afirm\u00f3 que no compart\u00eda muchas de esas informaciones.<\/p>\n<p>El alcalde Jorge Acevedo expres\u00f3 que hoy m\u00e1s que nunca se eleva el mensaje al Ministerio de la Defensa para que en C\u00facuta haya presencia de un batall\u00f3n de Polic\u00eda Militar. \u201cMinistro, estamos necesitando con urgencia este batall\u00f3n\u201d. A\u00f1adi\u00f3 que se dispuso, por parte del Ej\u00e9rcito, de un oficial que trabaje en la gesti\u00f3n del Batall\u00f3n.<\/p>\n<p>La Fiscal\u00eda General de la Naci\u00f3n envi\u00f3 de un fiscal destacado para las investigaciones y de un grupo de Polic\u00eda Judicial por parte del CTI.<\/p>\n<p>Se iniciar\u00e1n operativos de control con Polic\u00eda de Tr\u00e1nsito para verificar veh\u00edculos y judicializar\u00e1n a tenedores o propietarios de motos o carros con mecanismos que permitan ocultar n\u00fameros de placas. Las motos que generen ruidos similares al accionar de armas de fuego ser\u00e1n inmovilizadas.<\/p>\n","protected":false},"excerpt":{"rendered":"<p>C\u00daCUTA.- La Procuradur\u00eda General de la Naci\u00f3n dispuso la constituci\u00f3n de una agencia especial para que por intermedio de uno de los procuradores judiciales se active la funci\u00f3n de intervenci\u00f3n en la investigaci\u00f3n penal en curso por el asesinato del veedor Jaime V\u00e1squez. Tras expresar rechazo por el hecho violento, exigi\u00f3 a las autoridades judiciales &hellip;<\/p>\n","protected":false},"author":1,"featured_media":41549,"comment_status":"open","ping_status":"open","sticky":false,"template":"","format":"standard","meta":{"footnotes":""},"categories":[11,4],"tags":[5950,3776,2800,6232,348],"class_list":["post-41548","post","type-post","status-publish","format-standard","has-post-thumbnail","hentry","category-cronica-roja","category-barra","tag-alcalde-jorge-acevedo","tag-fiscalia-general-de-la-nacion","tag-gobernador-william-villamizar","tag-jaime-vasquez","tag-procuraduria-general-de-la-nacion"],"_links":{"self":[{"href":"https:\/\/contraluzcucuta.co\/index.php?rest_route=\/wp\/v2\/posts\/41548","targetHints":{"allow":["GET"]}}],"collection":[{"href":"https:\/\/contraluzcucuta.co\/index.php?rest_route=\/wp\/v2\/posts"}],"about":[{"href":"https:\/\/contraluzcucuta.co\/index.php?rest_route=\/wp\/v2\/types\/post"}],"author":[{"embeddable":true,"href":"https:\/\/contraluzcucuta.co\/index.php?rest_route=\/wp\/v2\/users\/1"}],"replies":[{"embeddable":true,"href":"https:\/\/contraluzcucuta.co\/index.php?rest_route=%2Fwp%2Fv2%2Fcomments&post=41548"}],"version-history":[{"count":1,"href":"https:\/\/contraluzcucuta.co\/index.php?rest_route=\/wp\/v2\/posts\/41548\/revisions"}],"predecessor-version":[{"id":41550,"href":"https:\/\/contraluzcucuta.co\/index.php?rest_route=\/wp\/v2\/posts\/41548\/revisions\/41550"}],"wp:featuredmedia":[{"embeddable":true,"href":"https:\/\/contraluzcucuta.co\/index.php?rest_route=\/wp\/v2\/media\/41549"}],"wp:attachment":[{"href":"https:\/\/contraluzcucuta.co\/index.php?rest_route=%2Fwp%2Fv2%2Fmedia&parent=41548"}],"wp:term":[{"taxonomy":"category","embeddable":true,"href":"https:\/\/contraluzcucuta.co\/index.php?rest_route=%2Fwp%2Fv2%2Fcategories&post=41548"},{"taxonomy":"post_tag","embeddable":true,"href":"https:\/\/contraluzcucuta.co\/index.php?rest_route=%2Fwp%2Fv2%2Ftags&post=41548"}],"curies":[{"name":"wp","href":"https:\/\/api.w.org\/{rel}","templated":true}]}}