{"id":41518,"date":"2024-04-15T04:24:05","date_gmt":"2024-04-15T09:24:05","guid":{"rendered":"https:\/\/contraluzcucuta.co\/?p=41518"},"modified":"2024-04-15T04:24:05","modified_gmt":"2024-04-15T09:24:05","slug":"asesinato-de-jaime-vasquez-rechazo-dolor-e-indignacion","status":"publish","type":"post","link":"https:\/\/contraluzcucuta.co\/?p=41518","title":{"rendered":"ASESINATO DE JAIME V\u00c1SQUEZ. Rechazo, dolor e indignaci\u00f3n"},"content":{"rendered":"<p style=\"padding-left: 40px; text-align: right;\"><strong><span style=\"color: #ff9900;\">C\u00daCUTA.- El presidente Gustavo Petro, el gobernador William Villamizar, el alcalde Jorge Acevedo, l\u00edderes sociales, voceros comunales, defensores de derechos humanos, veedores ciudadanos y cucute\u00f1os del com\u00fan lamentaron el asesinato del abogado Jaime V\u00e1squez. El hecho ocurri\u00f3 ayer, en la ma\u00f1ana, y de inmediato se conocieron reacciones contra la oleada de violencia que atormenta a los habitantes de esta ciudad.\u00a0<\/span><\/strong><\/p>\n<p><a href=\"https:\/\/contraluzcucuta.co\/wp-content\/uploads\/2024\/04\/JAIME-VASQUEZ-1-1.jpg\"><img loading=\"lazy\" decoding=\"async\" class=\"alignnone  wp-image-41521 alignleft\" src=\"https:\/\/contraluzcucuta.co\/wp-content\/uploads\/2024\/04\/JAIME-VASQUEZ-1-1-252x300.jpg\" alt=\"\" width=\"224\" height=\"267\" srcset=\"https:\/\/contraluzcucuta.co\/wp-content\/uploads\/2024\/04\/JAIME-VASQUEZ-1-1-252x300.jpg 252w, https:\/\/contraluzcucuta.co\/wp-content\/uploads\/2024\/04\/JAIME-VASQUEZ-1-1.jpg 340w\" sizes=\"auto, (max-width: 224px) 100vw, 224px\" \/><\/a><\/p>\n<p>&nbsp;<\/p>\n<p>\u201cSu oficio era denunciar la corrupci\u00f3n\u201d, escribi\u00f3 el presidente Petro y mostr\u00f3 confianza en que la Fiscal\u00eda adelante \u201cla m\u00e1s profunda investigaci\u00f3n que deber\u00eda incluir el examen forense de la informaci\u00f3n de su celular que al parecer fue manipulado por funcionarios despu\u00e9s de su muerte\u201d.<\/p>\n<p>El gobernador Villamizar rechaz\u00f3 el atentado y pidi\u00f3 a las autoridades judiciales actuar con celeridad para capturar a los autores materiales del crimen. \u201cOfrecemos una recompensa de hasta $ 50 millones para los ciudadanos que aporten informaci\u00f3n que permitan aclarar esta situaci\u00f3n y dar con los responsables\u201d puntualiz\u00f3.<\/p>\n<p>El alcalde Acevedo expres\u00f3 que toda la capacidad policial ha sido ordenada para que se d\u00e9 con el paradero de los responsables. Ofreci\u00f3 $ 20 millones de recompensa para dar con los responsables. \u201cElevamos nuevamente la voz de S.O.S. al gobierno nacional para que voltee los ojos hacia C\u00facuta, lugar donde libramos una guerra frontal contra la delincuencia, las mafias y cualquier tipo de acto delictivo\u201d.<\/p>\n<p>El coronel William Quintero, comandante de la Polic\u00eda Metropolitana de C\u00facuta, dijo que \u201cuna mujer, posiblemente, era la que iba conduciendo la motocicleta y un hombre que fue quien se baj\u00f3 e impact\u00f3 con arma de fuego a este l\u00edder y activista de la ciudad de C\u00facuta\u201d, dijo<\/p>\n<p>En c\u00e1mara de seguridad qued\u00f3 registrado el instante en el que el sicario corretea a Jaime V\u00e1squez dentro de un establecimiento comercial. Al darle alcance, le dispara a quemarropa. El veedor ciudadanos fue trasladado a una cl\u00ednica local, donde falleci\u00f3.<\/p>\n","protected":false},"excerpt":{"rendered":"<p>C\u00daCUTA.- El presidente Gustavo Petro, el gobernador William Villamizar, el alcalde Jorge Acevedo, l\u00edderes sociales, voceros comunales, defensores de derechos humanos, veedores ciudadanos y cucute\u00f1os del com\u00fan lamentaron el asesinato del abogado Jaime V\u00e1squez. El hecho ocurri\u00f3 ayer, en la ma\u00f1ana, y de inmediato se conocieron reacciones contra la oleada de violencia que atormenta a &hellip;<\/p>\n","protected":false},"author":1,"featured_media":41519,"comment_status":"open","ping_status":"open","sticky":false,"template":"","format":"standard","meta":{"footnotes":""},"categories":[4,6],"tags":[4157,6232,2192,2092],"class_list":["post-41518","post","type-post","status-publish","format-standard","has-post-thumbnail","hentry","category-barra","category-ojo-avizor","tag-gustavo-petro","tag-jaime-vasquez","tag-jorge-acevedo","tag-william-villamizar"],"_links":{"self":[{"href":"https:\/\/contraluzcucuta.co\/index.php?rest_route=\/wp\/v2\/posts\/41518","targetHints":{"allow":["GET"]}}],"collection":[{"href":"https:\/\/contraluzcucuta.co\/index.php?rest_route=\/wp\/v2\/posts"}],"about":[{"href":"https:\/\/contraluzcucuta.co\/index.php?rest_route=\/wp\/v2\/types\/post"}],"author":[{"embeddable":true,"href":"https:\/\/contraluzcucuta.co\/index.php?rest_route=\/wp\/v2\/users\/1"}],"replies":[{"embeddable":true,"href":"https:\/\/contraluzcucuta.co\/index.php?rest_route=%2Fwp%2Fv2%2Fcomments&post=41518"}],"version-history":[{"count":1,"href":"https:\/\/contraluzcucuta.co\/index.php?rest_route=\/wp\/v2\/posts\/41518\/revisions"}],"predecessor-version":[{"id":41522,"href":"https:\/\/contraluzcucuta.co\/index.php?rest_route=\/wp\/v2\/posts\/41518\/revisions\/41522"}],"wp:featuredmedia":[{"embeddable":true,"href":"https:\/\/contraluzcucuta.co\/index.php?rest_route=\/wp\/v2\/media\/41519"}],"wp:attachment":[{"href":"https:\/\/contraluzcucuta.co\/index.php?rest_route=%2Fwp%2Fv2%2Fmedia&parent=41518"}],"wp:term":[{"taxonomy":"category","embeddable":true,"href":"https:\/\/contraluzcucuta.co\/index.php?rest_route=%2Fwp%2Fv2%2Fcategories&post=41518"},{"taxonomy":"post_tag","embeddable":true,"href":"https:\/\/contraluzcucuta.co\/index.php?rest_route=%2Fwp%2Fv2%2Ftags&post=41518"}],"curies":[{"name":"wp","href":"https:\/\/api.w.org\/{rel}","templated":true}]}}