{"id":41514,"date":"2024-04-15T04:08:43","date_gmt":"2024-04-15T09:08:43","guid":{"rendered":"https:\/\/contraluzcucuta.co\/?p=41514"},"modified":"2024-04-15T04:08:43","modified_gmt":"2024-04-15T09:08:43","slug":"seguridad-en-cucuta-instalada-primera-de-50-alarmas-comunitarias","status":"publish","type":"post","link":"https:\/\/contraluzcucuta.co\/?p=41514","title":{"rendered":"SEGURIDAD EN C\u00daCUTA: Instalada primera de 50 alarmas comunitarias"},"content":{"rendered":"<p style=\"padding-left: 40px; text-align: right;\"><strong><span style=\"color: #ff9900;\">C\u00daCUTA.- Este nuevo sistema hace parte del conjunto de estrategias lideradas por el alcalde Jorge Acevedo para devolverles la convivencia y la tranquilidad a los habitantes de la ciudad, en desarrollo de la pol\u00edtica de seguridad. El primero operar\u00e1 en articulaci\u00f3n con la Polic\u00eda y la comunidad, en el barrio San Luis.<\/span><\/strong><\/p>\n<p><a href=\"https:\/\/contraluzcucuta.co\/wp-content\/uploads\/2024\/04\/ALCALDIA-ALARMAS-4.jpg\"><img loading=\"lazy\" decoding=\"async\" class=\"alignnone  wp-image-41516 alignleft\" src=\"https:\/\/contraluzcucuta.co\/wp-content\/uploads\/2024\/04\/ALCALDIA-ALARMAS-4-300x169.jpg\" alt=\"\" width=\"261\" height=\"147\" srcset=\"https:\/\/contraluzcucuta.co\/wp-content\/uploads\/2024\/04\/ALCALDIA-ALARMAS-4-300x169.jpg 300w, https:\/\/contraluzcucuta.co\/wp-content\/uploads\/2024\/04\/ALCALDIA-ALARMAS-4-600x338.jpg 600w, https:\/\/contraluzcucuta.co\/wp-content\/uploads\/2024\/04\/ALCALDIA-ALARMAS-4-768x432.jpg 768w, https:\/\/contraluzcucuta.co\/wp-content\/uploads\/2024\/04\/ALCALDIA-ALARMAS-4.jpg 1024w\" sizes=\"auto, (max-width: 261px) 100vw, 261px\" \/><\/a><\/p>\n<p>Las alarmas comunitarias funcionan mediante aplicaci\u00f3n digital que mantiene conexi\u00f3n entre los habitantes y la Polic\u00eda Metropolitana. Generan la activaci\u00f3n satelital de ondas sonoras que alertan sobre cualquier emergencia.<\/p>\n<p>\u201cVienen articuladas con un trabajo de formaci\u00f3n de los frentes de seguridad que est\u00e1n articuladas con nuestra Polic\u00eda\u201d, dijo el secretario de Seguridad Ciudadana, Diego Villamizar. Este es el primero de 50 puntos que se instalar\u00e1n en la ciudad.<\/p>\n<p>En el trabajo coordinado participan la administraci\u00f3n municipal, la Polic\u00eda, las juntas de acci\u00f3n comunal y los l\u00edderes sociales de los barrios.<\/p>\n<p>El comandante de la Polic\u00eda Metropolitana, Mayor Freddy Molina, explic\u00f3 que \u201cuna vez se genere la activaci\u00f3n de la alarma, autom\u00e1ticamente el CAD de la Polic\u00eda Metropolitana env\u00eda al cuadrante una reacci\u00f3n inmediata y llega al lugar donde se genera la alarma para atender el requerimiento\u201d.<\/p>\n<p>Los residentes de la calle 15 del barrio San Luis, expresaron agradecimientos \u201cpor escuchar nuestro llamado. Recibimos el sistema muy contentos, porque nos permite unirnos y estar atentos a cualquier situaci\u00f3n que se presente en el barrio\u201d, manifest\u00f3 Virginia Moreno, coordinadora del frente de seguridad local.<\/p>\n","protected":false},"excerpt":{"rendered":"<p>C\u00daCUTA.- Este nuevo sistema hace parte del conjunto de estrategias lideradas por el alcalde Jorge Acevedo para devolverles la convivencia y la tranquilidad a los habitantes de la ciudad, en desarrollo de la pol\u00edtica de seguridad. El primero operar\u00e1 en articulaci\u00f3n con la Polic\u00eda y la comunidad, en el barrio San Luis. Las alarmas comunitarias &hellip;<\/p>\n","protected":false},"author":1,"featured_media":41515,"comment_status":"open","ping_status":"open","sticky":false,"template":"","format":"standard","meta":{"footnotes":""},"categories":[11,4],"tags":[226,2423,323,163],"class_list":["post-41514","post","type-post","status-publish","format-standard","has-post-thumbnail","hentry","category-cronica-roja","category-barra","tag-alcaldia-de-cucuta","tag-barrio-san-luis","tag-mecuc","tag-policia-metropolitana"],"_links":{"self":[{"href":"https:\/\/contraluzcucuta.co\/index.php?rest_route=\/wp\/v2\/posts\/41514","targetHints":{"allow":["GET"]}}],"collection":[{"href":"https:\/\/contraluzcucuta.co\/index.php?rest_route=\/wp\/v2\/posts"}],"about":[{"href":"https:\/\/contraluzcucuta.co\/index.php?rest_route=\/wp\/v2\/types\/post"}],"author":[{"embeddable":true,"href":"https:\/\/contraluzcucuta.co\/index.php?rest_route=\/wp\/v2\/users\/1"}],"replies":[{"embeddable":true,"href":"https:\/\/contraluzcucuta.co\/index.php?rest_route=%2Fwp%2Fv2%2Fcomments&post=41514"}],"version-history":[{"count":1,"href":"https:\/\/contraluzcucuta.co\/index.php?rest_route=\/wp\/v2\/posts\/41514\/revisions"}],"predecessor-version":[{"id":41517,"href":"https:\/\/contraluzcucuta.co\/index.php?rest_route=\/wp\/v2\/posts\/41514\/revisions\/41517"}],"wp:featuredmedia":[{"embeddable":true,"href":"https:\/\/contraluzcucuta.co\/index.php?rest_route=\/wp\/v2\/media\/41515"}],"wp:attachment":[{"href":"https:\/\/contraluzcucuta.co\/index.php?rest_route=%2Fwp%2Fv2%2Fmedia&parent=41514"}],"wp:term":[{"taxonomy":"category","embeddable":true,"href":"https:\/\/contraluzcucuta.co\/index.php?rest_route=%2Fwp%2Fv2%2Fcategories&post=41514"},{"taxonomy":"post_tag","embeddable":true,"href":"https:\/\/contraluzcucuta.co\/index.php?rest_route=%2Fwp%2Fv2%2Ftags&post=41514"}],"curies":[{"name":"wp","href":"https:\/\/api.w.org\/{rel}","templated":true}]}}