{"id":41507,"date":"2024-04-14T19:27:31","date_gmt":"2024-04-15T00:27:31","guid":{"rendered":"https:\/\/contraluzcucuta.co\/?p=41507"},"modified":"2024-04-14T19:27:31","modified_gmt":"2024-04-15T00:27:31","slug":"conversaciones-de-entre-casa-hubo-un-tiempo-en-el-que-casi-desaparezco-luis-suarez","status":"publish","type":"post","link":"https:\/\/contraluzcucuta.co\/?p=41507","title":{"rendered":"CONVERSACIONES DE ENTRE CASA. Hubo un tiempo en el que casi desaparezco: Luis Su\u00e1rez"},"content":{"rendered":"<p style=\"padding-left: 40px; text-align: right;\"><strong><span style=\"color: #ff9900;\">C\u00daCUTA.- No es futbolista, no es amigo de Messi, no jugo en Barcelona, no camina como uruguayo, no habla como los nacidos en Montevideo, no es charr\u00faa ni es dentudo. \u201cOrgullosamente, soy nortesantandereano\u201d. A pesar de esa defensa geogr\u00e1fica, \u201csiempre me molestan por eso\u201d. Y es que quienes le hacen bromas tienen raz\u00f3n, porque se llama Luis Su\u00e1rez y tiene un emprendimiento de carne a la llanera en el barrio La Merced.<\/span><\/strong><\/p>\n<p><a href=\"https:\/\/contraluzcucuta.co\/wp-content\/uploads\/2024\/04\/LUIS-EL-NORTENO-12.jpeg\"><img loading=\"lazy\" decoding=\"async\" class=\"alignnone  wp-image-41509 alignleft\" src=\"https:\/\/contraluzcucuta.co\/wp-content\/uploads\/2024\/04\/LUIS-EL-NORTENO-12-300x225.jpeg\" alt=\"\" width=\"249\" height=\"187\" srcset=\"https:\/\/contraluzcucuta.co\/wp-content\/uploads\/2024\/04\/LUIS-EL-NORTENO-12-300x225.jpeg 300w, https:\/\/contraluzcucuta.co\/wp-content\/uploads\/2024\/04\/LUIS-EL-NORTENO-12-600x450.jpeg 600w, https:\/\/contraluzcucuta.co\/wp-content\/uploads\/2024\/04\/LUIS-EL-NORTENO-12-1024x768.jpeg 1024w, https:\/\/contraluzcucuta.co\/wp-content\/uploads\/2024\/04\/LUIS-EL-NORTENO-12-768x576.jpeg 768w, https:\/\/contraluzcucuta.co\/wp-content\/uploads\/2024\/04\/LUIS-EL-NORTENO-12-1536x1152.jpeg 1536w, https:\/\/contraluzcucuta.co\/wp-content\/uploads\/2024\/04\/LUIS-EL-NORTENO-12.jpeg 1600w\" sizes=\"auto, (max-width: 249px) 100vw, 249px\" \/><\/a><\/p>\n<p>En el pasado no lejano condujo taxi por las calles de C\u00facuta. Un d\u00eda emprendi\u00f3 viaje para Cali, donde tambi\u00e9n estuvo al volante de un autom\u00f3vil amarillo. Mientras prestaba el servicio p\u00fablico, complement\u00f3 los ingresos con el expendio de caf\u00e9 a domicilio. El aroma del grano gustaba a los pasajeros y se acostumbr\u00f3 tanto que pens\u00f3 en un negocio.<\/p>\n<p>Varios factores influyeron en la toma de la decisi\u00f3n que cambi\u00f3 el rumbo de la vida. Desde muchacho consume tinto, la familia ten\u00eda una finca en Ricaurte, en la frontera con Venezuela, en la que cultivaban caf\u00e9. Lo atrajo el proceso que conoci\u00f3 en la capital del Valle. Esos momentos se juntaron y mont\u00f3 la caseta en el Parque Nacional.<\/p>\n<p>Ah\u00ed, tiene la tostadora, la m\u00e1quina de moler y la greca. Elementos indispensables para preparar el caf\u00e9 que los clientes toman a cualquier hora del d\u00eda. La administraci\u00f3n municipal, a\u00f1os atr\u00e1s, le concedi\u00f3 el permiso y ahora tiene arreglada la jardinera de tal manera que los transe\u00fantes noten la diferencia, se detengan y pidan tinto, capuchino, mocasino, carajillo, expreso, frapuchino, nevado, malteada, latte y lo que se les antoje.<\/p>\n<p><a href=\"https:\/\/contraluzcucuta.co\/wp-content\/uploads\/2024\/04\/LUIS-EL-NORTENO-14.jpeg\"><img loading=\"lazy\" decoding=\"async\" class=\"alignnone  wp-image-41511 alignleft\" src=\"https:\/\/contraluzcucuta.co\/wp-content\/uploads\/2024\/04\/LUIS-EL-NORTENO-14-300x225.jpeg\" alt=\"\" width=\"248\" height=\"186\" srcset=\"https:\/\/contraluzcucuta.co\/wp-content\/uploads\/2024\/04\/LUIS-EL-NORTENO-14-300x225.jpeg 300w, https:\/\/contraluzcucuta.co\/wp-content\/uploads\/2024\/04\/LUIS-EL-NORTENO-14-600x450.jpeg 600w, https:\/\/contraluzcucuta.co\/wp-content\/uploads\/2024\/04\/LUIS-EL-NORTENO-14-1024x768.jpeg 1024w, https:\/\/contraluzcucuta.co\/wp-content\/uploads\/2024\/04\/LUIS-EL-NORTENO-14-768x576.jpeg 768w, https:\/\/contraluzcucuta.co\/wp-content\/uploads\/2024\/04\/LUIS-EL-NORTENO-14-1536x1152.jpeg 1536w, https:\/\/contraluzcucuta.co\/wp-content\/uploads\/2024\/04\/LUIS-EL-NORTENO-14.jpeg 1600w\" sizes=\"auto, (max-width: 248px) 100vw, 248px\" \/><\/a><\/p>\n<p>En Cali se capacit\u00f3 en preparaci\u00f3n, con la Federaci\u00f3n Nacional de Cafeteros. Hace la demostraci\u00f3n del tinto y lo ofrece. Sale caliente, humeante y con sabor a regi\u00f3n.<\/p>\n<ul>\n<li><em>Hay gente que le gusta, porque ve que realmente lo que va a consumir es caf\u00e9. Quiero garantizarle a la gente que se va a tomar un producto excelente.<\/em><\/li>\n<\/ul>\n<p>Sobre el proceso del grano no conoc\u00eda nada. De repente, le lleg\u00f3 la idea de construir una tostadora y se reuni\u00f3 con un vecino. Entre los dos trabajaron en el dise\u00f1o hasta dar con la m\u00e1quina pensada. En una lata de manteca crearon el prototipo. Este invento le cost\u00f3 l\u00e1grimas, porque el caf\u00e9 se pasaba de cocci\u00f3n y se quemaba. Y a empezar de nuevo.<\/p>\n<p>Hoy, el proveedor es un cultivador de Durania. Le traen el grano sin trillar y en C\u00facuta lo somete a ese proceso. Otro, de El Zulia, lo trae trillado de Pan de Az\u00facar, Campo Alicia y otras veredas. Los mezcla, porque el duraniense es dulce y el zuliano amargo. As\u00ed, consigue la textura que ofrece a los compradores.<\/p>\n<p><a href=\"https:\/\/contraluzcucuta.co\/wp-content\/uploads\/2024\/04\/LUIS-EL-NORTENO-4.jpeg\"><img loading=\"lazy\" decoding=\"async\" class=\"alignnone  wp-image-41510 alignleft\" src=\"https:\/\/contraluzcucuta.co\/wp-content\/uploads\/2024\/04\/LUIS-EL-NORTENO-4-300x225.jpeg\" alt=\"\" width=\"247\" height=\"185\" srcset=\"https:\/\/contraluzcucuta.co\/wp-content\/uploads\/2024\/04\/LUIS-EL-NORTENO-4-300x225.jpeg 300w, https:\/\/contraluzcucuta.co\/wp-content\/uploads\/2024\/04\/LUIS-EL-NORTENO-4-600x450.jpeg 600w, https:\/\/contraluzcucuta.co\/wp-content\/uploads\/2024\/04\/LUIS-EL-NORTENO-4-1024x768.jpeg 1024w, https:\/\/contraluzcucuta.co\/wp-content\/uploads\/2024\/04\/LUIS-EL-NORTENO-4-768x576.jpeg 768w, https:\/\/contraluzcucuta.co\/wp-content\/uploads\/2024\/04\/LUIS-EL-NORTENO-4-1536x1152.jpeg 1536w, https:\/\/contraluzcucuta.co\/wp-content\/uploads\/2024\/04\/LUIS-EL-NORTENO-4.jpeg 1600w\" sizes=\"auto, (max-width: 247px) 100vw, 247px\" \/><\/a><\/p>\n<p>Al principio, quer\u00eda que el negocio se llamara Motil\u00f3n, pero le hab\u00edan ganado de mano. Entonces, para no perder la identidad regional, lo bautiz\u00f3 Caf\u00e9 El Norte\u00f1o. El logotipo es el mapa de Norte de Santander.<\/p>\n<ul>\n<li><em>Desde el 2010, en C\u00facuta. Hubo un tiempo en el que casi desaparezco. Cuando abrieron los puentes internacionales ingresaron los venezolanos y se le da\u00f1\u00f3 el trabajo a mucha gente. Llegaron las tinteras, bonitas, y cualquiera las miraba, as\u00ed el caf\u00e9 no fuera de buen sabor.<\/em><\/li>\n<\/ul>\n<p>En ese tiempo se le acab\u00f3 el plante, el pr\u00e9stamo en el banco sufri\u00f3 demoras y no fue capaz de pagar esa deuda. Poco a poco levant\u00f3 cabeza apoyado en otro oficio y amortigu\u00f3 el desbalance econ\u00f3mico. Para ese negocio no hubo competencia venida del otro lado del r\u00edo T\u00e1chira.<\/p>\n<p>Tiene aprendido que en la vida no solo hay productos caros y baratos, tambi\u00e9n los hay buenos y malos. Todo tiene su precio y su diferencia. Eso para hacer referencia a la preferencia de los clientes por el caf\u00e9 que vende. Llegan de distintos puntos de la ciudad, cercanos o lejanos, y concluye que si alguien se toma la molestia de buscarlo es por la calidad que ofrece.<\/p>\n<p>Ese consumidor, en el recorrido, tropieza con infinidad de vendedores ambulantes y los esquiva.<\/p>\n<ul>\n<li><em>Ac\u00e1, tengo el extracto del caf\u00e9 preparado y lo diluyo con agua. A uno le gusta oscuro y a otro, clarito.<\/em><\/li>\n<\/ul>\n<p><a href=\"https:\/\/contraluzcucuta.co\/wp-content\/uploads\/2024\/04\/LUIS-EL-NORTENO-8.jpeg\"><img loading=\"lazy\" decoding=\"async\" class=\"alignnone  wp-image-41512 alignleft\" src=\"https:\/\/contraluzcucuta.co\/wp-content\/uploads\/2024\/04\/LUIS-EL-NORTENO-8-225x300.jpeg\" alt=\"\" width=\"207\" height=\"276\" srcset=\"https:\/\/contraluzcucuta.co\/wp-content\/uploads\/2024\/04\/LUIS-EL-NORTENO-8-225x300.jpeg 225w, https:\/\/contraluzcucuta.co\/wp-content\/uploads\/2024\/04\/LUIS-EL-NORTENO-8-600x800.jpeg 600w, https:\/\/contraluzcucuta.co\/wp-content\/uploads\/2024\/04\/LUIS-EL-NORTENO-8-768x1024.jpeg 768w, https:\/\/contraluzcucuta.co\/wp-content\/uploads\/2024\/04\/LUIS-EL-NORTENO-8-1152x1536.jpeg 1152w, https:\/\/contraluzcucuta.co\/wp-content\/uploads\/2024\/04\/LUIS-EL-NORTENO-8.jpeg 1200w\" sizes=\"auto, (max-width: 207px) 100vw, 207px\" \/><\/a><\/p>\n<p>En un costado de la caseta est\u00e1 escrita la historia del caf\u00e9 en Colombia. Y si un cliente quiere o\u00edrla en viva voz, pues Luis le recita el cuento desde el padre Romero, la penitencia a los pecadores y el cultivo en la regi\u00f3n. No deja escapar el momento para echar culpas.<\/p>\n<ul>\n<li><em>Como la idiosincrasia de los nortesantandereanos es estar pendientes de los puentes de frontera, no tomamos nada como cultura. Todo lo dejamos ir.<\/em><\/li>\n<\/ul>\n<p>Ahora, quiere alargar la idea que un d\u00eda surgi\u00f3 y le ha dado frutos. Quiere darle arraigo a esa cultura que le pertenece a la regi\u00f3n. Desea recopilar leyendas, im\u00e1genes y personajes alrededor del caf\u00e9 y va m\u00e1s all\u00e1. Tiene la disposici\u00f3n, si lo dejan y se lo permiten, de aprovechar las jardineras para montar un parque tem\u00e1tico, a escala. Servir\u00eda como atractivo tur\u00edstico.<\/p>\n<p>La prolongaci\u00f3n de la caseta es el jeep que estaciona en la avenida sexta, entre calles 12 y 13. Hace parte de la cultura cafetera y de nuevo apela a la cultura, a los viajes de los arrieros, a las cargas sobre las mulas y a la aparici\u00f3n de este veh\u00edculo tosco y duro para el trabajo por caminos escarpados.<\/p>\n<p>En la avenida 10 con calle 9, en el sector de las peleter\u00edas, abri\u00f3 sucursal del jeep. Comenz\u00f3 con bebidas fr\u00edas, luego acondicionar\u00e1 la cafetera para ofrecer el servicio integral.<\/p>\n<ul>\n<li><em>Le damos la caracter\u00edstica de tostado al caf\u00e9 para que quede neutral al paladar. La mayor\u00eda de los colombianos tienen gusto por el caf\u00e9 amargo, no gusta del suave.<\/em><\/li>\n<\/ul>\n<p><strong>RAFAEL ANTONIO PAB\u00d3N<\/strong><\/p>\n<p><strong><a href=\"mailto:rafaelpabon58@hotmail.com\">rafaelpabon58@hotmail.com<\/a><\/strong><\/p>\n","protected":false},"excerpt":{"rendered":"<p>C\u00daCUTA.- No es futbolista, no es amigo de Messi, no jugo en Barcelona, no camina como uruguayo, no habla como los nacidos en Montevideo, no es charr\u00faa ni es dentudo. \u201cOrgullosamente, soy nortesantandereano\u201d. A pesar de esa defensa geogr\u00e1fica, \u201csiempre me molestan por eso\u201d. Y es que quienes le hacen bromas tienen raz\u00f3n, porque se &hellip;<\/p>\n","protected":false},"author":1,"featured_media":41508,"comment_status":"open","ping_status":"open","sticky":false,"template":"","format":"standard","meta":{"footnotes":""},"categories":[5970,45,4],"tags":[6230,5935,6231],"class_list":["post-41507","post","type-post","status-publish","format-standard","has-post-thumbnail","hentry","category-conversaciones-de-entre-casa","category-destacado","category-barra","tag-cafe-el-norteno","tag-conversaciones-de-entre-casa","tag-luis-suarez"],"_links":{"self":[{"href":"https:\/\/contraluzcucuta.co\/index.php?rest_route=\/wp\/v2\/posts\/41507","targetHints":{"allow":["GET"]}}],"collection":[{"href":"https:\/\/contraluzcucuta.co\/index.php?rest_route=\/wp\/v2\/posts"}],"about":[{"href":"https:\/\/contraluzcucuta.co\/index.php?rest_route=\/wp\/v2\/types\/post"}],"author":[{"embeddable":true,"href":"https:\/\/contraluzcucuta.co\/index.php?rest_route=\/wp\/v2\/users\/1"}],"replies":[{"embeddable":true,"href":"https:\/\/contraluzcucuta.co\/index.php?rest_route=%2Fwp%2Fv2%2Fcomments&post=41507"}],"version-history":[{"count":1,"href":"https:\/\/contraluzcucuta.co\/index.php?rest_route=\/wp\/v2\/posts\/41507\/revisions"}],"predecessor-version":[{"id":41513,"href":"https:\/\/contraluzcucuta.co\/index.php?rest_route=\/wp\/v2\/posts\/41507\/revisions\/41513"}],"wp:featuredmedia":[{"embeddable":true,"href":"https:\/\/contraluzcucuta.co\/index.php?rest_route=\/wp\/v2\/media\/41508"}],"wp:attachment":[{"href":"https:\/\/contraluzcucuta.co\/index.php?rest_route=%2Fwp%2Fv2%2Fmedia&parent=41507"}],"wp:term":[{"taxonomy":"category","embeddable":true,"href":"https:\/\/contraluzcucuta.co\/index.php?rest_route=%2Fwp%2Fv2%2Fcategories&post=41507"},{"taxonomy":"post_tag","embeddable":true,"href":"https:\/\/contraluzcucuta.co\/index.php?rest_route=%2Fwp%2Fv2%2Ftags&post=41507"}],"curies":[{"name":"wp","href":"https:\/\/api.w.org\/{rel}","templated":true}]}}