{"id":41457,"date":"2024-04-11T15:42:23","date_gmt":"2024-04-11T20:42:23","guid":{"rendered":"https:\/\/contraluzcucuta.co\/?p=41457"},"modified":"2024-04-11T15:42:23","modified_gmt":"2024-04-11T20:42:23","slug":"conversaciones-de-entre-casa-la-vida-es-un-limbo-giuliana-racco","status":"publish","type":"post","link":"https:\/\/contraluzcucuta.co\/?p=41457","title":{"rendered":"CONVERSACIONES DE ENTRE CASA. La vida es un limbo, Giuliana Racco"},"content":{"rendered":"<p style=\"padding-left: 40px; text-align: right;\"><strong><span style=\"color: #ff9900;\">C\u00daCUTA.- Atr\u00e1s, en el patio amplio de la casona, una mujer tiende en cuerdas siete telas con inscripciones en \u00e1rabe, ingl\u00e9s, espa\u00f1ol y otros idiomas. Coordina la posici\u00f3n de los textiles, intervenidos por ciudadanos de diversos pa\u00edses. Cada uno tiene un mensaje que hace referencia a la frontera, m\u00e1s como concepto que como trazado lim\u00edtrofe.<\/span><\/strong><\/p>\n<p><a href=\"https:\/\/contraluzcucuta.co\/wp-content\/uploads\/2024\/04\/GIULIANA-RACCO-3.jpeg\"><img loading=\"lazy\" decoding=\"async\" class=\"alignnone  wp-image-41459 alignleft\" src=\"https:\/\/contraluzcucuta.co\/wp-content\/uploads\/2024\/04\/GIULIANA-RACCO-3-300x225.jpeg\" alt=\"\" width=\"247\" height=\"185\" srcset=\"https:\/\/contraluzcucuta.co\/wp-content\/uploads\/2024\/04\/GIULIANA-RACCO-3-300x225.jpeg 300w, https:\/\/contraluzcucuta.co\/wp-content\/uploads\/2024\/04\/GIULIANA-RACCO-3-600x450.jpeg 600w, https:\/\/contraluzcucuta.co\/wp-content\/uploads\/2024\/04\/GIULIANA-RACCO-3-1024x768.jpeg 1024w, https:\/\/contraluzcucuta.co\/wp-content\/uploads\/2024\/04\/GIULIANA-RACCO-3-768x576.jpeg 768w, https:\/\/contraluzcucuta.co\/wp-content\/uploads\/2024\/04\/GIULIANA-RACCO-3-1536x1152.jpeg 1536w, https:\/\/contraluzcucuta.co\/wp-content\/uploads\/2024\/04\/GIULIANA-RACCO-3.jpeg 1600w\" sizes=\"auto, (max-width: 247px) 100vw, 247px\" \/><\/a><\/p>\n<p>Giuliana Racco, artista nacida en Canad\u00e1, est\u00e1 por estos d\u00edas en C\u00facuta. Vive en Barcelona (Espa\u00f1a), es de familia de migrantes y lleva m\u00e1s de 15 a\u00f1os metida en el trabajo con fronteras desde su punto de vista como investigadora. Ha estado vinculada a la Fundaci\u00f3n El Pilar y ha participado en proyectos con otros colaboradores.<\/p>\n<p>Alex Brahim, cucute\u00f1o, fundador de Puntos Aparte, la invit\u00f3 a participar como artista en la Bienal Sur. No es la primera vez que Giuliana viene a la capital de Norte de Santander. Lo hizo en 2017 y 2019. En esas dos ocasiones llev\u00f3 a cabo trabajos relacionados con su pasi\u00f3n. La muestra de este a\u00f1o es un poco el resumen de obras que tratan cuestiones de fronteras y migraciones en diferentes partes del mundo.<\/p>\n<ul>\n<li><em>Hay dos piezas espec\u00edficas que hablan de C\u00facuta. La primera es el estilo sobreviviente, obra elaborada en un taller que se hizo con artistas venezolanos aqu\u00ed. La otra, es la Obra Nueva.<\/em><\/li>\n<\/ul>\n<p><a href=\"https:\/\/contraluzcucuta.co\/wp-content\/uploads\/2024\/04\/GIULIANA-RACCO-11.jpeg\"><img loading=\"lazy\" decoding=\"async\" class=\"alignnone  wp-image-41460 alignleft\" src=\"https:\/\/contraluzcucuta.co\/wp-content\/uploads\/2024\/04\/GIULIANA-RACCO-11-300x225.jpeg\" alt=\"\" width=\"248\" height=\"186\" srcset=\"https:\/\/contraluzcucuta.co\/wp-content\/uploads\/2024\/04\/GIULIANA-RACCO-11-300x225.jpeg 300w, https:\/\/contraluzcucuta.co\/wp-content\/uploads\/2024\/04\/GIULIANA-RACCO-11-600x450.jpeg 600w, https:\/\/contraluzcucuta.co\/wp-content\/uploads\/2024\/04\/GIULIANA-RACCO-11-1024x768.jpeg 1024w, https:\/\/contraluzcucuta.co\/wp-content\/uploads\/2024\/04\/GIULIANA-RACCO-11-768x576.jpeg 768w, https:\/\/contraluzcucuta.co\/wp-content\/uploads\/2024\/04\/GIULIANA-RACCO-11-1536x1152.jpeg 1536w, https:\/\/contraluzcucuta.co\/wp-content\/uploads\/2024\/04\/GIULIANA-RACCO-11.jpeg 1600w\" sizes=\"auto, (max-width: 248px) 100vw, 248px\" \/><\/a><\/p>\n<p>La experiencia art\u00edstica la induce a considerar que la gente lleva la frontera en el interior y hasta donde va. Quien cruza la frontera hace de su vida una frontera. A pesar de que se est\u00e1 lejos de la frontera, ese imaginario lo acompa\u00f1a a todas partes. No es una zona fija.<\/p>\n<ul>\n<li><em>C\u00facuta es el \u00fanico sitio donde la exposici\u00f3n est\u00e1 en la frontera. Normalmente, las muestras est\u00e1n en diferentes ambientes.<\/em><\/li>\n<\/ul>\n<p>Giuliana ha convivido con la migraci\u00f3n desde el hogar. Generaci\u00f3n tras generaci\u00f3n ha vivido con la migraci\u00f3n, por eso, tiene la idea que se mueve por todos lados y nunca estar\u00e1 en el sitio que le corresponde. Tambi\u00e9n, las reflexiones la trasladan a la ra\u00edz. No tener ra\u00edz no es, necesariamente, un problema.<\/p>\n<p><strong>\u00bfCu\u00e1l es el simbolismo de las frases sobre tela?<\/strong><\/p>\n<ul>\n<li><em>Es el fruto de un laboratorio que hice con un colectivo de refugiados en el sur de Suecia. Es un grupo de distintos pa\u00edses vinculados con la cultura. Le gustan el teatro, la pintura y no lo encontraban en el peque\u00f1o pueblo al que llegaron.<\/em><\/li>\n<\/ul>\n<p><a href=\"https:\/\/contraluzcucuta.co\/wp-content\/uploads\/2024\/04\/GIULIANA-RACCO-12.jpeg\"><img loading=\"lazy\" decoding=\"async\" class=\"alignnone  wp-image-41461 alignleft\" src=\"https:\/\/contraluzcucuta.co\/wp-content\/uploads\/2024\/04\/GIULIANA-RACCO-12-300x225.jpeg\" alt=\"\" width=\"247\" height=\"185\" srcset=\"https:\/\/contraluzcucuta.co\/wp-content\/uploads\/2024\/04\/GIULIANA-RACCO-12-300x225.jpeg 300w, https:\/\/contraluzcucuta.co\/wp-content\/uploads\/2024\/04\/GIULIANA-RACCO-12-600x450.jpeg 600w, https:\/\/contraluzcucuta.co\/wp-content\/uploads\/2024\/04\/GIULIANA-RACCO-12-1024x768.jpeg 1024w, https:\/\/contraluzcucuta.co\/wp-content\/uploads\/2024\/04\/GIULIANA-RACCO-12-768x576.jpeg 768w, https:\/\/contraluzcucuta.co\/wp-content\/uploads\/2024\/04\/GIULIANA-RACCO-12-1536x1152.jpeg 1536w, https:\/\/contraluzcucuta.co\/wp-content\/uploads\/2024\/04\/GIULIANA-RACCO-12.jpeg 1600w\" sizes=\"auto, (max-width: 247px) 100vw, 247px\" \/><\/a><\/p>\n<p>El trabajo se relacionaba con el limbo. El ser refugiados y no tener acceso a la escuela para estudiar idiomas, ni c\u00f3mo empezar la vida, los llev\u00f3 a pensar que esa situaci\u00f3n es como estar en un limbo perpetuo, que nunca de acaba. El trabajo se adelant\u00f3 para descubrir c\u00f3mo vivir en ese limbo.<\/p>\n<ul>\n<li><em>La vida es un limbo. Nunca sabemos lo que va a pasar, aunque depende del contexto. El grupo se llam\u00f3 Expertos del limbo, expertos en no saber qu\u00e9 va a pasar de hoy a ma\u00f1ana.<\/em><\/li>\n<\/ul>\n<p>Los textos grabados en las telas est\u00e1n relacionados con ese experimento. El mensaje iran\u00ed dice: sin el limbo no hay la vida. Es como aceptar estos estados, aunque no pasivamente, porque luego surgir\u00e1n los problemas.<\/p>\n<p><strong>\u00bfC\u00f3mo definir\u00eda el limbo en C\u00facuta?<\/strong><\/p>\n<ul>\n<li><em>Cruzamos la frontera. Hay muchos cambios desde entonces (2019). La situaci\u00f3n es totalmente diferente. La situaci\u00f3n del limbo es que no se sabe c\u00f3mo se van a solucionar los problemas. Hay una situaci\u00f3n que no se sabe para d\u00f3nde se puede ir.<\/em><\/li>\n<\/ul>\n<p><a href=\"https:\/\/contraluzcucuta.co\/wp-content\/uploads\/2024\/04\/GIULIANA-RACCO-9.jpeg\"><img loading=\"lazy\" decoding=\"async\" class=\"alignnone  wp-image-41462 alignleft\" src=\"https:\/\/contraluzcucuta.co\/wp-content\/uploads\/2024\/04\/GIULIANA-RACCO-9-300x225.jpeg\" alt=\"\" width=\"244\" height=\"183\" srcset=\"https:\/\/contraluzcucuta.co\/wp-content\/uploads\/2024\/04\/GIULIANA-RACCO-9-300x225.jpeg 300w, https:\/\/contraluzcucuta.co\/wp-content\/uploads\/2024\/04\/GIULIANA-RACCO-9-600x450.jpeg 600w, https:\/\/contraluzcucuta.co\/wp-content\/uploads\/2024\/04\/GIULIANA-RACCO-9-1024x768.jpeg 1024w, https:\/\/contraluzcucuta.co\/wp-content\/uploads\/2024\/04\/GIULIANA-RACCO-9-768x576.jpeg 768w, https:\/\/contraluzcucuta.co\/wp-content\/uploads\/2024\/04\/GIULIANA-RACCO-9-1536x1152.jpeg 1536w, https:\/\/contraluzcucuta.co\/wp-content\/uploads\/2024\/04\/GIULIANA-RACCO-9.jpeg 1600w\" sizes=\"auto, (max-width: 244px) 100vw, 244px\" \/><\/a><\/p>\n<p>Giuliana explic\u00f3 que siempre se est\u00e1 en el limbo, aunque en algunas ocasiones es m\u00e1s expl\u00edcito y m\u00e1s angustiante.<\/p>\n<p>Este viernes, tomar\u00e1 el avi\u00f3n para estar a tiempo en la exposici\u00f3n organizada en Bogot\u00e1. En el bolso de viaje lleva tres videos que ser\u00e1n la base sustancial de la presentaci\u00f3n en la capital colombiana.<\/p>\n<ul>\n<li><em>C\u00facuta, principal ciudad fronteriza entre Venezuela y Colombia, es un escenario relevante dentro de la muestra y un contexto privilegiado para su recepci\u00f3n. La crisis venezolana y el conflicto armado han generado intensos flujos migratorios, lo que convierte a la ciudad en un lugar que entrelaza problem\u00e1ticas de movilidad y coexistencia. La obra de Racco, de enfoque participativo, tiende puentes entre el arte y la sociedad e insta a la reflexi\u00f3n, transformaci\u00f3n y acci\u00f3n de comunidades migrantes y lugares de acogida. <\/em>Alex Brahim.<\/li>\n<\/ul>\n<p>El viento sacude las telas. Cada mensaje deber\u00e1 dejar una ense\u00f1anza entre los asistentes al Museo Norte de Santander y Ciudad de C\u00facuta que tendr\u00e1 abierta la muestra Encrucijada hasta el 30 de abril.<\/p>\n<p><strong>RAFAEL ANTONIO PAB\u00d3N<\/strong><\/p>\n<p><strong><a href=\"mailto:rafaelpabon58@hotmail.com\">rafaelpabon58@hotmail.com<\/a><\/strong><\/p>\n","protected":false},"excerpt":{"rendered":"<p>C\u00daCUTA.- Atr\u00e1s, en el patio amplio de la casona, una mujer tiende en cuerdas siete telas con inscripciones en \u00e1rabe, ingl\u00e9s, espa\u00f1ol y otros idiomas. Coordina la posici\u00f3n de los textiles, intervenidos por ciudadanos de diversos pa\u00edses. Cada uno tiene un mensaje que hace referencia a la frontera, m\u00e1s como concepto que como trazado lim\u00edtrofe. &hellip;<\/p>\n","protected":false},"author":1,"featured_media":41458,"comment_status":"open","ping_status":"open","sticky":false,"template":"","format":"standard","meta":{"footnotes":""},"categories":[5970,45,4],"tags":[5935,1691,6221,3108,6222],"class_list":["post-41457","post","type-post","status-publish","format-standard","has-post-thumbnail","hentry","category-conversaciones-de-entre-casa","category-destacado","category-barra","tag-conversaciones-de-entre-casa","tag-fundacion-el-pilar","tag-giuliana-racco","tag-migrantes-en-la-frontera","tag-museo-norte-de-santander-y-ciudad-de-cucuta"],"_links":{"self":[{"href":"https:\/\/contraluzcucuta.co\/index.php?rest_route=\/wp\/v2\/posts\/41457","targetHints":{"allow":["GET"]}}],"collection":[{"href":"https:\/\/contraluzcucuta.co\/index.php?rest_route=\/wp\/v2\/posts"}],"about":[{"href":"https:\/\/contraluzcucuta.co\/index.php?rest_route=\/wp\/v2\/types\/post"}],"author":[{"embeddable":true,"href":"https:\/\/contraluzcucuta.co\/index.php?rest_route=\/wp\/v2\/users\/1"}],"replies":[{"embeddable":true,"href":"https:\/\/contraluzcucuta.co\/index.php?rest_route=%2Fwp%2Fv2%2Fcomments&post=41457"}],"version-history":[{"count":1,"href":"https:\/\/contraluzcucuta.co\/index.php?rest_route=\/wp\/v2\/posts\/41457\/revisions"}],"predecessor-version":[{"id":41463,"href":"https:\/\/contraluzcucuta.co\/index.php?rest_route=\/wp\/v2\/posts\/41457\/revisions\/41463"}],"wp:featuredmedia":[{"embeddable":true,"href":"https:\/\/contraluzcucuta.co\/index.php?rest_route=\/wp\/v2\/media\/41458"}],"wp:attachment":[{"href":"https:\/\/contraluzcucuta.co\/index.php?rest_route=%2Fwp%2Fv2%2Fmedia&parent=41457"}],"wp:term":[{"taxonomy":"category","embeddable":true,"href":"https:\/\/contraluzcucuta.co\/index.php?rest_route=%2Fwp%2Fv2%2Fcategories&post=41457"},{"taxonomy":"post_tag","embeddable":true,"href":"https:\/\/contraluzcucuta.co\/index.php?rest_route=%2Fwp%2Fv2%2Ftags&post=41457"}],"curies":[{"name":"wp","href":"https:\/\/api.w.org\/{rel}","templated":true}]}}