{"id":41452,"date":"2024-04-10T04:25:25","date_gmt":"2024-04-10T09:25:25","guid":{"rendered":"https:\/\/contraluzcucuta.co\/?p=41452"},"modified":"2024-04-10T04:25:25","modified_gmt":"2024-04-10T09:25:25","slug":"victimas-del-conflicto-a-todos-nos-une-un-mismo-dolor","status":"publish","type":"post","link":"https:\/\/contraluzcucuta.co\/?p=41452","title":{"rendered":"V\u00cdCTIMAS DEL CONFLICTO. \u201cA todos nos une un mismo dolor\u201d"},"content":{"rendered":"<p style=\"padding-left: 40px; text-align: right;\"><strong><span style=\"color: #ff9900;\">C\u00daCUTA.- Cuatro voces se unieron en la Quinta Teresa para conmemorar el D\u00eda de las V\u00edctimas. Cada uno present\u00f3 su caso para despertar conciencia entre los asistentes y de esa manera motivarlos a vivir. Venidos de diversos lugares del pa\u00eds, ahora est\u00e1n residenciados en C\u00facuta con una historia de resiliencia tras haber ganado la batalla a quienes los hostigaron y les cambiaron la vida.<\/span><\/strong><\/p>\n<p><a href=\"https:\/\/contraluzcucuta.co\/wp-content\/uploads\/2024\/04\/VICTIMAS-GRUPO-1.jpeg\"><img loading=\"lazy\" decoding=\"async\" class=\"alignnone  wp-image-41454 alignleft\" src=\"https:\/\/contraluzcucuta.co\/wp-content\/uploads\/2024\/04\/VICTIMAS-GRUPO-1-300x225.jpeg\" alt=\"\" width=\"247\" height=\"185\" srcset=\"https:\/\/contraluzcucuta.co\/wp-content\/uploads\/2024\/04\/VICTIMAS-GRUPO-1-300x225.jpeg 300w, https:\/\/contraluzcucuta.co\/wp-content\/uploads\/2024\/04\/VICTIMAS-GRUPO-1-600x450.jpeg 600w, https:\/\/contraluzcucuta.co\/wp-content\/uploads\/2024\/04\/VICTIMAS-GRUPO-1-1024x768.jpeg 1024w, https:\/\/contraluzcucuta.co\/wp-content\/uploads\/2024\/04\/VICTIMAS-GRUPO-1-768x576.jpeg 768w, https:\/\/contraluzcucuta.co\/wp-content\/uploads\/2024\/04\/VICTIMAS-GRUPO-1-1536x1152.jpeg 1536w, https:\/\/contraluzcucuta.co\/wp-content\/uploads\/2024\/04\/VICTIMAS-GRUPO-1.jpeg 1600w\" sizes=\"auto, (max-width: 247px) 100vw, 247px\" \/><\/a><\/p>\n<p>\u201cLo que vemos aqu\u00ed es el reflejo de una sociedad que ha sido permisiva\u201d, dijo el escritor, poeta y v\u00edctima Melfides Gulloso. Un d\u00eda tuve huir de la natal Curuman\u00ed (Cesar) para que no lo mataran. Lo persiguieron, porque pensaba diferente.<\/p>\n<p>\u201cEl principio de todos los principios se llama respeto. Mi lema es cultura para la paz\u201d, dijo en el conversatorio organizado por la Gobernaci\u00f3n, este 9 de abril. En el mensaje a las v\u00edctimas las inst\u00f3 a que \u201cdejemos de vernos como v\u00edctimas. Abandonemos el duelo y pensemos en la reconstrucci\u00f3n\u201d. A la institucionalidad le asegur\u00f3 que \u201cpara que la v\u00edctima se reencuentre debe encontrar apoyo en la instituci\u00f3n\u201d.<\/p>\n<p>Milton Jaimes Ram\u00edrez es ind\u00edgena uwa, pero quien lo ve vestido como un joven citadino normal de tez blanca no le va a creer. Para demostrar que de verdad \u201csoy del pueblo\u201d habl\u00f3 en la lengua materna y entreg\u00f3 el mensaje que trajo para la ocasi\u00f3n. \u201cMe place estar aqu\u00ed al frente de ustedes para compartir el concepto de lo que significa para nosotros ser v\u00edctimas\u201d.<\/p>\n<p><a href=\"https:\/\/contraluzcucuta.co\/wp-content\/uploads\/2024\/04\/VICTIMAS-GRUPO-2.jpeg\"><img loading=\"lazy\" decoding=\"async\" class=\"alignnone  wp-image-41455 alignleft\" src=\"https:\/\/contraluzcucuta.co\/wp-content\/uploads\/2024\/04\/VICTIMAS-GRUPO-2-300x225.jpeg\" alt=\"\" width=\"248\" height=\"186\" srcset=\"https:\/\/contraluzcucuta.co\/wp-content\/uploads\/2024\/04\/VICTIMAS-GRUPO-2-300x225.jpeg 300w, https:\/\/contraluzcucuta.co\/wp-content\/uploads\/2024\/04\/VICTIMAS-GRUPO-2-600x450.jpeg 600w, https:\/\/contraluzcucuta.co\/wp-content\/uploads\/2024\/04\/VICTIMAS-GRUPO-2-1024x768.jpeg 1024w, https:\/\/contraluzcucuta.co\/wp-content\/uploads\/2024\/04\/VICTIMAS-GRUPO-2-768x576.jpeg 768w, https:\/\/contraluzcucuta.co\/wp-content\/uploads\/2024\/04\/VICTIMAS-GRUPO-2-1536x1152.jpeg 1536w, https:\/\/contraluzcucuta.co\/wp-content\/uploads\/2024\/04\/VICTIMAS-GRUPO-2.jpeg 1600w\" sizes=\"auto, (max-width: 248px) 100vw, 248px\" \/><\/a><\/p>\n<p>Desde la ense\u00f1anza que los mayores contaron mediante mitos, cantos y rezos se refiri\u00f3 a la historia sobre c\u00f3mo el territorio ha sido victimizado. \u201cLa repercusi\u00f3n de las acciones recae en el colectivo\u201d, indic\u00f3, y record\u00f3 que los uwa tambi\u00e9n han aportado muertos al conflicto.<\/p>\n<p>Marta Mora, autora del libro El c\u00e1liz de mi sangre, escribe dese los 9 a\u00f1os. Se form\u00f3 como ni\u00f1a rebelde y al ser v\u00edctima del conflicto armado escrib\u00eda con rabia y dolor. Es cartagenera criada en C\u00facuta. La adaptaci\u00f3n a la vida en C\u00facuta fue y sigue siendo dura. \u201cAl encontrar m\u00e1s mujeres v\u00edctimas que sufrieron hechos m\u00e1s graves que el m\u00edo me di cuenta de que mi voz ten\u00eda que ser colectiva\u201d.<\/p>\n<p>Elibeth Murcia Castro, nacida en Pelaya (Cesar), a los 10 a\u00f1os lleg\u00f3 a La Gabarra (Tib\u00fa). \u201cA todos nos une un mismo dolor. No elegimos ser v\u00edctimas del conflicto armado\u201d. Es v\u00edctima de desplazamiento forzado y desaparici\u00f3n forzada, hechos que la tienen como residente en C\u00facuta, donde ha aprendido a vivir. En el mensaje para quienes hasta ahora son tomados como v\u00edctimas le pidi\u00f3 que \u201cno callen su voz, sigan hablando, apod\u00e9rense de Dios\u201d.<\/p>\n","protected":false},"excerpt":{"rendered":"<p>C\u00daCUTA.- Cuatro voces se unieron en la Quinta Teresa para conmemorar el D\u00eda de las V\u00edctimas. Cada uno present\u00f3 su caso para despertar conciencia entre los asistentes y de esa manera motivarlos a vivir. Venidos de diversos lugares del pa\u00eds, ahora est\u00e1n residenciados en C\u00facuta con una historia de resiliencia tras haber ganado la batalla &hellip;<\/p>\n","protected":false},"author":1,"featured_media":41453,"comment_status":"open","ping_status":"open","sticky":false,"template":"","format":"standard","meta":{"footnotes":""},"categories":[11,4],"tags":[2231,295],"class_list":["post-41452","post","type-post","status-publish","format-standard","has-post-thumbnail","hentry","category-cronica-roja","category-barra","tag-mesa-departamental-de-victimas","tag-victimas-del-conflicto"],"_links":{"self":[{"href":"https:\/\/contraluzcucuta.co\/index.php?rest_route=\/wp\/v2\/posts\/41452","targetHints":{"allow":["GET"]}}],"collection":[{"href":"https:\/\/contraluzcucuta.co\/index.php?rest_route=\/wp\/v2\/posts"}],"about":[{"href":"https:\/\/contraluzcucuta.co\/index.php?rest_route=\/wp\/v2\/types\/post"}],"author":[{"embeddable":true,"href":"https:\/\/contraluzcucuta.co\/index.php?rest_route=\/wp\/v2\/users\/1"}],"replies":[{"embeddable":true,"href":"https:\/\/contraluzcucuta.co\/index.php?rest_route=%2Fwp%2Fv2%2Fcomments&post=41452"}],"version-history":[{"count":1,"href":"https:\/\/contraluzcucuta.co\/index.php?rest_route=\/wp\/v2\/posts\/41452\/revisions"}],"predecessor-version":[{"id":41456,"href":"https:\/\/contraluzcucuta.co\/index.php?rest_route=\/wp\/v2\/posts\/41452\/revisions\/41456"}],"wp:featuredmedia":[{"embeddable":true,"href":"https:\/\/contraluzcucuta.co\/index.php?rest_route=\/wp\/v2\/media\/41453"}],"wp:attachment":[{"href":"https:\/\/contraluzcucuta.co\/index.php?rest_route=%2Fwp%2Fv2%2Fmedia&parent=41452"}],"wp:term":[{"taxonomy":"category","embeddable":true,"href":"https:\/\/contraluzcucuta.co\/index.php?rest_route=%2Fwp%2Fv2%2Fcategories&post=41452"},{"taxonomy":"post_tag","embeddable":true,"href":"https:\/\/contraluzcucuta.co\/index.php?rest_route=%2Fwp%2Fv2%2Ftags&post=41452"}],"curies":[{"name":"wp","href":"https:\/\/api.w.org\/{rel}","templated":true}]}}