{"id":41442,"date":"2024-04-09T06:26:42","date_gmt":"2024-04-09T11:26:42","guid":{"rendered":"https:\/\/contraluzcucuta.co\/?p=41442"},"modified":"2024-04-09T06:26:42","modified_gmt":"2024-04-09T11:26:42","slug":"9-de-abril-dia-nacional-de-la-memoria-y-solidaridad-con-las-victimas","status":"publish","type":"post","link":"https:\/\/contraluzcucuta.co\/?p=41442","title":{"rendered":"9 DE ABRIL. D\u00eda Nacional de la Memoria y Solidaridad con las V\u00edctimas"},"content":{"rendered":"<p style=\"padding-left: 40px; text-align: right;\"><strong><span style=\"color: #ff9900;\">El 9 de abril, cada a\u00f1o, de acuerdo con el art\u00edculo 142 de la Ley 1448,\u00a0 se conmemora el D\u00eda de la Memoria y Solidaridad con las V\u00edctimas del Conflicto Armado en Colombia. Tiene como finalidad concientizar a la ciudadan\u00eda acerca de los actos violentos en Colombia a causa del conflicto armado.<\/span><\/strong><\/p>\n<p>La fecha busca la reflexi\u00f3n en torno de las causas y las consecuencias del conflicto armado en el pa\u00eds. \u00a0Se hace un llamado a la solidaridad con las v\u00edctimas y las familias, y a la no violencia, para que las futuras generaciones crezcan en paz y armon\u00eda.<\/p>\n<p>\u201cLa Unidad para las V\u00edctimas ha acompa\u00f1ado el proceso de retornos y reubicaci\u00f3n de 279.533 hogares v\u00edctimas de desplazamiento. Se resalta que en atenci\u00f3n psicosocial 256.129 sobrevivientes han sido acompa\u00f1ados en el marco de acceso a la medida de rehabilitaci\u00f3n\u201d. Unidadvictimas<\/p>\n<p>Colombia cuenta con 195 Puntos Atenci\u00f3n y 34 Centros Regionales que orientan y atienden a las v\u00edctimas.<\/p>\n<p>La conmemoraci\u00f3n incluye la plantaci\u00f3n de \u00e1rboles y la entrega de semillas en los departamentos y varios consulados de Colombia. V\u00edctimas, alcald\u00edas, gobernaciones y entidades nacionales se unir\u00e1n a este acto simb\u00f3lico, que representa el nuevo proyecto de vida que las v\u00edctimas emprenden con la reparaci\u00f3n y la futura finalizaci\u00f3n del conflicto.<\/p>\n<p>El conflicto armado ha afectado el medio ambiente y el sector rural. Para los seis millones de v\u00edctimas de desplazamiento y, en general, los campesinos que abandonaron el hogar, el territorio y los frutos de la tierra son elementos fundamentales. De los 303 procesos de reparaci\u00f3n colectiva, el 40 % corresponde a comunidades \u00e9tnicas y otro 40 % a campesinas.<\/p>\n","protected":false},"excerpt":{"rendered":"<p>El 9 de abril, cada a\u00f1o, de acuerdo con el art\u00edculo 142 de la Ley 1448,\u00a0 se conmemora el D\u00eda de la Memoria y Solidaridad con las V\u00edctimas del Conflicto Armado en Colombia. Tiene como finalidad concientizar a la ciudadan\u00eda acerca de los actos violentos en Colombia a causa del conflicto armado. La fecha busca &hellip;<\/p>\n","protected":false},"author":1,"featured_media":41443,"comment_status":"open","ping_status":"open","sticky":false,"template":"","format":"standard","meta":{"footnotes":""},"categories":[4,36],"tags":[4116,6218,704,1535],"class_list":["post-41442","post","type-post","status-publish","format-standard","has-post-thumbnail","hentry","category-barra","category-la-voz-del-pueblo","tag-9-de-abril-de-1948","tag-dia-de-la-memoria-y-solidaridad","tag-ley-1448","tag-victimas-del-conflicto-armado"],"_links":{"self":[{"href":"https:\/\/contraluzcucuta.co\/index.php?rest_route=\/wp\/v2\/posts\/41442","targetHints":{"allow":["GET"]}}],"collection":[{"href":"https:\/\/contraluzcucuta.co\/index.php?rest_route=\/wp\/v2\/posts"}],"about":[{"href":"https:\/\/contraluzcucuta.co\/index.php?rest_route=\/wp\/v2\/types\/post"}],"author":[{"embeddable":true,"href":"https:\/\/contraluzcucuta.co\/index.php?rest_route=\/wp\/v2\/users\/1"}],"replies":[{"embeddable":true,"href":"https:\/\/contraluzcucuta.co\/index.php?rest_route=%2Fwp%2Fv2%2Fcomments&post=41442"}],"version-history":[{"count":1,"href":"https:\/\/contraluzcucuta.co\/index.php?rest_route=\/wp\/v2\/posts\/41442\/revisions"}],"predecessor-version":[{"id":41444,"href":"https:\/\/contraluzcucuta.co\/index.php?rest_route=\/wp\/v2\/posts\/41442\/revisions\/41444"}],"wp:featuredmedia":[{"embeddable":true,"href":"https:\/\/contraluzcucuta.co\/index.php?rest_route=\/wp\/v2\/media\/41443"}],"wp:attachment":[{"href":"https:\/\/contraluzcucuta.co\/index.php?rest_route=%2Fwp%2Fv2%2Fmedia&parent=41442"}],"wp:term":[{"taxonomy":"category","embeddable":true,"href":"https:\/\/contraluzcucuta.co\/index.php?rest_route=%2Fwp%2Fv2%2Fcategories&post=41442"},{"taxonomy":"post_tag","embeddable":true,"href":"https:\/\/contraluzcucuta.co\/index.php?rest_route=%2Fwp%2Fv2%2Ftags&post=41442"}],"curies":[{"name":"wp","href":"https:\/\/api.w.org\/{rel}","templated":true}]}}