{"id":41439,"date":"2024-04-09T06:21:21","date_gmt":"2024-04-09T11:21:21","guid":{"rendered":"https:\/\/contraluzcucuta.co\/?p=41439"},"modified":"2024-04-09T06:21:21","modified_gmt":"2024-04-09T11:21:21","slug":"re-unir-horizontes-iniciativa-hacia-el-dialogo-en-frontera","status":"publish","type":"post","link":"https:\/\/contraluzcucuta.co\/?p=41439","title":{"rendered":"RE-UNIR HORIZONTES. Iniciativa hacia el di\u00e1logo en frontera"},"content":{"rendered":"<p style=\"padding-left: 40px; text-align: right;\"><strong><span style=\"color: #ff9900;\">C\u00daCUTA.- El conversatorio Re-Unir Horizontes, cuyo objetivo principal es fomentar la colaboraci\u00f3n y el entendimiento entre las ciudades fronterizas mediante el di\u00e1logo y la reflexi\u00f3n, se llevar\u00e1 a cabo el 12 y 13 de abril en la Universidad Sim\u00f3n Bol\u00edvar, sede C\u00facuta.<\/span><\/strong><\/p>\n<p>Mediante gesti\u00f3n del centro de estudios superiores se logr\u00f3 el auspicio del Banco de Desarrollo de Am\u00e9rica Latina y el Caribe (CAF) para desarrollar el proyecto que promueva la integraci\u00f3n transfronteriza entre representantes de organizaciones de C\u00facuta, San Crist\u00f3bal y las zonas aleda\u00f1as.<\/p>\n<p>\u201cEste evento permitir\u00e1 identificar debilidades y fortalezas que afectan o facilitan la integraci\u00f3n entre ambas sociedades en temas espec\u00edficos\u201d, explic\u00f3 Juan Diego Hern\u00e1ndez, director del doctorado en Ciencias de la Educaci\u00f3n de la Unisim\u00f3n.<\/p>\n<p>En la instituci\u00f3n educativa se dar\u00e1n cita actores representativos de Colombia y Venezuela para dialogar y construir propuestas de soluci\u00f3n en torno a educaci\u00f3n y cultura, salud y comercio. Juan Pablo Lira, director general del proyecto, manifest\u00f3 que ser\u00e1 un espacio de escucha, di\u00e1logo, reflexi\u00f3n y trabajo colaborativo.<\/p>\n<p>\u201cRepresenta un esfuerzo conjunto de ambas sociedades por retomar caminos comunes despu\u00e9s de las tensiones, consecuencias y dificultades que la crisis fronteriza ha dejado en nuestros territorios\u201d, dijo Lira.<\/p>\n","protected":false},"excerpt":{"rendered":"<p>C\u00daCUTA.- El conversatorio Re-Unir Horizontes, cuyo objetivo principal es fomentar la colaboraci\u00f3n y el entendimiento entre las ciudades fronterizas mediante el di\u00e1logo y la reflexi\u00f3n, se llevar\u00e1 a cabo el 12 y 13 de abril en la Universidad Sim\u00f3n Bol\u00edvar, sede C\u00facuta. Mediante gesti\u00f3n del centro de estudios superiores se logr\u00f3 el auspicio del Banco &hellip;<\/p>\n","protected":false},"author":1,"featured_media":41440,"comment_status":"open","ping_status":"open","sticky":false,"template":"","format":"standard","meta":{"footnotes":""},"categories":[74,4],"tags":[6217,127],"class_list":["post-41439","post","type-post","status-publish","format-standard","has-post-thumbnail","hentry","category-aula-universitaria","category-barra","tag-re-unir-horizontes","tag-universidad-simon-bolivar"],"_links":{"self":[{"href":"https:\/\/contraluzcucuta.co\/index.php?rest_route=\/wp\/v2\/posts\/41439","targetHints":{"allow":["GET"]}}],"collection":[{"href":"https:\/\/contraluzcucuta.co\/index.php?rest_route=\/wp\/v2\/posts"}],"about":[{"href":"https:\/\/contraluzcucuta.co\/index.php?rest_route=\/wp\/v2\/types\/post"}],"author":[{"embeddable":true,"href":"https:\/\/contraluzcucuta.co\/index.php?rest_route=\/wp\/v2\/users\/1"}],"replies":[{"embeddable":true,"href":"https:\/\/contraluzcucuta.co\/index.php?rest_route=%2Fwp%2Fv2%2Fcomments&post=41439"}],"version-history":[{"count":1,"href":"https:\/\/contraluzcucuta.co\/index.php?rest_route=\/wp\/v2\/posts\/41439\/revisions"}],"predecessor-version":[{"id":41441,"href":"https:\/\/contraluzcucuta.co\/index.php?rest_route=\/wp\/v2\/posts\/41439\/revisions\/41441"}],"wp:featuredmedia":[{"embeddable":true,"href":"https:\/\/contraluzcucuta.co\/index.php?rest_route=\/wp\/v2\/media\/41440"}],"wp:attachment":[{"href":"https:\/\/contraluzcucuta.co\/index.php?rest_route=%2Fwp%2Fv2%2Fmedia&parent=41439"}],"wp:term":[{"taxonomy":"category","embeddable":true,"href":"https:\/\/contraluzcucuta.co\/index.php?rest_route=%2Fwp%2Fv2%2Fcategories&post=41439"},{"taxonomy":"post_tag","embeddable":true,"href":"https:\/\/contraluzcucuta.co\/index.php?rest_route=%2Fwp%2Fv2%2Ftags&post=41439"}],"curies":[{"name":"wp","href":"https:\/\/api.w.org\/{rel}","templated":true}]}}