{"id":41431,"date":"2024-04-09T05:55:56","date_gmt":"2024-04-09T10:55:56","guid":{"rendered":"https:\/\/contraluzcucuta.co\/?p=41431"},"modified":"2024-04-09T05:55:56","modified_gmt":"2024-04-09T10:55:56","slug":"tres-tareas-prioritarias-mantenimiento-preventivo-y-correctivo-de-los-6-puentes","status":"publish","type":"post","link":"https:\/\/contraluzcucuta.co\/?p=41431","title":{"rendered":"TRES TAREAS PRIORITARIAS. Mantenimiento preventivo y correctivo de los 6 puentes"},"content":{"rendered":"<p style=\"padding-left: 40px; text-align: right;\"><strong><span style=\"color: #ff9900;\">C\u00daCUTA.- Los ministros de Relaciones Exteriores (e), Luis Gilberto Murillo, y su hom\u00f3logo de Venezuela, Yv\u00e1n Eduardo Gil, trataron temas estrat\u00e9gicos de la agenda bilateral y asuntos de impacto regional. Entre los asuntos que se pusieron en la mesa destacan:<\/span><\/strong><\/p>\n<p><a href=\"https:\/\/contraluzcucuta.co\/wp-content\/uploads\/2024\/04\/PUENTE-FRANCISCO-DE-PAULA-3A.jpg\"><img loading=\"lazy\" decoding=\"async\" class=\"alignnone  wp-image-41433 alignleft\" src=\"https:\/\/contraluzcucuta.co\/wp-content\/uploads\/2024\/04\/PUENTE-FRANCISCO-DE-PAULA-3A-300x210.jpg\" alt=\"\" width=\"247\" height=\"173\" srcset=\"https:\/\/contraluzcucuta.co\/wp-content\/uploads\/2024\/04\/PUENTE-FRANCISCO-DE-PAULA-3A-300x210.jpg 300w, https:\/\/contraluzcucuta.co\/wp-content\/uploads\/2024\/04\/PUENTE-FRANCISCO-DE-PAULA-3A-600x419.jpg 600w, https:\/\/contraluzcucuta.co\/wp-content\/uploads\/2024\/04\/PUENTE-FRANCISCO-DE-PAULA-3A-768x536.jpg 768w, https:\/\/contraluzcucuta.co\/wp-content\/uploads\/2024\/04\/PUENTE-FRANCISCO-DE-PAULA-3A.jpg 836w\" sizes=\"auto, (max-width: 247px) 100vw, 247px\" \/><\/a><\/p>\n<ol>\n<li>Acordar y adoptar el Reglamento de la Comisi\u00f3n<\/li>\n<li>Aprobaci\u00f3n y adopci\u00f3n del instrumento de habilitaci\u00f3n formal del Puente Internacional Atanasio Girardot como Paso Fronterizo Internacional<\/li>\n<li>Priorizaci\u00f3n de las intervenciones en los seis pasos de frontera terrestre existentes a partir de las inspecciones conjuntas, con la definici\u00f3n de un cronograma para las obras de mantenimiento preventivo y correctivo binacional de la infraestructura fronteriza.<\/li>\n<\/ol>\n<p>Adem\u00e1s, dialogaron sobre cooperaci\u00f3n en asuntos de defensa y seguridad a partir de protocolos que permitan el intercambio de informaci\u00f3n con la interlocuci\u00f3n permanente entre mandos regionales, y la necesidad de profundizar la discusi\u00f3n del fen\u00f3meno migratorio que afecta a los dos pa\u00edses. Al respecto, se resalt\u00f3 que Colombia ha creado cinco consulados en territorio venezolano.<\/p>\n<p>El Viceministro de Relaciones Exteriores, Francisco Coy; el Embajador de Colombia ante Venezuela, Milton Rengifo Hern\u00e1ndez, y el Gobernador de Norte de Santander, William Villamizar Laguado, tambi\u00e9n integraron la delegaci\u00f3n colombiana.<\/p>\n","protected":false},"excerpt":{"rendered":"<p>C\u00daCUTA.- Los ministros de Relaciones Exteriores (e), Luis Gilberto Murillo, y su hom\u00f3logo de Venezuela, Yv\u00e1n Eduardo Gil, trataron temas estrat\u00e9gicos de la agenda bilateral y asuntos de impacto regional. Entre los asuntos que se pusieron en la mesa destacan: Acordar y adoptar el Reglamento de la Comisi\u00f3n Aprobaci\u00f3n y adopci\u00f3n del instrumento de habilitaci\u00f3n &hellip;<\/p>\n","protected":false},"author":1,"featured_media":41432,"comment_status":"open","ping_status":"open","sticky":false,"template":"","format":"standard","meta":{"footnotes":""},"categories":[45,4],"tags":[812,6216,893],"class_list":["post-41431","post","type-post","status-publish","format-standard","has-post-thumbnail","hentry","category-destacado","category-barra","tag-cancilleres-de-colombia-y-venezuela","tag-ministro-luis-gilberto-murillo","tag-puentes-internacionales"],"_links":{"self":[{"href":"https:\/\/contraluzcucuta.co\/index.php?rest_route=\/wp\/v2\/posts\/41431","targetHints":{"allow":["GET"]}}],"collection":[{"href":"https:\/\/contraluzcucuta.co\/index.php?rest_route=\/wp\/v2\/posts"}],"about":[{"href":"https:\/\/contraluzcucuta.co\/index.php?rest_route=\/wp\/v2\/types\/post"}],"author":[{"embeddable":true,"href":"https:\/\/contraluzcucuta.co\/index.php?rest_route=\/wp\/v2\/users\/1"}],"replies":[{"embeddable":true,"href":"https:\/\/contraluzcucuta.co\/index.php?rest_route=%2Fwp%2Fv2%2Fcomments&post=41431"}],"version-history":[{"count":1,"href":"https:\/\/contraluzcucuta.co\/index.php?rest_route=\/wp\/v2\/posts\/41431\/revisions"}],"predecessor-version":[{"id":41434,"href":"https:\/\/contraluzcucuta.co\/index.php?rest_route=\/wp\/v2\/posts\/41431\/revisions\/41434"}],"wp:featuredmedia":[{"embeddable":true,"href":"https:\/\/contraluzcucuta.co\/index.php?rest_route=\/wp\/v2\/media\/41432"}],"wp:attachment":[{"href":"https:\/\/contraluzcucuta.co\/index.php?rest_route=%2Fwp%2Fv2%2Fmedia&parent=41431"}],"wp:term":[{"taxonomy":"category","embeddable":true,"href":"https:\/\/contraluzcucuta.co\/index.php?rest_route=%2Fwp%2Fv2%2Fcategories&post=41431"},{"taxonomy":"post_tag","embeddable":true,"href":"https:\/\/contraluzcucuta.co\/index.php?rest_route=%2Fwp%2Fv2%2Ftags&post=41431"}],"curies":[{"name":"wp","href":"https:\/\/api.w.org\/{rel}","templated":true}]}}