{"id":41417,"date":"2024-04-08T04:53:54","date_gmt":"2024-04-08T09:53:54","guid":{"rendered":"https:\/\/contraluzcucuta.co\/?p=41417"},"modified":"2024-04-08T04:53:54","modified_gmt":"2024-04-08T09:53:54","slug":"gobernadores-puente-union-listo-para-la-apertura","status":"publish","type":"post","link":"https:\/\/contraluzcucuta.co\/?p=41417","title":{"rendered":"GOBERNADORES. Puente Uni\u00f3n, listo para la apertura"},"content":{"rendered":"<p style=\"padding-left: 40px; text-align: right;\"><strong><span style=\"color: #ff9900;\">C\u00daCUTA.- El paso de veh\u00edculos particulares y de carga por Puente Uni\u00f3n, que conecta a Puerto Santander con Boca de Grita podr\u00eda darse este 11 de abril. As\u00ed fue planteado en el \u00faltimo encuentro entre los gobernadores de Norte de Santander, William Villamizar, y del estado T\u00e1chira, Fredy Bernal. El puente Atanasio Girardot se ha convertido en el escenario ideal para los encuentros de los mandatarios.<\/span><\/strong><\/p>\n<p><a href=\"https:\/\/contraluzcucuta.co\/wp-content\/uploads\/2024\/04\/GOBERNADOR-FREDY-BERNAL-1-scaled.jpg\"><img loading=\"lazy\" decoding=\"async\" class=\"alignnone  wp-image-41419 alignleft\" src=\"https:\/\/contraluzcucuta.co\/wp-content\/uploads\/2024\/04\/GOBERNADOR-FREDY-BERNAL-1-300x200.jpg\" alt=\"\" width=\"248\" height=\"165\" srcset=\"https:\/\/contraluzcucuta.co\/wp-content\/uploads\/2024\/04\/GOBERNADOR-FREDY-BERNAL-1-300x200.jpg 300w, https:\/\/contraluzcucuta.co\/wp-content\/uploads\/2024\/04\/GOBERNADOR-FREDY-BERNAL-1-600x400.jpg 600w, https:\/\/contraluzcucuta.co\/wp-content\/uploads\/2024\/04\/GOBERNADOR-FREDY-BERNAL-1-1024x683.jpg 1024w, https:\/\/contraluzcucuta.co\/wp-content\/uploads\/2024\/04\/GOBERNADOR-FREDY-BERNAL-1-768x512.jpg 768w, https:\/\/contraluzcucuta.co\/wp-content\/uploads\/2024\/04\/GOBERNADOR-FREDY-BERNAL-1-1536x1024.jpg 1536w, https:\/\/contraluzcucuta.co\/wp-content\/uploads\/2024\/04\/GOBERNADOR-FREDY-BERNAL-1-2048x1366.jpg 2048w, https:\/\/contraluzcucuta.co\/wp-content\/uploads\/2024\/04\/GOBERNADOR-FREDY-BERNAL-1-310x205.jpg 310w\" sizes=\"auto, (max-width: 248px) 100vw, 248px\" \/><\/a><\/p>\n<p>\u201cEstas reuniones permiten resolver temas puntuales\u201d, dijo Villamizar. Para la apertura del puente en Puerto Santander \u201csolo hace falta ultimar detalles aduaneros para lograr el paso de carga\u201d. Las gestiones de Bernal dar\u00e1n fruto este jueves.<\/p>\n<p>Tambi\u00e9n, hablaron de c\u00f3mo combatir con mayor eficacia la delincuencia y el contrabando en la frontera colombo-venezolana y la necesidad de volver a la circulaci\u00f3n permanente por los puentes internacionales. En este momento, el paso est\u00e1 restringido en las noches. Esta situaci\u00f3n es aprovechada para la utilizaci\u00f3n de los caminos ilegales para transitar y agilizar el comercio ilegal de mercader\u00edas.<\/p>\n<p>Norte de Santander y el estado T\u00e1chira est\u00e1n conectados por los puentes Sim\u00f3n Bol\u00edvar, entre Villa del Rosario y San Antonio; Francisco de Paula Santander, que une a C\u00facuta con Ure\u00f1a; Atanasio Girardot, va de Villa del Rosario a Tienditas, y Puente Uni\u00f3n, conecta a\u00a0 Puerto Santander con Boca de Grita.<\/p>\n<p>Los gobernadores de Norte de Santander, William Villamizar, y del estado T\u00e1chira, Fredy Bernal, volvieron a reunirse para hablar de los problemas que comparten en la frontera. Entre los aspectos tratados por los gobernantes destacan:<\/p>\n<ul>\n<li>Avances en el restablecimiento de las relaciones entre Colombia y Venezuela.<\/li>\n<li>Apertura permanente de la frontera.<\/li>\n<li>Intercambio de informaci\u00f3n puntual entre ambos territorios para ubicar bandas criminales instaladas a lo largo de la frontera.<\/li>\n<li>Posibilidad de construir un malec\u00f3n o parque fronterizo binacional entre San Antonio y La Parada.<\/li>\n<\/ul>\n<p>Con informaci\u00f3n de <strong>LUIS TOB\u00d3N \u2013 Gobernaci\u00f3n de Norte de Santander<\/strong><\/p>\n","protected":false},"excerpt":{"rendered":"<p>C\u00daCUTA.- El paso de veh\u00edculos particulares y de carga por Puente Uni\u00f3n, que conecta a Puerto Santander con Boca de Grita podr\u00eda darse este 11 de abril. As\u00ed fue planteado en el \u00faltimo encuentro entre los gobernadores de Norte de Santander, William Villamizar, y del estado T\u00e1chira, Fredy Bernal. El puente Atanasio Girardot se ha &hellip;<\/p>\n","protected":false},"author":1,"featured_media":41418,"comment_status":"open","ping_status":"open","sticky":false,"template":"","format":"standard","meta":{"footnotes":""},"categories":[4,6],"tags":[5437,1370,6213,489,2092],"class_list":["post-41417","post","type-post","status-publish","format-standard","has-post-thumbnail","hentry","category-barra","category-ojo-avizor","tag-fredy-bernal","tag-gobernador-de-norte-de-santander","tag-puente-union","tag-puerto-santander","tag-william-villamizar"],"_links":{"self":[{"href":"https:\/\/contraluzcucuta.co\/index.php?rest_route=\/wp\/v2\/posts\/41417","targetHints":{"allow":["GET"]}}],"collection":[{"href":"https:\/\/contraluzcucuta.co\/index.php?rest_route=\/wp\/v2\/posts"}],"about":[{"href":"https:\/\/contraluzcucuta.co\/index.php?rest_route=\/wp\/v2\/types\/post"}],"author":[{"embeddable":true,"href":"https:\/\/contraluzcucuta.co\/index.php?rest_route=\/wp\/v2\/users\/1"}],"replies":[{"embeddable":true,"href":"https:\/\/contraluzcucuta.co\/index.php?rest_route=%2Fwp%2Fv2%2Fcomments&post=41417"}],"version-history":[{"count":1,"href":"https:\/\/contraluzcucuta.co\/index.php?rest_route=\/wp\/v2\/posts\/41417\/revisions"}],"predecessor-version":[{"id":41420,"href":"https:\/\/contraluzcucuta.co\/index.php?rest_route=\/wp\/v2\/posts\/41417\/revisions\/41420"}],"wp:featuredmedia":[{"embeddable":true,"href":"https:\/\/contraluzcucuta.co\/index.php?rest_route=\/wp\/v2\/media\/41418"}],"wp:attachment":[{"href":"https:\/\/contraluzcucuta.co\/index.php?rest_route=%2Fwp%2Fv2%2Fmedia&parent=41417"}],"wp:term":[{"taxonomy":"category","embeddable":true,"href":"https:\/\/contraluzcucuta.co\/index.php?rest_route=%2Fwp%2Fv2%2Fcategories&post=41417"},{"taxonomy":"post_tag","embeddable":true,"href":"https:\/\/contraluzcucuta.co\/index.php?rest_route=%2Fwp%2Fv2%2Ftags&post=41417"}],"curies":[{"name":"wp","href":"https:\/\/api.w.org\/{rel}","templated":true}]}}