{"id":41389,"date":"2024-04-05T22:07:52","date_gmt":"2024-04-06T03:07:52","guid":{"rendered":"https:\/\/contraluzcucuta.co\/?p=41389"},"modified":"2024-04-05T22:07:52","modified_gmt":"2024-04-06T03:07:52","slug":"conversaciones-de-entre-casa-jugue-con-pelotas-de-trapo-y-patee-la-superbola-jose-henio-ojeda","status":"publish","type":"post","link":"https:\/\/contraluzcucuta.co\/?p=41389","title":{"rendered":"CONVERSACIONES DE ENTRE CASA. Jugu\u00e9 con pelotas de trapo y pate\u00e9 la superbola, Jos\u00e9 Henio Ojeda"},"content":{"rendered":"<p style=\"padding-left: 40px; text-align: right;\"><strong><span style=\"color: #ff9900;\">C\u00daCUTA.- Tiene 96 a\u00f1os y la mente clara. As\u00ed como habla del pasado, hace referencias al presente. Jug\u00f3 en la selecci\u00f3n Norte y particip\u00f3 en torneos nacionales. Visti\u00f3 la camiseta rojinegra y prefiri\u00f3 el toldo en el mercado p\u00fablico. Jug\u00f3 con pelotas de trapo y pate\u00f3 la superbola.\u00a0 Correte\u00f3 por las calles y actu\u00f3 en el estadio. Vio nacer al C\u00facuta Deportivo y est\u00e1 seguro de que el club no tiene 100 a\u00f1os.<\/span><\/strong><\/p>\n<p><a href=\"https:\/\/contraluzcucuta.co\/wp-content\/uploads\/2024\/04\/JOSE-OJEDA-2.jpeg\"><img loading=\"lazy\" decoding=\"async\" class=\"alignnone  wp-image-41391 alignleft\" src=\"https:\/\/contraluzcucuta.co\/wp-content\/uploads\/2024\/04\/JOSE-OJEDA-2-225x300.jpeg\" alt=\"\" width=\"209\" height=\"279\" srcset=\"https:\/\/contraluzcucuta.co\/wp-content\/uploads\/2024\/04\/JOSE-OJEDA-2-225x300.jpeg 225w, https:\/\/contraluzcucuta.co\/wp-content\/uploads\/2024\/04\/JOSE-OJEDA-2-600x800.jpeg 600w, https:\/\/contraluzcucuta.co\/wp-content\/uploads\/2024\/04\/JOSE-OJEDA-2-768x1024.jpeg 768w, https:\/\/contraluzcucuta.co\/wp-content\/uploads\/2024\/04\/JOSE-OJEDA-2-1152x1536.jpeg 1152w, https:\/\/contraluzcucuta.co\/wp-content\/uploads\/2024\/04\/JOSE-OJEDA-2.jpeg 1200w\" sizes=\"auto, (max-width: 209px) 100vw, 209px\" \/><\/a><\/p>\n<p>Jos\u00e9 Henio Ojeda conserva la estatura de cuando jugaba como defensa centro, es alto. En esos a\u00f1os sal\u00eda del \u00e1rea con el bal\u00f3n en los pies, no lo lanzaba a cualquier parte, sab\u00eda qu\u00e9 hacer y lo pon\u00eda donde quer\u00eda. Poco a poco recrea la historia y pasea por situaciones que conserva frescas.<\/p>\n<p>Nacido en La Cabrera, ha resistido nueve d\u00e9cadas y media por el r\u00e9gimen de vida que lleva. Desde la ni\u00f1ez practic\u00f3 f\u00fatbol, b\u00e9isbol, atletismo y basquetbol. Hoy, hace ejercicio y camina apoyado en el bast\u00f3n. Ninguno de los hijos hered\u00f3 las cualidades balomp\u00e9dicas.<\/p>\n<p>Era la \u00e9poca del f\u00fatbol aficionado. Alejandro Guti\u00e9rrez Calder\u00f3n figura entre los iniciadores. Corr\u00eda 1924. El profesional, en 1949. A toda hora, los aficionados acompa\u00f1aban al equipo y llenaban las plazas.<\/p>\n<p>En lo personal, se sit\u00faa en 1948. Jug\u00f3 como amateur en los Juegos de Santa Marta, Popay\u00e1n (terceros en la tabla) y C\u00facuta (campeones). A pesar de ser menores de edad, enfrentaron a los profesionales. El f\u00fatbol hab\u00eda sufrido la transformaci\u00f3n y estaba depurado. Se impon\u00eda la t\u00e9cnica a la fortaleza de los comienzos.<\/p>\n<ul>\n<li><em>Fui catalogado como el primer defensa nacional y seleccionado para el Sudamericano, en Venezuela.<\/em><\/li>\n<\/ul>\n<p>Como titular de la selecci\u00f3n tuvo el honor de portar la banda de capit\u00e1n. Esas actuaciones, sumadas a las relaciones personales, lo llevaron a vestir la casaca rojinegra. Juan G\u00e1mez, \u2018Terremoto\u2019 Garc\u00eda, \u2018Chema\u2019 M\u00e9ndez, Apolinar, \u2018Palito\u2019 Medina y \u2018Fleischmann\u2019 fueron, entre otros, los compa\u00f1eros de briega motilona.<\/p>\n<p><a href=\"https:\/\/contraluzcucuta.co\/wp-content\/uploads\/2024\/04\/JOSE-OJEDA-9.jpeg\"><img loading=\"lazy\" decoding=\"async\" class=\"alignnone  wp-image-41392 alignleft\" src=\"https:\/\/contraluzcucuta.co\/wp-content\/uploads\/2024\/04\/JOSE-OJEDA-9-300x229.jpeg\" alt=\"\" width=\"245\" height=\"187\" srcset=\"https:\/\/contraluzcucuta.co\/wp-content\/uploads\/2024\/04\/JOSE-OJEDA-9-300x229.jpeg 300w, https:\/\/contraluzcucuta.co\/wp-content\/uploads\/2024\/04\/JOSE-OJEDA-9.jpeg 508w\" sizes=\"auto, (max-width: 245px) 100vw, 245px\" \/><\/a><\/p>\n<p>No sigui\u00f3 la carrera futbol\u00edstica por la situaci\u00f3n econ\u00f3mica familiar. En el mercado atend\u00eda el toldo. Llegaba a las 4:00 de la ma\u00f1ana para aprovechar la presencia de los vendedores madrugadores de productos agr\u00edcolas. Se compraba de palabra. A las 10:00 de la ma\u00f1ana, pasaban por la plata.<\/p>\n<ul>\n<li><em>En el C\u00facuta me ten\u00edan para rellenar. Me toc\u00f3 que retirarme. Ten\u00eda 24 a\u00f1os.<\/em><\/li>\n<\/ul>\n<p>Entre las an\u00e9cdotas que mantiene vivas destaca la relacionada con Adolfo Pedernera (15 de noviembre de 1918 &#8211; 12 de mayo de 1995). El Maestro militaba en Millonarios y cuando los embajadores visitaron a C\u00facuta el argentino no vino. Raz\u00f3n, cobraba $ 700 por actuar en el General Santander. Aqu\u00ed, no se hac\u00edan en taquilla sino $ 100.<\/p>\n<p>De los que cumplieron la cita en la capital nortesantandereana Ojeda resalta como los mejores a Alfredo Di Stefano (argentino), Valeriano L\u00f3pez (peruano) y Heleno de Freitas (brasile\u00f1o). Entre los motilones escogi\u00f3 a Villaverde.<\/p>\n<ul>\n<li><em>Hoy, en f\u00fatbol, hay mucho progreso. No es fuerte, sino de calidad. El futbolista tiene que ser completo.<\/em><\/li>\n<\/ul>\n<p><a href=\"https:\/\/contraluzcucuta.co\/wp-content\/uploads\/2024\/04\/JOSE-OJEDA-5.jpeg\"><img loading=\"lazy\" decoding=\"async\" class=\"alignnone  wp-image-41393 alignleft\" src=\"https:\/\/contraluzcucuta.co\/wp-content\/uploads\/2024\/04\/JOSE-OJEDA-5-300x225.jpeg\" alt=\"\" width=\"255\" height=\"191\" srcset=\"https:\/\/contraluzcucuta.co\/wp-content\/uploads\/2024\/04\/JOSE-OJEDA-5-300x225.jpeg 300w, https:\/\/contraluzcucuta.co\/wp-content\/uploads\/2024\/04\/JOSE-OJEDA-5-600x450.jpeg 600w, https:\/\/contraluzcucuta.co\/wp-content\/uploads\/2024\/04\/JOSE-OJEDA-5-1024x768.jpeg 1024w, https:\/\/contraluzcucuta.co\/wp-content\/uploads\/2024\/04\/JOSE-OJEDA-5-768x576.jpeg 768w, https:\/\/contraluzcucuta.co\/wp-content\/uploads\/2024\/04\/JOSE-OJEDA-5-1536x1152.jpeg 1536w, https:\/\/contraluzcucuta.co\/wp-content\/uploads\/2024\/04\/JOSE-OJEDA-5.jpeg 1600w\" sizes=\"auto, (max-width: 255px) 100vw, 255px\" \/><\/a><\/p>\n<p>La relaci\u00f3n amorosa entre los hinchas y el C\u00facuta comenz\u00f3 en el estadio de Carora. La mayor\u00eda llegaba a pie para disfrutar el espect\u00e1culo. Los dem\u00e1s lo hac\u00edan en los medios de transporte que pod\u00edan. Luego, el f\u00fatbol cambi\u00f3 de escenario y se traslad\u00f3 a la plazuela Libertador. Los asistentes pagaban unos pesos por la entrada.<\/p>\n<ul>\n<li><em>El primer estadio que tuvo C\u00facuta fue en Barrio Blanco. De la Vuelta de la Laja a la playa hab\u00eda cultivos de uva. Despu\u00e9s, fue el estadio General Santander.<\/em><\/li>\n<\/ul>\n<p>La \u00faltima vez que estuvo en el General fue en el 2007, con ocasi\u00f3n del partido entre Caracas F.C. y River Plate (Argentina). Ese a\u00f1o, los cucute\u00f1os vivieron una de las mejores temporadas futbol\u00edsticas. Vinieron equipos de M\u00e9xico, Brasil, Chile, Venezuela y Argentina. Los motilones los recibieron en desarrollo de la Copa Libertadores.<\/p>\n<p>Rememor\u00f3 momentos del encuentro. Primer tiempo, dominado por los venezolanos. Segundo tiempo, los argentinos cambiaron el sistema de juego con mayor toque de pelota. Marcador final: 3 \u2013 1 a favor de los caraque\u00f1os. Ocurri\u00f3 el 5 de abril. Era Jueves Santo. Hace 17 a\u00f1os.<\/p>\n<p><a href=\"https:\/\/contraluzcucuta.co\/wp-content\/uploads\/2024\/04\/JOSE-OJEDA-4.jpeg\"><img loading=\"lazy\" decoding=\"async\" class=\"alignnone  wp-image-41394 alignleft\" src=\"https:\/\/contraluzcucuta.co\/wp-content\/uploads\/2024\/04\/JOSE-OJEDA-4-300x225.jpeg\" alt=\"\" width=\"247\" height=\"185\" srcset=\"https:\/\/contraluzcucuta.co\/wp-content\/uploads\/2024\/04\/JOSE-OJEDA-4-300x225.jpeg 300w, https:\/\/contraluzcucuta.co\/wp-content\/uploads\/2024\/04\/JOSE-OJEDA-4-600x450.jpeg 600w, https:\/\/contraluzcucuta.co\/wp-content\/uploads\/2024\/04\/JOSE-OJEDA-4-1024x768.jpeg 1024w, https:\/\/contraluzcucuta.co\/wp-content\/uploads\/2024\/04\/JOSE-OJEDA-4-768x576.jpeg 768w, https:\/\/contraluzcucuta.co\/wp-content\/uploads\/2024\/04\/JOSE-OJEDA-4-1536x1152.jpeg 1536w, https:\/\/contraluzcucuta.co\/wp-content\/uploads\/2024\/04\/JOSE-OJEDA-4.jpeg 1600w\" sizes=\"auto, (max-width: 247px) 100vw, 247px\" \/><\/a><\/p>\n<p>De vuelta al presente, muestra el conocimiento que tiene del once rojinegro. Sin apuros, hace el an\u00e1lisis.<\/p>\n<ul>\n<li><em>Falta visi\u00f3n en los dirigentes. De un momento a otro va punteando y cuando hay alguna cosa que no les interesa a los due\u00f1os del f\u00fatbol no lo dejan pasar a Primera.<\/em><\/li>\n<\/ul>\n<p>Al igual que buena parte de los aficionados locales, Jos\u00e9 Henio est\u00e1 seguro de que en la A el lleno del General ser\u00e1 total. Adem\u00e1s, puede quedar campe\u00f3n. Da como ejemplo la era Pinto, primera estrella y clasificaci\u00f3n a la Libertadores.<\/p>\n<p><strong>RAFAEL ANTONIO PAB\u00d3N<\/strong><\/p>\n<p><a href=\"mailto:rafaelpabon58@hotmail.com\"><strong>rafaelpabon58@hotmail.com<\/strong><\/a><\/p>\n","protected":false},"excerpt":{"rendered":"<p>C\u00daCUTA.- Tiene 96 a\u00f1os y la mente clara. As\u00ed como habla del pasado, hace referencias al presente. Jug\u00f3 en la selecci\u00f3n Norte y particip\u00f3 en torneos nacionales. Visti\u00f3 la camiseta rojinegra y prefiri\u00f3 el toldo en el mercado p\u00fablico. Jug\u00f3 con pelotas de trapo y pate\u00f3 la superbola.\u00a0 Correte\u00f3 por las calles y actu\u00f3 en &hellip;<\/p>\n","protected":false},"author":1,"featured_media":41390,"comment_status":"open","ping_status":"open","sticky":false,"template":"","format":"standard","meta":{"footnotes":""},"categories":[5970,45,4],"tags":[910,5585,4346,5935,192],"class_list":["post-41389","post","type-post","status-publish","format-standard","has-post-thumbnail","hentry","category-conversaciones-de-entre-casa","category-destacado","category-barra","tag-acord-colombia","tag-acord-informa","tag-acord-norte","tag-conversaciones-de-entre-casa","tag-cucuta-deportivo"],"_links":{"self":[{"href":"https:\/\/contraluzcucuta.co\/index.php?rest_route=\/wp\/v2\/posts\/41389","targetHints":{"allow":["GET"]}}],"collection":[{"href":"https:\/\/contraluzcucuta.co\/index.php?rest_route=\/wp\/v2\/posts"}],"about":[{"href":"https:\/\/contraluzcucuta.co\/index.php?rest_route=\/wp\/v2\/types\/post"}],"author":[{"embeddable":true,"href":"https:\/\/contraluzcucuta.co\/index.php?rest_route=\/wp\/v2\/users\/1"}],"replies":[{"embeddable":true,"href":"https:\/\/contraluzcucuta.co\/index.php?rest_route=%2Fwp%2Fv2%2Fcomments&post=41389"}],"version-history":[{"count":1,"href":"https:\/\/contraluzcucuta.co\/index.php?rest_route=\/wp\/v2\/posts\/41389\/revisions"}],"predecessor-version":[{"id":41395,"href":"https:\/\/contraluzcucuta.co\/index.php?rest_route=\/wp\/v2\/posts\/41389\/revisions\/41395"}],"wp:featuredmedia":[{"embeddable":true,"href":"https:\/\/contraluzcucuta.co\/index.php?rest_route=\/wp\/v2\/media\/41390"}],"wp:attachment":[{"href":"https:\/\/contraluzcucuta.co\/index.php?rest_route=%2Fwp%2Fv2%2Fmedia&parent=41389"}],"wp:term":[{"taxonomy":"category","embeddable":true,"href":"https:\/\/contraluzcucuta.co\/index.php?rest_route=%2Fwp%2Fv2%2Fcategories&post=41389"},{"taxonomy":"post_tag","embeddable":true,"href":"https:\/\/contraluzcucuta.co\/index.php?rest_route=%2Fwp%2Fv2%2Ftags&post=41389"}],"curies":[{"name":"wp","href":"https:\/\/api.w.org\/{rel}","templated":true}]}}