{"id":41379,"date":"2024-04-05T04:42:03","date_gmt":"2024-04-05T09:42:03","guid":{"rendered":"https:\/\/contraluzcucuta.co\/?p=41379"},"modified":"2024-04-05T04:42:03","modified_gmt":"2024-04-05T09:42:03","slug":"paseo-cultural-la-crisis-de-los-museos-ocana-dentro-de-esta-crisis","status":"publish","type":"post","link":"https:\/\/contraluzcucuta.co\/?p=41379","title":{"rendered":"PASEO CULTURAL. La crisis de los museos, Oca\u00f1a dentro de esta crisis"},"content":{"rendered":"<p style=\"padding-left: 40px; text-align: right;\"><strong><span style=\"color: #ff9900;\">OCA\u00d1A- Norte de Santander.- En el coraz\u00f3n de Oca\u00f1a, Norte de Santander, se encuentra el museo Ant\u00f3n Garc\u00eda de Bonilla, refugio de historia y cultura que enfrenta las turbulencias de una crisis que no es ajena al panorama nacional de Colombia. La crisis de los museos en el pa\u00eds parece ser una sombra persistente que, lejos de disiparse, contin\u00faa envolviendo a instituciones encargadas de preservar el legado cultural y art\u00edstico de la naci\u00f3n. En este contexto, el museo oca\u00f1ero no es la excepci\u00f3n.<\/span><\/strong><\/p>\n<figure id=\"attachment_41381\" aria-describedby=\"caption-attachment-41381\" style=\"width: 247px\" class=\"wp-caption alignleft\"><a href=\"https:\/\/contraluzcucuta.co\/wp-content\/uploads\/2024\/04\/MUSEO-ANTON-GARCIA-3.jpg\"><img loading=\"lazy\" decoding=\"async\" class=\" wp-image-41381\" src=\"https:\/\/contraluzcucuta.co\/wp-content\/uploads\/2024\/04\/MUSEO-ANTON-GARCIA-3-300x225.jpg\" alt=\"\" width=\"247\" height=\"185\" srcset=\"https:\/\/contraluzcucuta.co\/wp-content\/uploads\/2024\/04\/MUSEO-ANTON-GARCIA-3-300x225.jpg 300w, https:\/\/contraluzcucuta.co\/wp-content\/uploads\/2024\/04\/MUSEO-ANTON-GARCIA-3-600x450.jpg 600w, https:\/\/contraluzcucuta.co\/wp-content\/uploads\/2024\/04\/MUSEO-ANTON-GARCIA-3-1024x768.jpg 1024w, https:\/\/contraluzcucuta.co\/wp-content\/uploads\/2024\/04\/MUSEO-ANTON-GARCIA-3-768x576.jpg 768w, https:\/\/contraluzcucuta.co\/wp-content\/uploads\/2024\/04\/MUSEO-ANTON-GARCIA-3-1536x1152.jpg 1536w, https:\/\/contraluzcucuta.co\/wp-content\/uploads\/2024\/04\/MUSEO-ANTON-GARCIA-3.jpg 1600w\" sizes=\"auto, (max-width: 247px) 100vw, 247px\" \/><\/a><figcaption id=\"caption-attachment-41381\" class=\"wp-caption-text\"><em>Foto: Academia de Historia de Oca\u00f1a<\/em><\/figcaption><\/figure>\n<p>La situaci\u00f3n del museo Ant\u00f3n Garc\u00eda de Bonilla es peculiar y preocupante. Entre sus paredes, llenas de historia y relatos del pasado, se esconde una realidad administrativa que refleja la incertidumbre que enfrentan muchos museos en Colombia. Se ha sabido que la instituci\u00f3n opera bajo una direcci\u00f3n que, pese a su dedicaci\u00f3n y esfuerzos, se encuentra en una posici\u00f3n vulnerable: los empleados administrativos, como director, coordinaci\u00f3n pedag\u00f3gica, contin\u00faan ejerciendo sus funciones sin contar con un contrato que respalde su puesto y trabajo. La vacante de gestor de Colecciones a\u00fan no se cubre, luego de algunos meses. Esta situaci\u00f3n no solo pone en aliviar las dificultades laborales y la falta de seguridad que enfrentan los trabajadores del sector cultural, sino que tambi\u00e9n subraya la falta de atenci\u00f3n y respuesta por parte de entidades superiores, en este caso, el museo nacional, el cual parece hacer o\u00eddos sordos ante esta problem\u00e1tica.<\/p>\n<p>La decisi\u00f3n de mantener a los colaboradores en sus puestos sin contrataci\u00f3n formal es tanto desconcertante como reveladora. Desconcertante, porque deja al descubierto la fragilidad de las estructuras administrativas y de gesti\u00f3n que sostienen a los museos en Oca\u00f1a. Reveladora, porque muestra la pasi\u00f3n y el compromiso de aquellos que, a pesar de las adversidades, eligen quedarse al tim\u00f3n, luchando por mantener viva la cultura y la historia, que estos espacios que resguardan la historia sin autonom\u00eda.<\/p>\n<figure id=\"attachment_41382\" aria-describedby=\"caption-attachment-41382\" style=\"width: 245px\" class=\"wp-caption alignleft\"><a href=\"https:\/\/contraluzcucuta.co\/wp-content\/uploads\/2024\/04\/MUSEO-ANTON-GARCIA-4.jpg\"><img loading=\"lazy\" decoding=\"async\" class=\" wp-image-41382\" src=\"https:\/\/contraluzcucuta.co\/wp-content\/uploads\/2024\/04\/MUSEO-ANTON-GARCIA-4-300x225.jpg\" alt=\"\" width=\"245\" height=\"184\" srcset=\"https:\/\/contraluzcucuta.co\/wp-content\/uploads\/2024\/04\/MUSEO-ANTON-GARCIA-4-300x225.jpg 300w, https:\/\/contraluzcucuta.co\/wp-content\/uploads\/2024\/04\/MUSEO-ANTON-GARCIA-4-600x450.jpg 600w, https:\/\/contraluzcucuta.co\/wp-content\/uploads\/2024\/04\/MUSEO-ANTON-GARCIA-4-768x576.jpg 768w, https:\/\/contraluzcucuta.co\/wp-content\/uploads\/2024\/04\/MUSEO-ANTON-GARCIA-4.jpg 800w\" sizes=\"auto, (max-width: 245px) 100vw, 245px\" \/><\/a><figcaption id=\"caption-attachment-41382\" class=\"wp-caption-text\"><em>Foto: Wikipedia<\/em><\/figcaption><\/figure>\n<p>Esta crisis no solo afecta a los que trabajan dentro de los museos, sino que tiene un impacto directo en la sociedad. Los museos son vitales para la educaci\u00f3n, el turismo y la econom\u00eda local. Representan un puente hacia el pasado, ofreciendo lecciones que pueden iluminar el camino hacia el futuro. Son espacios de reflexi\u00f3n, inspiraci\u00f3n y encuentro con nuestras ra\u00edces. Cuando estos espacios sufren, no solo se pone en riesgo el patrimonio cultural, sino que se debilita la cohesi\u00f3n social y se pierde una pieza clave en la construcci\u00f3n de la identidad nacional.<\/p>\n<p>El caso del Museo Ant\u00f3n Garc\u00eda de Bonilla es un claro llamado a la acci\u00f3n. Es imperativo que las autoridades competentes tomen cartas en el asunto, no solo resolviendo la situaci\u00f3n contractual de sus trabajadores y asegurando condiciones laborales justas para ellos y su equipo, sino tambi\u00e9n replanteando y fortaleciendo el modelo de gesti\u00f3n y financiamiento de los museos en Colombia. Deben buscarse soluciones innovadoras y sostenibles que permitan a estos espacios no solo sobrevivir sino prosperar, garantizando que las futuras generaciones puedan disfrutar y aprender de los tesoros que albergan.<\/p>\n<p>La cultura de los museos en Colombia est\u00e1 en un punto cr\u00edtico. La incertidumbre en Oca\u00f1a es solo un reflejo de una problem\u00e1tica m\u00e1s amplia que requiere atenci\u00f3n urgente. Amanecer\u00e1 y veremos qu\u00e9 pasa, pero es claro que el futuro de la cultura y el patrimonio colombiano dependen en gran medida de las acciones que se tomen hoy. La crisis de los museos no solo es una crisis de financiamiento y gesti\u00f3n, sino una crisis de valores y prioridades. Es hora de repensar y revalorizar estos espacios que son esenciales para la identidad y el alma de Colombia.<\/p>\n<p><strong>AZUCENA DELGADO RUEDA<\/strong><\/p>\n","protected":false},"excerpt":{"rendered":"<p>OCA\u00d1A- Norte de Santander.- En el coraz\u00f3n de Oca\u00f1a, Norte de Santander, se encuentra el museo Ant\u00f3n Garc\u00eda de Bonilla, refugio de historia y cultura que enfrenta las turbulencias de una crisis que no es ajena al panorama nacional de Colombia. La crisis de los museos en el pa\u00eds parece ser una sombra persistente que, &hellip;<\/p>\n","protected":false},"author":1,"featured_media":41380,"comment_status":"open","ping_status":"open","sticky":false,"template":"","format":"standard","meta":{"footnotes":""},"categories":[14,4],"tags":[5258,6197,6206,6207,404],"class_list":["post-41379","post","type-post","status-publish","format-standard","has-post-thumbnail","hentry","category-articulistas","category-barra","tag-alcaldia-de-ocana","tag-azucena-delgado-rueda","tag-museo-anton-garcia","tag-museos-de-norte-de-santander","tag-ocana"],"_links":{"self":[{"href":"https:\/\/contraluzcucuta.co\/index.php?rest_route=\/wp\/v2\/posts\/41379","targetHints":{"allow":["GET"]}}],"collection":[{"href":"https:\/\/contraluzcucuta.co\/index.php?rest_route=\/wp\/v2\/posts"}],"about":[{"href":"https:\/\/contraluzcucuta.co\/index.php?rest_route=\/wp\/v2\/types\/post"}],"author":[{"embeddable":true,"href":"https:\/\/contraluzcucuta.co\/index.php?rest_route=\/wp\/v2\/users\/1"}],"replies":[{"embeddable":true,"href":"https:\/\/contraluzcucuta.co\/index.php?rest_route=%2Fwp%2Fv2%2Fcomments&post=41379"}],"version-history":[{"count":1,"href":"https:\/\/contraluzcucuta.co\/index.php?rest_route=\/wp\/v2\/posts\/41379\/revisions"}],"predecessor-version":[{"id":41383,"href":"https:\/\/contraluzcucuta.co\/index.php?rest_route=\/wp\/v2\/posts\/41379\/revisions\/41383"}],"wp:featuredmedia":[{"embeddable":true,"href":"https:\/\/contraluzcucuta.co\/index.php?rest_route=\/wp\/v2\/media\/41380"}],"wp:attachment":[{"href":"https:\/\/contraluzcucuta.co\/index.php?rest_route=%2Fwp%2Fv2%2Fmedia&parent=41379"}],"wp:term":[{"taxonomy":"category","embeddable":true,"href":"https:\/\/contraluzcucuta.co\/index.php?rest_route=%2Fwp%2Fv2%2Fcategories&post=41379"},{"taxonomy":"post_tag","embeddable":true,"href":"https:\/\/contraluzcucuta.co\/index.php?rest_route=%2Fwp%2Fv2%2Ftags&post=41379"}],"curies":[{"name":"wp","href":"https:\/\/api.w.org\/{rel}","templated":true}]}}