{"id":41370,"date":"2024-04-04T19:57:26","date_gmt":"2024-04-05T00:57:26","guid":{"rendered":"https:\/\/contraluzcucuta.co\/?p=41370"},"modified":"2024-04-04T19:57:26","modified_gmt":"2024-04-05T00:57:26","slug":"alcaldia-y-personeria-ponen-el-ojo-en-los-habitantes-de-calle","status":"publish","type":"post","link":"https:\/\/contraluzcucuta.co\/?p=41370","title":{"rendered":"ALCALD\u00cdA Y PERSONER\u00cdA. Ponen el ojo en los habitantes de calle"},"content":{"rendered":"<p style=\"padding-left: 40px; text-align: right;\"><strong><span style=\"color: #ff9900;\">C\u00daCUTA.- La personera Ludy P\u00e1ez Ortega acompa\u00f1\u00f3 la actividad de control de habitante en condici\u00f3n de calle. Detr\u00e1s de cada rostro encontrado durante el recorrido por El Malec\u00f3n hay una historia compleja y, a veces, dolorosa.<\/span><\/strong><\/p>\n<p><a href=\"https:\/\/contraluzcucuta.co\/wp-content\/uploads\/2024\/04\/LUDY-PAEZ-HABITANTES-DE-CALLE-1.jpg\"><img loading=\"lazy\" decoding=\"async\" class=\"alignnone  wp-image-41372 alignleft\" src=\"https:\/\/contraluzcucuta.co\/wp-content\/uploads\/2024\/04\/LUDY-PAEZ-HABITANTES-DE-CALLE-1-225x300.jpg\" alt=\"\" width=\"209\" height=\"279\" srcset=\"https:\/\/contraluzcucuta.co\/wp-content\/uploads\/2024\/04\/LUDY-PAEZ-HABITANTES-DE-CALLE-1-225x300.jpg 225w, https:\/\/contraluzcucuta.co\/wp-content\/uploads\/2024\/04\/LUDY-PAEZ-HABITANTES-DE-CALLE-1.jpg 450w\" sizes=\"auto, (max-width: 209px) 100vw, 209px\" \/><\/a><\/p>\n<p>La Alcald\u00eda de C\u00facuta ha garantizado la ubicaci\u00f3n en un sitio protegido y apto para la rehabilitaci\u00f3n.<\/p>\n<p>Estas personas, que enfrentan desaf\u00edos \u00fanicos, luchan por sobrevivir a la intemperie, con un sinn\u00famero de obst\u00e1culos y en condiciones de precariedad, afectados en buena parte por el consumo de sustancias psicoactivas.<\/p>\n<p>La Personer\u00eda acompa\u00f1\u00f3 el recorrido liderado por las secretar\u00edas de Gobierno y Seguridad Ciudadana, para ser garantes de los derechos de nacionales o extrajeras que viven en las zonas del bosque ripario de El Malec\u00f3n.<\/p>\n<p><strong>Desmonte de cambuches<\/strong><\/p>\n<p>Diversas entidades municipales participaron en el despejado de la ronda h\u00eddrica del Pamplonita para devolverla al estado natural. En la fase de recuperaci\u00f3n de El Malec\u00f3n se desmontaron 15 cambuches, lo que contribuye a mejorar la est\u00e9tica y la seguridad en la zona.<\/p>\n<p>Adem\u00e1s, se rescataron 11 mascotas, en cumplimiento del compromiso con el bienestar animal y el respeto hacia todas las formas de vida. Cinco habitantes en condici\u00f3n de calle tomaron la decisi\u00f3n de acogerse al programa de rehabilitaci\u00f3n.<\/p>\n<p><a href=\"https:\/\/contraluzcucuta.co\/wp-content\/uploads\/2024\/04\/ALCALDE-ACNUR-4.jpg\"><img loading=\"lazy\" decoding=\"async\" class=\"alignnone  wp-image-41373 alignleft\" src=\"https:\/\/contraluzcucuta.co\/wp-content\/uploads\/2024\/04\/ALCALDE-ACNUR-4-300x200.jpg\" alt=\"\" width=\"246\" height=\"164\" srcset=\"https:\/\/contraluzcucuta.co\/wp-content\/uploads\/2024\/04\/ALCALDE-ACNUR-4-300x200.jpg 300w, https:\/\/contraluzcucuta.co\/wp-content\/uploads\/2024\/04\/ALCALDE-ACNUR-4-600x400.jpg 600w, https:\/\/contraluzcucuta.co\/wp-content\/uploads\/2024\/04\/ALCALDE-ACNUR-4-768x512.jpg 768w, https:\/\/contraluzcucuta.co\/wp-content\/uploads\/2024\/04\/ALCALDE-ACNUR-4-310x205.jpg 310w, https:\/\/contraluzcucuta.co\/wp-content\/uploads\/2024\/04\/ALCALDE-ACNUR-4.jpg 1024w\" sizes=\"auto, (max-width: 246px) 100vw, 246px\" \/><\/a><\/p>\n<p><strong>Acuerdo para atender a la poblaci\u00f3n vulnerable<\/strong><\/p>\n<p>El d\u00eda de la posesi\u00f3n como alcalde, Jorge Acevedo dijo que sacar\u00eda de las calles a mil hombres y mujeres. Ayer, en la firma del acuerdo de entendimiento con Acnur, afirm\u00f3 que \u201cqueremos que 500 personas salgan de esta situaci\u00f3n. Estoy seguro de que se puede hacer\u201d.<\/p>\n<p>La Alcald\u00eda de C\u00facuta y el Alto Comisionado de las Naciones Unidas para los Refugiados (Acnur) firmaron el acuerdo de entendimiento para garantizar ayudas para los habitantes de calles y a aquellos que viven en alto grado de vulnerabilidad<\/p>\n<p>Las instituciones coordinar\u00e1n y cooperar\u00e1n en la implementaci\u00f3n de acciones que fomenten la protecci\u00f3n e integraci\u00f3n de la poblaci\u00f3n refugiada y migrante proveniente de Venezuela, colombianos retornados, desplazados, personas en riesgo de apatridia y solicitantes del reconocimiento de la condici\u00f3n de refugiado.<\/p>\n<p>El acuerdo tiene como objetivo principal brindar asistencia t\u00e9cnica a la Alcald\u00eda para fortalecer la pol\u00edtica p\u00fablica, incluidos los planes de desarrollo con enfoque en edad, g\u00e9nero y diversidad, la capacidad institucional en la protecci\u00f3n y asistencia de las personas con y para las que ACNUR trabaja.<\/p>\n<p><a href=\"https:\/\/contraluzcucuta.co\/wp-content\/uploads\/2024\/04\/HABITANTES-DE-CALLE-5.jpg\"><img loading=\"lazy\" decoding=\"async\" class=\"alignnone  wp-image-41374 alignleft\" src=\"https:\/\/contraluzcucuta.co\/wp-content\/uploads\/2024\/04\/HABITANTES-DE-CALLE-5.jpg\" alt=\"\" width=\"209\" height=\"193\" \/><\/a><\/p>\n<p>Se busca fomentar una respuesta coordinada en el territorio, involucrando a instituciones del Estado de todos los \u00f3rdenes, organizaciones humanitarias y de protecci\u00f3n, tanto nacionales como internacionales.<\/p>\n<p>Entre las acciones contempladas se encuentran:<\/p>\n<ul>\n<li>Asistencia t\u00e9cnica para fortalecer los procesos de legalizaci\u00f3n de asentamientos humanos y titulaci\u00f3n de predios fiscales.<\/li>\n<li>Coordinaci\u00f3n de actividades conjuntas a favor de la integraci\u00f3n local.<\/li>\n<li>B\u00fasqueda de soluciones duraderas para quienes viven en condici\u00f3n de calle o se encuentran como refugiados y en alto grado de vulnerabilidad en la ciudad.<\/li>\n<\/ul>\n<p>Para complementar estas acciones, se instal\u00f3 la mesa t\u00e9cnica para el habitante de calle, de la cual surgir\u00e1n estrategias para atender las necesidades de los habitantes de residencia no formal.<\/p>\n<p>\u201cQueremos que 500 personas salgan de esta situaci\u00f3n. Estoy seguro de que se puede hacer. Tengo la fe puesta y queremos dejar clara una pol\u00edtica p\u00fablica para ellos, porque son seres humanos que lo necesitan\u201d, dijo Acevedo.<\/p>\n<p>&nbsp;<\/p>\n","protected":false},"excerpt":{"rendered":"<p>C\u00daCUTA.- La personera Ludy P\u00e1ez Ortega acompa\u00f1\u00f3 la actividad de control de habitante en condici\u00f3n de calle. Detr\u00e1s de cada rostro encontrado durante el recorrido por El Malec\u00f3n hay una historia compleja y, a veces, dolorosa. La Alcald\u00eda de C\u00facuta ha garantizado la ubicaci\u00f3n en un sitio protegido y apto para la rehabilitaci\u00f3n. Estas personas, &hellip;<\/p>\n","protected":false},"author":1,"featured_media":41371,"comment_status":"open","ping_status":"open","sticky":false,"template":"","format":"standard","meta":{"footnotes":""},"categories":[2625,45,4],"tags":[4173,5950,226,2953,485,2887],"class_list":["post-41370","post","type-post","status-publish","format-standard","has-post-thumbnail","hentry","category-alcaldia-de-cucuta","category-destacado","category-barra","tag-acnur","tag-alcalde-jorge-acevedo","tag-alcaldia-de-cucuta","tag-habitantes-de-calle","tag-ludy-paez-ortega","tag-personeria-de-cucuta"],"_links":{"self":[{"href":"https:\/\/contraluzcucuta.co\/index.php?rest_route=\/wp\/v2\/posts\/41370","targetHints":{"allow":["GET"]}}],"collection":[{"href":"https:\/\/contraluzcucuta.co\/index.php?rest_route=\/wp\/v2\/posts"}],"about":[{"href":"https:\/\/contraluzcucuta.co\/index.php?rest_route=\/wp\/v2\/types\/post"}],"author":[{"embeddable":true,"href":"https:\/\/contraluzcucuta.co\/index.php?rest_route=\/wp\/v2\/users\/1"}],"replies":[{"embeddable":true,"href":"https:\/\/contraluzcucuta.co\/index.php?rest_route=%2Fwp%2Fv2%2Fcomments&post=41370"}],"version-history":[{"count":1,"href":"https:\/\/contraluzcucuta.co\/index.php?rest_route=\/wp\/v2\/posts\/41370\/revisions"}],"predecessor-version":[{"id":41375,"href":"https:\/\/contraluzcucuta.co\/index.php?rest_route=\/wp\/v2\/posts\/41370\/revisions\/41375"}],"wp:featuredmedia":[{"embeddable":true,"href":"https:\/\/contraluzcucuta.co\/index.php?rest_route=\/wp\/v2\/media\/41371"}],"wp:attachment":[{"href":"https:\/\/contraluzcucuta.co\/index.php?rest_route=%2Fwp%2Fv2%2Fmedia&parent=41370"}],"wp:term":[{"taxonomy":"category","embeddable":true,"href":"https:\/\/contraluzcucuta.co\/index.php?rest_route=%2Fwp%2Fv2%2Fcategories&post=41370"},{"taxonomy":"post_tag","embeddable":true,"href":"https:\/\/contraluzcucuta.co\/index.php?rest_route=%2Fwp%2Fv2%2Ftags&post=41370"}],"curies":[{"name":"wp","href":"https:\/\/api.w.org\/{rel}","templated":true}]}}