{"id":41327,"date":"2024-04-02T20:52:10","date_gmt":"2024-04-03T01:52:10","guid":{"rendered":"https:\/\/contraluzcucuta.co\/?p=41327"},"modified":"2024-04-02T20:52:10","modified_gmt":"2024-04-03T01:52:10","slug":"conversaciones-de-entre-casa-cuando-estaba-chamo-me-aprendia-10-canciones-al-dia-marco-tulio-ostos","status":"publish","type":"post","link":"https:\/\/contraluzcucuta.co\/?p=41327","title":{"rendered":"CONVERSACIONES DE ENTRE CASA. Cuando estaba chamo me aprend\u00eda 10 canciones al d\u00eda, Marco Tulio Ostos"},"content":{"rendered":"<p style=\"padding-left: 40px; text-align: right;\"><strong><span style=\"color: #ff9900;\">C\u00daCUTA.- El 22 de abril cumplir\u00e1 70 a\u00f1os y desde los 7 canta. Un sacerdote misionero lo escuch\u00f3 y lo invit\u00f3 para que hiciera una de las voces del coro. En la escuela, en cambio, una profesora por poco trunca el camino musical. La docente no ve\u00eda con buenos ojos que llevara la ropa remendada y lo margin\u00f3 del grupo coral. A\u00f1os despu\u00e9s, se encontraron en la calle y la mujer se sorprendi\u00f3 al verlo como integrante de una orquesta. No pudo contener las l\u00e1grimas.<\/span><\/strong><\/p>\n<ul>\n<li><em>De ah\u00ed en adelante comenz\u00f3 mi carrera. Soy profesor y todos los ni\u00f1os son mis amigos. Al que no sabe cantar lo ense\u00f1o.<\/em><\/li>\n<\/ul>\n<p><a href=\"https:\/\/contraluzcucuta.co\/wp-content\/uploads\/2024\/04\/MARCO-TULIO-OSTOS-13.jpg\"><img loading=\"lazy\" decoding=\"async\" class=\"alignnone  wp-image-41329 alignleft\" src=\"https:\/\/contraluzcucuta.co\/wp-content\/uploads\/2024\/04\/MARCO-TULIO-OSTOS-13-225x300.jpg\" alt=\"\" width=\"209\" height=\"279\" srcset=\"https:\/\/contraluzcucuta.co\/wp-content\/uploads\/2024\/04\/MARCO-TULIO-OSTOS-13-225x300.jpg 225w, https:\/\/contraluzcucuta.co\/wp-content\/uploads\/2024\/04\/MARCO-TULIO-OSTOS-13-600x800.jpg 600w, https:\/\/contraluzcucuta.co\/wp-content\/uploads\/2024\/04\/MARCO-TULIO-OSTOS-13-768x1024.jpg 768w, https:\/\/contraluzcucuta.co\/wp-content\/uploads\/2024\/04\/MARCO-TULIO-OSTOS-13-1152x1536.jpg 1152w, https:\/\/contraluzcucuta.co\/wp-content\/uploads\/2024\/04\/MARCO-TULIO-OSTOS-13.jpg 1200w\" sizes=\"auto, (max-width: 209px) 100vw, 209px\" \/><\/a><\/p>\n<p>En los \u00faltimos a\u00f1os, Marco Tulio Ostos, trabaj\u00f3 en la escuela Mariscal Sucre, en San Crist\u00f3bal. El sueldo devengado no era suficiente para sufragar los gastos familiares y tom\u00f3 la iniciativa de empacar el instrumento de cuerda con el que se defiende en las calles cucute\u00f1as y comenzar de la nada. Al principio, le costaba pararse en los cruces viales, tocar, cantar y aguardar la moneda.<\/p>\n<p>Han pasado largos meses desde la primera vez que se ruboriz\u00f3 delante de un alumno que lo reconoci\u00f3. Ahora, act\u00faa con naturalidad, tiene el repertorio escogido y seg\u00fan el tiempo y el n\u00famero de canciones sabe cu\u00e1nto dinero ha ganado. Un d\u00eda bueno recoge hasta $ 100.000. Uno malo, solo $ 10.000.<\/p>\n<ul>\n<li><em>Mi sueldo all\u00e1 eran mil pesos diarios. \u00bfQu\u00e9 hago con ese dinero? Son $ 30.000 mensuales. \u00bfPara qu\u00e9 sirven?<\/em><\/li>\n<\/ul>\n<p>Comenz\u00f3 a tocar guitarra. Aprendi\u00f3 de vista mientras en la barber\u00eda le ense\u00f1aban al hermano. Hoy, tambi\u00e9n toca el cuatro y el octavo (un cuatro con cuatro cuerdas m\u00e1s) que lo acompa\u00f1\u00f3 en el recorrido por Bucaramanga y Medell\u00edn. Puede ser afinado como el cuatro o como el tiple. Ese instrumento, que lo tiene desde Barquisimeto, es el que hace sonar para deleite de conductores y peatones en una esquina cucute\u00f1a.<\/p>\n<p>La primera canci\u00f3n que interpret\u00f3 en la guitarra del hermano fue El p\u00e1jaro amarillo. De ah\u00ed en adelante se interes\u00f3 en estudiar. Ingres\u00f3 a la Escuela Departamento del Folclor, en la capital del estado T\u00e1chira. Viaj\u00f3 a Caracas para complementar el aprendizaje. Recita los nombres de los profesores y se regocija al recordar que se hicieron doctores en m\u00fasica para investigar y conocer a fondo la m\u00fasica venezolana.<\/p>\n<ul>\n<li><em>Logr\u00e9 estudiar y prepararme. Luego, me vine a San Crist\u00f3bal a trabajar como profesor en la escuela Francisco Javier Garc\u00eda Hevia (Santa Ana). Me trasladaron para la escuela Perpetuo Socorro, despu\u00e9s pas\u00e9 a las escuelas Rom\u00e1n C\u00e1rdenas, Sim\u00f3n Bol\u00edvar, Ana Dolores Fern\u00e1ndez. En la \u00faltima que estuve fue en la Mariscal Sucre.<\/em><\/li>\n<\/ul>\n<p><a href=\"https:\/\/contraluzcucuta.co\/wp-content\/uploads\/2024\/04\/MARCO-TULIO-OSTOS-10.jpg\"><img loading=\"lazy\" decoding=\"async\" class=\"alignnone  wp-image-41330 alignleft\" src=\"https:\/\/contraluzcucuta.co\/wp-content\/uploads\/2024\/04\/MARCO-TULIO-OSTOS-10-300x225.jpg\" alt=\"\" width=\"249\" height=\"187\" srcset=\"https:\/\/contraluzcucuta.co\/wp-content\/uploads\/2024\/04\/MARCO-TULIO-OSTOS-10-300x225.jpg 300w, https:\/\/contraluzcucuta.co\/wp-content\/uploads\/2024\/04\/MARCO-TULIO-OSTOS-10-600x450.jpg 600w, https:\/\/contraluzcucuta.co\/wp-content\/uploads\/2024\/04\/MARCO-TULIO-OSTOS-10-1024x768.jpg 1024w, https:\/\/contraluzcucuta.co\/wp-content\/uploads\/2024\/04\/MARCO-TULIO-OSTOS-10-768x576.jpg 768w, https:\/\/contraluzcucuta.co\/wp-content\/uploads\/2024\/04\/MARCO-TULIO-OSTOS-10-1536x1152.jpg 1536w, https:\/\/contraluzcucuta.co\/wp-content\/uploads\/2024\/04\/MARCO-TULIO-OSTOS-10.jpg 1600w\" sizes=\"auto, (max-width: 249px) 100vw, 249px\" \/><\/a><\/p>\n<p>Agradece a Dios, porque los colombianos lo han tratado bien. En el debut como artista callejero, hace siete a\u00f1os, recolect\u00f3 $ 80.000. Se anim\u00f3 y al siguiente d\u00eda regres\u00f3. Las piernas le temblaban por el miedo esc\u00e9nico. No era capaz de estirar la mano para recibir la recompensa por el trabajo que cumpl\u00eda. Gabriela, joven y paisana, se le uni\u00f3 y lo impuls\u00f3 hasta dejarlo solo.<\/p>\n<p>A las 7:00 de la ma\u00f1ana, los cucute\u00f1os que van al trabajo o a llevar los hijos a estudiar lo encuentran en uno de los cruces de la Diagonal Santander. Es un hombre menudo, que llama la atenci\u00f3n porque lleva colgado el amplificador, al que tiene conectado el micr\u00f3fono. Esos implementos los compr\u00f3 ac\u00e1, en la ciudad. Regresa a casa en la noche, lleva suficientes monedas y billetes como para animarse a madrugar de nuevo.<\/p>\n<ul>\n<li><em>Hay personas que valoran y dan lo justo, lo necesario. Lo que uno necesita. Siempre que vengo oro y le pido a Dios que me ayude.<\/em><\/li>\n<\/ul>\n<p>Rasga las cuerdas del octavo y comienza a cantar \u201ca m\u00ed dame un aguardiente, un aguardiente de ca\u00f1a, de las ca\u00f1as de mis valles y el an\u00eds de mis monta\u00f1as\u201d. Desde ni\u00f1o ha tenido especial gusto por el folclor, especialmente, de esta regi\u00f3n colombiana.<\/p>\n<p><a href=\"https:\/\/contraluzcucuta.co\/wp-content\/uploads\/2024\/04\/MARCO-TULIO-OSTOS-9.jpg\"><img loading=\"lazy\" decoding=\"async\" class=\"alignnone  wp-image-41331 alignleft\" src=\"https:\/\/contraluzcucuta.co\/wp-content\/uploads\/2024\/04\/MARCO-TULIO-OSTOS-9-300x225.jpg\" alt=\"\" width=\"248\" height=\"186\" srcset=\"https:\/\/contraluzcucuta.co\/wp-content\/uploads\/2024\/04\/MARCO-TULIO-OSTOS-9-300x225.jpg 300w, https:\/\/contraluzcucuta.co\/wp-content\/uploads\/2024\/04\/MARCO-TULIO-OSTOS-9-600x450.jpg 600w, https:\/\/contraluzcucuta.co\/wp-content\/uploads\/2024\/04\/MARCO-TULIO-OSTOS-9-1024x768.jpg 1024w, https:\/\/contraluzcucuta.co\/wp-content\/uploads\/2024\/04\/MARCO-TULIO-OSTOS-9-768x576.jpg 768w, https:\/\/contraluzcucuta.co\/wp-content\/uploads\/2024\/04\/MARCO-TULIO-OSTOS-9-1536x1152.jpg 1536w, https:\/\/contraluzcucuta.co\/wp-content\/uploads\/2024\/04\/MARCO-TULIO-OSTOS-9.jpg 1600w\" sizes=\"auto, (max-width: 248px) 100vw, 248px\" \/><\/a><\/p>\n<p>A diario, antes de salir de casa, prepara los repertorios del d\u00eda para no cansar a los \u2018clientes\u2019. Interpreta cinco veces cada canci\u00f3n y en la lista aparecen 10 t\u00edtulos. Tiene alabanzas a Dios, m\u00fasica popular, m\u00fasica colombiana y otros ritmos. Se lanza al pavimento. \u201cAntioque\u00f1a que tiene negros los ojos, cabellos rizados y los labios rojos\u201d.<\/p>\n<p>El sem\u00e1foro dura 70 segundos en cambiar de rojo a amarillo. Tiempo suficiente para ganarse al p\u00fablico. Canta durante un minuto y los restantes segundos son para pasar por entre los veh\u00edculos para recibir la paga.<\/p>\n<ul>\n<li><em>Cuando estaba chamo me aprend\u00eda 10 canciones al d\u00eda. Ahora, demoro uno o dos d\u00edas para aprenderme una.<\/em><\/li>\n<\/ul>\n<p>El d\u00eda est\u00e1 duro para la recogida de dinero. Lleva m\u00e1s de una hora ah\u00ed, plantado debajo del sem\u00e1foro. Mete la mano al bolsillo del pantal\u00f3n y saca unas pocas monedas que, comparadas con otras jornadas, son escasas. Para consolarse, se pregunta <em>\u201c\u00bfser\u00e1 que la gente no ha cobrado?\u201d<\/em>.<\/p>\n<p><strong>RAFAEL ANTONIO PAB\u00d3N<\/strong><\/p>\n<p><strong><a href=\"mailto:rafaelpabon58@hotmail.com\">rafaelpabon58@hotmail.com<\/a><\/strong><\/p>\n","protected":false},"excerpt":{"rendered":"<p>C\u00daCUTA.- El 22 de abril cumplir\u00e1 70 a\u00f1os y desde los 7 canta. Un sacerdote misionero lo escuch\u00f3 y lo invit\u00f3 para que hiciera una de las voces del coro. En la escuela, en cambio, una profesora por poco trunca el camino musical. La docente no ve\u00eda con buenos ojos que llevara la ropa remendada &hellip;<\/p>\n","protected":false},"author":1,"featured_media":41328,"comment_status":"open","ping_status":"open","sticky":false,"template":"","format":"standard","meta":{"footnotes":""},"categories":[5970,45,4],"tags":[6201,5935,2426],"class_list":["post-41327","post","type-post","status-publish","format-standard","has-post-thumbnail","hentry","category-conversaciones-de-entre-casa","category-destacado","category-barra","tag-arte-callejero","tag-conversaciones-de-entre-casa","tag-musicos-callejeros"],"_links":{"self":[{"href":"https:\/\/contraluzcucuta.co\/index.php?rest_route=\/wp\/v2\/posts\/41327","targetHints":{"allow":["GET"]}}],"collection":[{"href":"https:\/\/contraluzcucuta.co\/index.php?rest_route=\/wp\/v2\/posts"}],"about":[{"href":"https:\/\/contraluzcucuta.co\/index.php?rest_route=\/wp\/v2\/types\/post"}],"author":[{"embeddable":true,"href":"https:\/\/contraluzcucuta.co\/index.php?rest_route=\/wp\/v2\/users\/1"}],"replies":[{"embeddable":true,"href":"https:\/\/contraluzcucuta.co\/index.php?rest_route=%2Fwp%2Fv2%2Fcomments&post=41327"}],"version-history":[{"count":1,"href":"https:\/\/contraluzcucuta.co\/index.php?rest_route=\/wp\/v2\/posts\/41327\/revisions"}],"predecessor-version":[{"id":41332,"href":"https:\/\/contraluzcucuta.co\/index.php?rest_route=\/wp\/v2\/posts\/41327\/revisions\/41332"}],"wp:featuredmedia":[{"embeddable":true,"href":"https:\/\/contraluzcucuta.co\/index.php?rest_route=\/wp\/v2\/media\/41328"}],"wp:attachment":[{"href":"https:\/\/contraluzcucuta.co\/index.php?rest_route=%2Fwp%2Fv2%2Fmedia&parent=41327"}],"wp:term":[{"taxonomy":"category","embeddable":true,"href":"https:\/\/contraluzcucuta.co\/index.php?rest_route=%2Fwp%2Fv2%2Fcategories&post=41327"},{"taxonomy":"post_tag","embeddable":true,"href":"https:\/\/contraluzcucuta.co\/index.php?rest_route=%2Fwp%2Fv2%2Ftags&post=41327"}],"curies":[{"name":"wp","href":"https:\/\/api.w.org\/{rel}","templated":true}]}}