{"id":41315,"date":"2024-04-02T04:24:25","date_gmt":"2024-04-02T09:24:25","guid":{"rendered":"https:\/\/contraluzcucuta.co\/?p=41315"},"modified":"2024-04-02T04:24:25","modified_gmt":"2024-04-02T09:24:25","slug":"salud-publica-posesionados-10-gerentes-de-empresas-sociales-del-estado","status":"publish","type":"post","link":"https:\/\/contraluzcucuta.co\/?p=41315","title":{"rendered":"SALUD P\u00daBLICA. Posesionados 10 gerentes de Empresas Sociales del Estado"},"content":{"rendered":"<p style=\"padding-left: 40px; text-align: right;\"><strong><span style=\"color: #ff9900;\">C\u00daCUTA.- Diez gerentes de Empresas Sociales del Estado, del orden departamental, tomaron posesi\u00f3n en el acto presidido por el gobernador William Villamizar. Estar\u00e1n en los cargos hasta el 31 de marzo de 2028. Los funcionarios aportar\u00e1n conocimiento por la preparaci\u00f3n para garantizar la prestaci\u00f3n y el acceso al servicio.<\/span><\/strong><\/p>\n<p>\u201cNos corresponde ahora satisfacer las necesidades de las comunidades, llevar las atenciones a las veredas y corregimientos en los municipios, en sinton\u00eda con las iniciativas del Gobierno\u201d, les dijo Villamizar Laguado. Los gerentes priorizar\u00e1n la prevenci\u00f3n y la atenci\u00f3n primaria a las comunidades.<\/p>\n<p><a href=\"https:\/\/contraluzcucuta.co\/wp-content\/uploads\/2024\/04\/GOBERNADOR-POSESION-GERENTES-ESE-3A.jpg\"><img loading=\"lazy\" decoding=\"async\" class=\"alignnone  wp-image-41317 alignleft\" src=\"https:\/\/contraluzcucuta.co\/wp-content\/uploads\/2024\/04\/GOBERNADOR-POSESION-GERENTES-ESE-3A-300x227.jpg\" alt=\"\" width=\"247\" height=\"187\" srcset=\"https:\/\/contraluzcucuta.co\/wp-content\/uploads\/2024\/04\/GOBERNADOR-POSESION-GERENTES-ESE-3A-300x227.jpg 300w, https:\/\/contraluzcucuta.co\/wp-content\/uploads\/2024\/04\/GOBERNADOR-POSESION-GERENTES-ESE-3A-600x453.jpg 600w, https:\/\/contraluzcucuta.co\/wp-content\/uploads\/2024\/04\/GOBERNADOR-POSESION-GERENTES-ESE-3A-1024x773.jpg 1024w, https:\/\/contraluzcucuta.co\/wp-content\/uploads\/2024\/04\/GOBERNADOR-POSESION-GERENTES-ESE-3A-768x580.jpg 768w, https:\/\/contraluzcucuta.co\/wp-content\/uploads\/2024\/04\/GOBERNADOR-POSESION-GERENTES-ESE-3A.jpg 1086w\" sizes=\"auto, (max-width: 247px) 100vw, 247px\" \/><\/a><\/p>\n<p>Los nombramientos se dieron luego de surtido los procesos de postulaci\u00f3n y verificaci\u00f3n de cumplimiento de requisitos establecidos por la normatividad, en cuenta a formaci\u00f3n acad\u00e9mica y experiencia, seg\u00fan el nivel de complejidad de la ESE, la aplicaci\u00f3n del Test Proyectivo Gr\u00e1fico Wartegg y la revisi\u00f3n de antecedentes penales, fiscales y disciplinarios.<\/p>\n<p>Los nuevos gerentes son:<\/p>\n<ul>\n<li>Hospital Universitario Erasmo Meoz, Hernando Mora.<\/li>\n<li>Hospital San Juan de Dios de Pamplona, Luis Vergel.<\/li>\n<li>Centro de Rehabilitaci\u00f3n Cardio Neuromuscular, Leonora D\u00edaz.<\/li>\n<li>Hospital Regional Occidente \u2013 C\u00e1chira, Andrea Torres.<\/li>\n<li>Hospital Emiro Quintero Ca\u00f1izares de Oca\u00f1a, Elmer Tamayo.<\/li>\n<li>Hospital Regional Noroccidental \u2013 \u00c1brego, Jaichirley Caro.<\/li>\n<li>Hospital Regional Suroccidental \u2013 Chin\u00e1cota, Katherine Calabr\u00f3.<\/li>\n<li>Hospital Regional Norte \u2013 Tib\u00fa, Ana P\u00e9rez.<\/li>\n<li>Hospital Regional Centro \u2013 Gramalote, Claudia Julio.<\/li>\n<li>Hospital Metal Rudesindo Soto, Jes\u00fas Rinc\u00f3n.<\/li>\n<\/ul>\n<p><strong>LUIS TOB\u00d3N \u2013 Prensa Gobernaci\u00f3n<\/strong><\/p>\n","protected":false},"excerpt":{"rendered":"<p>C\u00daCUTA.- Diez gerentes de Empresas Sociales del Estado, del orden departamental, tomaron posesi\u00f3n en el acto presidido por el gobernador William Villamizar. Estar\u00e1n en los cargos hasta el 31 de marzo de 2028. Los funcionarios aportar\u00e1n conocimiento por la preparaci\u00f3n para garantizar la prestaci\u00f3n y el acceso al servicio. \u201cNos corresponde ahora satisfacer las necesidades &hellip;<\/p>\n","protected":false},"author":1,"featured_media":41316,"comment_status":"open","ping_status":"open","sticky":false,"template":"","format":"standard","meta":{"footnotes":""},"categories":[4,6011,32],"tags":[6200,6199,379,2800],"class_list":["post-41315","post","type-post","status-publish","format-standard","has-post-thumbnail","hentry","category-barra","category-gobernacion-de-norte-de-santander","category-recorrido-por-la-region","tag-ese-norte-de-santander","tag-gerentes-ese","tag-gobernacion-de-norte-de-santander","tag-gobernador-william-villamizar"],"_links":{"self":[{"href":"https:\/\/contraluzcucuta.co\/index.php?rest_route=\/wp\/v2\/posts\/41315","targetHints":{"allow":["GET"]}}],"collection":[{"href":"https:\/\/contraluzcucuta.co\/index.php?rest_route=\/wp\/v2\/posts"}],"about":[{"href":"https:\/\/contraluzcucuta.co\/index.php?rest_route=\/wp\/v2\/types\/post"}],"author":[{"embeddable":true,"href":"https:\/\/contraluzcucuta.co\/index.php?rest_route=\/wp\/v2\/users\/1"}],"replies":[{"embeddable":true,"href":"https:\/\/contraluzcucuta.co\/index.php?rest_route=%2Fwp%2Fv2%2Fcomments&post=41315"}],"version-history":[{"count":1,"href":"https:\/\/contraluzcucuta.co\/index.php?rest_route=\/wp\/v2\/posts\/41315\/revisions"}],"predecessor-version":[{"id":41318,"href":"https:\/\/contraluzcucuta.co\/index.php?rest_route=\/wp\/v2\/posts\/41315\/revisions\/41318"}],"wp:featuredmedia":[{"embeddable":true,"href":"https:\/\/contraluzcucuta.co\/index.php?rest_route=\/wp\/v2\/media\/41316"}],"wp:attachment":[{"href":"https:\/\/contraluzcucuta.co\/index.php?rest_route=%2Fwp%2Fv2%2Fmedia&parent=41315"}],"wp:term":[{"taxonomy":"category","embeddable":true,"href":"https:\/\/contraluzcucuta.co\/index.php?rest_route=%2Fwp%2Fv2%2Fcategories&post=41315"},{"taxonomy":"post_tag","embeddable":true,"href":"https:\/\/contraluzcucuta.co\/index.php?rest_route=%2Fwp%2Fv2%2Ftags&post=41315"}],"curies":[{"name":"wp","href":"https:\/\/api.w.org\/{rel}","templated":true}]}}