{"id":41311,"date":"2024-04-02T04:12:39","date_gmt":"2024-04-02T09:12:39","guid":{"rendered":"https:\/\/contraluzcucuta.co\/?p=41311"},"modified":"2024-04-02T04:12:39","modified_gmt":"2024-04-02T09:12:39","slug":"minas-antipersonal-971-victimas-entre-1990-y-2024-en-norte-de-santander","status":"publish","type":"post","link":"https:\/\/contraluzcucuta.co\/?p=41311","title":{"rendered":"MINAS ANTIPERSONAL. 971 v\u00edctimas entre 1990 y 2024, en Norte de Santander"},"content":{"rendered":"<p style=\"padding-left: 40px; text-align: right;\"><strong><span style=\"color: #ff9900;\">BOGOT\u00c1.- Este 4 de abril, se conmemora el D\u00eda Internacional para la Sensibilizaci\u00f3n Contra las Minas Antipersonal. En Norte de Santander, seg\u00fan la Base de Datos de la Oficina del Alto Comisionado para la Paz, entre 1990 y el 31 de enero de 2024, estos artefactos han dejado 971 v\u00edctimas.<\/span><\/strong><\/p>\n<p>Colombia ha afrontado el desaf\u00edo constante de la presencia de artefactos explosivos, que han dejado cifras alarmantes de v\u00edctimas. Seg\u00fan la Agencia Colombiana para la Acci\u00f3n Integral contra Minas Antipersonal (AICMA), en el 2020 se reportaron 176, cifra que, aunque ha disminuido en los \u00faltimos tres a\u00f1os a 157 (2021), 139 (2022) y 98 (2023), evidencia que a\u00fan representa peligro y riesgo para las comunidades. En lo corrido del 2024 se han registrado 24 v\u00edctimas.<\/p>\n<figure id=\"attachment_41313\" aria-describedby=\"caption-attachment-41313\" style=\"width: 247px\" class=\"wp-caption alignleft\"><a href=\"https:\/\/contraluzcucuta.co\/wp-content\/uploads\/2024\/04\/MINAS-ANTIPERSONAL-1.png\"><img loading=\"lazy\" decoding=\"async\" class=\" wp-image-41313\" src=\"https:\/\/contraluzcucuta.co\/wp-content\/uploads\/2024\/04\/MINAS-ANTIPERSONAL-1-300x225.png\" alt=\"\" width=\"247\" height=\"185\" srcset=\"https:\/\/contraluzcucuta.co\/wp-content\/uploads\/2024\/04\/MINAS-ANTIPERSONAL-1-300x225.png 300w, https:\/\/contraluzcucuta.co\/wp-content\/uploads\/2024\/04\/MINAS-ANTIPERSONAL-1-600x450.png 600w, https:\/\/contraluzcucuta.co\/wp-content\/uploads\/2024\/04\/MINAS-ANTIPERSONAL-1-1024x768.png 1024w, https:\/\/contraluzcucuta.co\/wp-content\/uploads\/2024\/04\/MINAS-ANTIPERSONAL-1-768x576.png 768w, https:\/\/contraluzcucuta.co\/wp-content\/uploads\/2024\/04\/MINAS-ANTIPERSONAL-1-1536x1152.png 1536w, https:\/\/contraluzcucuta.co\/wp-content\/uploads\/2024\/04\/MINAS-ANTIPERSONAL-1.png 1600w\" sizes=\"auto, (max-width: 247px) 100vw, 247px\" \/><\/a><figcaption id=\"caption-attachment-41313\" class=\"wp-caption-text\"><em>Foto: Cruz Roja Colombiana<\/em><\/figcaption><\/figure>\n<p>La Cruz Roja Colombiana ha desempe\u00f1ado un papel importante en la mitigaci\u00f3n de las consecuencias humanitarias derivadas de la Contaminaci\u00f3n por Armas (CpA). En los \u00faltimos cinco a\u00f1os, la entidad ha llegado a 20 departamentos, para brindar servicios esenciales a 6803 afectados por la presencia o sospecha de artefactos explosivos en las comunidades.<\/p>\n<p>\u201cEn la Cruz Roja Colombiana buscamos fortalecer la resiliencia de las comunidades afectadas, proporcionando educaci\u00f3n en el riesgo por artefactos explosivos y capacitaci\u00f3n en comportamientos seguros, aportando a la reducci\u00f3n del riesgo de accidentes o incidentes con estos dispositivos\u201d, afirm\u00f3 Doris Hern\u00e1ndez, lideresa de Construcci\u00f3n de Paz y Doctrina Institucional de la Cruz Roja Colombiana.<\/p>\n<p>De acuerdo con el reporte humanitario de la Oficina de Coordinaci\u00f3n de Asuntos Humanitarios (OCHA) se estima que en 2023 alrededor de 62.300 personas fueron desplazadas y otras 81.100 quedaron confinadas, entre otros factores, por la presencia de artefactos explosivos. Esta crisis afecta especialmente a comunidades \u00e9tnicas (ind\u00edgenas y afrocolombianas), que representan entre el 40 % y el 29 % del total de afectados.<\/p>\n","protected":false},"excerpt":{"rendered":"<p>BOGOT\u00c1.- Este 4 de abril, se conmemora el D\u00eda Internacional para la Sensibilizaci\u00f3n Contra las Minas Antipersonal. En Norte de Santander, seg\u00fan la Base de Datos de la Oficina del Alto Comisionado para la Paz, entre 1990 y el 31 de enero de 2024, estos artefactos han dejado 971 v\u00edctimas. Colombia ha afrontado el desaf\u00edo &hellip;<\/p>\n","protected":false},"author":1,"featured_media":41312,"comment_status":"open","ping_status":"open","sticky":false,"template":"","format":"standard","meta":{"footnotes":""},"categories":[45,4],"tags":[2266,299,2020],"class_list":["post-41311","post","type-post","status-publish","format-standard","has-post-thumbnail","hentry","category-destacado","category-barra","tag-cruz-roja-colombiana","tag-ejercito-de-colombia","tag-minas-antipersonal-en-norte-de-santander"],"_links":{"self":[{"href":"https:\/\/contraluzcucuta.co\/index.php?rest_route=\/wp\/v2\/posts\/41311","targetHints":{"allow":["GET"]}}],"collection":[{"href":"https:\/\/contraluzcucuta.co\/index.php?rest_route=\/wp\/v2\/posts"}],"about":[{"href":"https:\/\/contraluzcucuta.co\/index.php?rest_route=\/wp\/v2\/types\/post"}],"author":[{"embeddable":true,"href":"https:\/\/contraluzcucuta.co\/index.php?rest_route=\/wp\/v2\/users\/1"}],"replies":[{"embeddable":true,"href":"https:\/\/contraluzcucuta.co\/index.php?rest_route=%2Fwp%2Fv2%2Fcomments&post=41311"}],"version-history":[{"count":1,"href":"https:\/\/contraluzcucuta.co\/index.php?rest_route=\/wp\/v2\/posts\/41311\/revisions"}],"predecessor-version":[{"id":41314,"href":"https:\/\/contraluzcucuta.co\/index.php?rest_route=\/wp\/v2\/posts\/41311\/revisions\/41314"}],"wp:featuredmedia":[{"embeddable":true,"href":"https:\/\/contraluzcucuta.co\/index.php?rest_route=\/wp\/v2\/media\/41312"}],"wp:attachment":[{"href":"https:\/\/contraluzcucuta.co\/index.php?rest_route=%2Fwp%2Fv2%2Fmedia&parent=41311"}],"wp:term":[{"taxonomy":"category","embeddable":true,"href":"https:\/\/contraluzcucuta.co\/index.php?rest_route=%2Fwp%2Fv2%2Fcategories&post=41311"},{"taxonomy":"post_tag","embeddable":true,"href":"https:\/\/contraluzcucuta.co\/index.php?rest_route=%2Fwp%2Fv2%2Ftags&post=41311"}],"curies":[{"name":"wp","href":"https:\/\/api.w.org\/{rel}","templated":true}]}}