{"id":41305,"date":"2024-03-31T19:30:18","date_gmt":"2024-04-01T00:30:18","guid":{"rendered":"https:\/\/contraluzcucuta.co\/?p=41305"},"modified":"2024-03-31T19:35:05","modified_gmt":"2024-04-01T00:35:05","slug":"tiempo-de-pascua-el-cristianismo-no-es-una-doctrina-monsenor-oscar-urbina","status":"publish","type":"post","link":"https:\/\/contraluzcucuta.co\/?p=41305","title":{"rendered":"TIEMPO DE PASCUA. El cristianismo no es una doctrina: monse\u00f1or Oscar Urbina"},"content":{"rendered":"<p style=\"padding-left: 40px; text-align: right;\"><strong><span style=\"color: #ff9900;\">C\u00daCUTA.- Al concluir la Semana Santa, empieza el Tiempo Pascual, periodo de 50 d\u00edas, tiempo que Jes\u00fas pas\u00f3 con los ap\u00f3stoles luego de resucitar y que concluye con la venida de Pentecost\u00e9s. \u00a0<\/span><\/strong><\/p>\n<p><a href=\"https:\/\/contraluzcucuta.co\/wp-content\/uploads\/2024\/03\/MONSENOR-OSCAR-URBINA-8.jpeg\"><img loading=\"lazy\" decoding=\"async\" class=\"alignnone wp-image-41307 alignleft\" src=\"https:\/\/contraluzcucuta.co\/wp-content\/uploads\/2024\/03\/MONSENOR-OSCAR-URBINA-8-300x225.jpeg\" alt=\"\" width=\"247\" height=\"185\" srcset=\"https:\/\/contraluzcucuta.co\/wp-content\/uploads\/2024\/03\/MONSENOR-OSCAR-URBINA-8-300x225.jpeg 300w, https:\/\/contraluzcucuta.co\/wp-content\/uploads\/2024\/03\/MONSENOR-OSCAR-URBINA-8-600x450.jpeg 600w, https:\/\/contraluzcucuta.co\/wp-content\/uploads\/2024\/03\/MONSENOR-OSCAR-URBINA-8-1024x768.jpeg 1024w, https:\/\/contraluzcucuta.co\/wp-content\/uploads\/2024\/03\/MONSENOR-OSCAR-URBINA-8-768x576.jpeg 768w, https:\/\/contraluzcucuta.co\/wp-content\/uploads\/2024\/03\/MONSENOR-OSCAR-URBINA-8-1536x1152.jpeg 1536w, https:\/\/contraluzcucuta.co\/wp-content\/uploads\/2024\/03\/MONSENOR-OSCAR-URBINA-8.jpeg 1600w\" sizes=\"auto, (max-width: 247px) 100vw, 247px\" \/><\/a><\/p>\n<p>Monse\u00f1or Oscar Urbina explic\u00f3 que \u201cla Pascua es una nueva creaci\u00f3n. M\u00e1s grande y m\u00e1s profunda que la primera, porque Dios nos hace criaturas nuevas capaces de atravesar las puertas de la muerte para vivir eternamente\u201d.<\/p>\n<p>El arzobispo em\u00e9rito de Villavicencio celebr\u00f3 la vigilia pascual en el templo del Divino Ni\u00f1o (Villa del Rosario). En la homil\u00eda dijo que \u201cnuestra pascua de cristianos consiste en pasar de lo viejo a lo nuevo. Nuestra pascua se concreta por las obras, depende de cada uno de nosotros y Cristo nos pide vivirla en libertad\u201d.<\/p>\n<p>Indic\u00f3 que la pascua exige una actualizaci\u00f3n y una interiorizaci\u00f3n de la relaci\u00f3n con Dios.<\/p>\n<ul>\n<li><strong><em>Actualizar<\/em><\/strong><em>. Dar un paso de lo terreno y pasajero hacia las realidades de Dios, como son la escucha de su palabra, la oraci\u00f3n y la celebraci\u00f3n de los misterios. Dejad la esclavitud del pecado y creced en el bien y en la santidad, esa es la actualizaci\u00f3n.<\/em><\/li>\n<li><strong><em>Interiorizar<\/em><\/strong><em>. Volver a lo profundo de nosotros, nuestro coraz\u00f3n. La pascua es el paso desde fuera hacia adentro de nosotros.<\/em><\/li>\n<\/ul>\n<p><a href=\"https:\/\/contraluzcucuta.co\/wp-content\/uploads\/2024\/03\/MONSENOR-OSCAR-URBINA-3.jpeg\"><img loading=\"lazy\" decoding=\"async\" class=\"alignnone wp-image-41308 alignleft\" src=\"https:\/\/contraluzcucuta.co\/wp-content\/uploads\/2024\/03\/MONSENOR-OSCAR-URBINA-3-300x225.jpeg\" alt=\"\" width=\"247\" height=\"185\" srcset=\"https:\/\/contraluzcucuta.co\/wp-content\/uploads\/2024\/03\/MONSENOR-OSCAR-URBINA-3-300x225.jpeg 300w, https:\/\/contraluzcucuta.co\/wp-content\/uploads\/2024\/03\/MONSENOR-OSCAR-URBINA-3-600x450.jpeg 600w, https:\/\/contraluzcucuta.co\/wp-content\/uploads\/2024\/03\/MONSENOR-OSCAR-URBINA-3-1024x768.jpeg 1024w, https:\/\/contraluzcucuta.co\/wp-content\/uploads\/2024\/03\/MONSENOR-OSCAR-URBINA-3-768x576.jpeg 768w, https:\/\/contraluzcucuta.co\/wp-content\/uploads\/2024\/03\/MONSENOR-OSCAR-URBINA-3-1536x1152.jpeg 1536w, https:\/\/contraluzcucuta.co\/wp-content\/uploads\/2024\/03\/MONSENOR-OSCAR-URBINA-3.jpeg 1600w\" sizes=\"auto, (max-width: 247px) 100vw, 247px\" \/><\/a><\/p>\n<p>Monse\u00f1or Urbina se\u00f1al\u00f3 que la piedra puesta en el sepulcro de Jes\u00fas para impedir el ingreso de los humanos, \u201crepresenta lo que nos detiene en la vida, el miedo y la oscuridad\u201d.<\/p>\n<p>Dijo que los cristianos para ir por la vida cotidiana \u201cno necesitan nada espectacular, no necesitan hacer nada extraordinario\u201d. En la vida normal de la familia, donde estudian, donde trabajan, donde comparten con los vecinos, ah\u00ed estar\u00e1 el Se\u00f1or.<\/p>\n<p>\u201cEl cristianismo no es una doctrina, es una relaci\u00f3n con el que pas\u00f3 a trav\u00e9s de la muerte y ahora vive glorioso\u201d, sentenci\u00f3 monse\u00f1or Oscar Urbina.<\/p>\n<p>RAFAEL ANTONIO PAB\u00d3N<\/p>\n<p>rafaelpabon58@hotmail.com<\/p>\n","protected":false},"excerpt":{"rendered":"<p>C\u00daCUTA.- Al concluir la Semana Santa, empieza el Tiempo Pascual, periodo de 50 d\u00edas, tiempo que Jes\u00fas pas\u00f3 con los ap\u00f3stoles luego de resucitar y que concluye con la venida de Pentecost\u00e9s. \u00a0 Monse\u00f1or Oscar Urbina explic\u00f3 que \u201cla Pascua es una nueva creaci\u00f3n. M\u00e1s grande y m\u00e1s profunda que la primera, porque Dios nos &hellip;<\/p>\n","protected":false},"author":1,"featured_media":41310,"comment_status":"open","ping_status":"open","sticky":false,"template":"","format":"standard","meta":{"footnotes":""},"categories":[4,36],"tags":[5973,6117,6198],"class_list":["post-41305","post","type-post","status-publish","format-standard","has-post-thumbnail","hentry","category-barra","category-la-voz-del-pueblo","tag-divino-nino","tag-monsenor-oscar-urbina","tag-tiempo-de-pascua"],"_links":{"self":[{"href":"https:\/\/contraluzcucuta.co\/index.php?rest_route=\/wp\/v2\/posts\/41305","targetHints":{"allow":["GET"]}}],"collection":[{"href":"https:\/\/contraluzcucuta.co\/index.php?rest_route=\/wp\/v2\/posts"}],"about":[{"href":"https:\/\/contraluzcucuta.co\/index.php?rest_route=\/wp\/v2\/types\/post"}],"author":[{"embeddable":true,"href":"https:\/\/contraluzcucuta.co\/index.php?rest_route=\/wp\/v2\/users\/1"}],"replies":[{"embeddable":true,"href":"https:\/\/contraluzcucuta.co\/index.php?rest_route=%2Fwp%2Fv2%2Fcomments&post=41305"}],"version-history":[{"count":1,"href":"https:\/\/contraluzcucuta.co\/index.php?rest_route=\/wp\/v2\/posts\/41305\/revisions"}],"predecessor-version":[{"id":41309,"href":"https:\/\/contraluzcucuta.co\/index.php?rest_route=\/wp\/v2\/posts\/41305\/revisions\/41309"}],"wp:featuredmedia":[{"embeddable":true,"href":"https:\/\/contraluzcucuta.co\/index.php?rest_route=\/wp\/v2\/media\/41310"}],"wp:attachment":[{"href":"https:\/\/contraluzcucuta.co\/index.php?rest_route=%2Fwp%2Fv2%2Fmedia&parent=41305"}],"wp:term":[{"taxonomy":"category","embeddable":true,"href":"https:\/\/contraluzcucuta.co\/index.php?rest_route=%2Fwp%2Fv2%2Fcategories&post=41305"},{"taxonomy":"post_tag","embeddable":true,"href":"https:\/\/contraluzcucuta.co\/index.php?rest_route=%2Fwp%2Fv2%2Ftags&post=41305"}],"curies":[{"name":"wp","href":"https:\/\/api.w.org\/{rel}","templated":true}]}}