{"id":41300,"date":"2024-03-31T18:51:28","date_gmt":"2024-03-31T23:51:28","guid":{"rendered":"https:\/\/contraluzcucuta.co\/?p=41300"},"modified":"2024-03-31T18:51:28","modified_gmt":"2024-03-31T23:51:28","slug":"ocana-el-diamante-cultural-que-aun-no-ha-brillado","status":"publish","type":"post","link":"https:\/\/contraluzcucuta.co\/?p=41300","title":{"rendered":"OCA\u00d1A. El diamante cultural que a\u00fan no ha brillado"},"content":{"rendered":"<p style=\"padding-left: 40px; text-align: right;\"><strong><span style=\"color: #ff9900;\">OCA\u00d1A \u2013 Norte de Santander.- En el vasto y diverso mosaico cultural que conforma Colombia, existe un rinc\u00f3n rebosante de potencial art\u00edstico y tradici\u00f3n a\u00fan no explorado en su totalidad: Oca\u00f1a.<\/span><\/strong><\/p>\n<figure id=\"attachment_41302\" aria-describedby=\"caption-attachment-41302\" style=\"width: 247px\" class=\"wp-caption alignleft\"><a href=\"https:\/\/contraluzcucuta.co\/wp-content\/uploads\/2024\/03\/OCANA-7.jpeg\"><img loading=\"lazy\" decoding=\"async\" class=\" wp-image-41302\" src=\"https:\/\/contraluzcucuta.co\/wp-content\/uploads\/2024\/03\/OCANA-7-300x193.jpeg\" alt=\"\" width=\"247\" height=\"159\" srcset=\"https:\/\/contraluzcucuta.co\/wp-content\/uploads\/2024\/03\/OCANA-7-300x193.jpeg 300w, https:\/\/contraluzcucuta.co\/wp-content\/uploads\/2024\/03\/OCANA-7-600x386.jpeg 600w, https:\/\/contraluzcucuta.co\/wp-content\/uploads\/2024\/03\/OCANA-7.jpeg 700w\" sizes=\"auto, (max-width: 247px) 100vw, 247px\" \/><\/a><figcaption id=\"caption-attachment-41302\" class=\"wp-caption-text\"><em>Foto: ATN Televisi\u00f3n<\/em><\/figcaption><\/figure>\n<p>Esta ciudad, anclada en la memoria hist\u00f3rica y la riqueza cultural del pa\u00eds, parece estar a la sombra de los grandes eventos que celebran otras ciudades. Pero \u00bfpor qu\u00e9 es relevante que Oca\u00f1a se proyecte en la \u00f3rbita de los eventos destacados de Colombia? La respuesta yace en su capacidad innata de ser foco de encuentro cultural, espacio donde la tradici\u00f3n y la modernidad podr\u00edan fusionarse para ofrecer algo \u00fanico al pa\u00eds y al mundo.<\/p>\n<p>La ausencia de un evento insignia en Oca\u00f1a no solo representa una oportunidad perdida en los \u00e1mbitos cultural y tur\u00edstico, sino tambi\u00e9n una demora en el reconocimiento y el apoyo a los artistas locales, quienes con su trabajo diario mantienen viva la llama de la creatividad y la identidad oca\u00f1era. Por tanto, es crucial contemplar sugerencias concretas y pr\u00e1cticas para remediar esta falta y posicionar a Oca\u00f1a en el panorama cultural nacional.<\/p>\n<p>Ser\u00eda fundamental organizar un festival anual que celebre las diversas manifestaciones art\u00edsticas de la regi\u00f3n: m\u00fasica, pintura, teatro, literatura, danza y m\u00e1s. Este festival no solo ser\u00eda escaparate para el talento local, sino im\u00e1n para turistas y artistas nacionales e internacionales. Adem\u00e1s, deber\u00eda tener componentes competitivos, y se otorguen reconocimientos y becas a proyectos innovadores que promuevan la cultura oca\u00f1era.<\/p>\n<figure id=\"attachment_41303\" aria-describedby=\"caption-attachment-41303\" style=\"width: 249px\" class=\"wp-caption alignleft\"><a href=\"https:\/\/contraluzcucuta.co\/wp-content\/uploads\/2024\/03\/OCANA-8.jpeg\"><img loading=\"lazy\" decoding=\"async\" class=\" wp-image-41303\" src=\"https:\/\/contraluzcucuta.co\/wp-content\/uploads\/2024\/03\/OCANA-8-300x193.jpeg\" alt=\"\" width=\"249\" height=\"160\" srcset=\"https:\/\/contraluzcucuta.co\/wp-content\/uploads\/2024\/03\/OCANA-8-300x193.jpeg 300w, https:\/\/contraluzcucuta.co\/wp-content\/uploads\/2024\/03\/OCANA-8-600x386.jpeg 600w, https:\/\/contraluzcucuta.co\/wp-content\/uploads\/2024\/03\/OCANA-8.jpeg 700w\" sizes=\"auto, (max-width: 249px) 100vw, 249px\" \/><\/a><figcaption id=\"caption-attachment-41303\" class=\"wp-caption-text\"><em>Foto: ATN Televisi\u00f3n<\/em><\/figcaption><\/figure>\n<p>Otra sugerencia pr\u00e1ctica es el desarrollo de residencias art\u00edsticas, donde artistas de diferentes partes del pa\u00eds y del extranjero puedan vivir en Oca\u00f1a durante un tiempo, creando obras que reflejen su experiencia en la ciudad. Esto fomentar\u00eda el intercambio cultural enriquecedor y dar\u00eda a los artistas locales la oportunidad de establecer redes con otros creadores.<\/p>\n<p>Sin embargo, para que estas iniciativas se materialicen, es fundamental la creaci\u00f3n de un di\u00e1logo constante entre la administraci\u00f3n municipal y la comunidad art\u00edstica. El Alcalde, como figura clave en este proceso, deber\u00eda programar reuniones peri\u00f3dicas con los artistas para entender sus necesidades, aspiraciones y propuestas. Solo mediante una colaboraci\u00f3n estrecha y genuina se podr\u00e1n dise\u00f1ar agendas culturales que reflejen la identidad \u00fanica de Oca\u00f1a y proyecten su brillo al resto del pa\u00eds y m\u00e1s all\u00e1.<\/p>\n<p>En conclusi\u00f3n, es imperativo reconocer que Oca\u00f1a posee un tesoro cultural que, hasta ahora, no ha sido completamente valorado. La organizaci\u00f3n de un evento emblem\u00e1tico, junto con el apoyo continuo a los artistas locales, podr\u00eda desencadenar una transformaci\u00f3n cultural que beneficie no solo a la ciudad, sino a toda la regi\u00f3n.<\/p>\n<p>Es hora de que el Alcalde y los ciudadanos unan esfuerzos para que el diamante cultural brille con todo el esplendor. Esta es una invitaci\u00f3n a mirar hacia el futuro, a imaginar juntos c\u00f3mo la cultura puede ser el eje de desarrollo y encuentro que Oca\u00f1a merece y necesita. Que estas palabras no solo sean un llamado a la acci\u00f3n, sino tambi\u00e9n un recordatorio del poder transformador del arte y la cultura en la construcci\u00f3n de una sociedad m\u00e1s rica, diversa y cohesionada.<\/p>\n<p><strong>AZUCENA DELGADO RUEDA<\/strong><\/p>\n","protected":false},"excerpt":{"rendered":"<p>OCA\u00d1A \u2013 Norte de Santander.- En el vasto y diverso mosaico cultural que conforma Colombia, existe un rinc\u00f3n rebosante de potencial art\u00edstico y tradici\u00f3n a\u00fan no explorado en su totalidad: Oca\u00f1a. Esta ciudad, anclada en la memoria hist\u00f3rica y la riqueza cultural del pa\u00eds, parece estar a la sombra de los grandes eventos que celebran &hellip;<\/p>\n","protected":false},"author":1,"featured_media":41301,"comment_status":"open","ping_status":"open","sticky":false,"template":"","format":"standard","meta":{"footnotes":""},"categories":[14,4],"tags":[3309,5258,6197,404],"class_list":["post-41300","post","type-post","status-publish","format-standard","has-post-thumbnail","hentry","category-articulistas","category-barra","tag-academia-de-historia-de-ocana","tag-alcaldia-de-ocana","tag-azucena-delgado-rueda","tag-ocana"],"_links":{"self":[{"href":"https:\/\/contraluzcucuta.co\/index.php?rest_route=\/wp\/v2\/posts\/41300","targetHints":{"allow":["GET"]}}],"collection":[{"href":"https:\/\/contraluzcucuta.co\/index.php?rest_route=\/wp\/v2\/posts"}],"about":[{"href":"https:\/\/contraluzcucuta.co\/index.php?rest_route=\/wp\/v2\/types\/post"}],"author":[{"embeddable":true,"href":"https:\/\/contraluzcucuta.co\/index.php?rest_route=\/wp\/v2\/users\/1"}],"replies":[{"embeddable":true,"href":"https:\/\/contraluzcucuta.co\/index.php?rest_route=%2Fwp%2Fv2%2Fcomments&post=41300"}],"version-history":[{"count":1,"href":"https:\/\/contraluzcucuta.co\/index.php?rest_route=\/wp\/v2\/posts\/41300\/revisions"}],"predecessor-version":[{"id":41304,"href":"https:\/\/contraluzcucuta.co\/index.php?rest_route=\/wp\/v2\/posts\/41300\/revisions\/41304"}],"wp:featuredmedia":[{"embeddable":true,"href":"https:\/\/contraluzcucuta.co\/index.php?rest_route=\/wp\/v2\/media\/41301"}],"wp:attachment":[{"href":"https:\/\/contraluzcucuta.co\/index.php?rest_route=%2Fwp%2Fv2%2Fmedia&parent=41300"}],"wp:term":[{"taxonomy":"category","embeddable":true,"href":"https:\/\/contraluzcucuta.co\/index.php?rest_route=%2Fwp%2Fv2%2Fcategories&post=41300"},{"taxonomy":"post_tag","embeddable":true,"href":"https:\/\/contraluzcucuta.co\/index.php?rest_route=%2Fwp%2Fv2%2Ftags&post=41300"}],"curies":[{"name":"wp","href":"https:\/\/api.w.org\/{rel}","templated":true}]}}