{"id":41295,"date":"2024-03-31T18:36:54","date_gmt":"2024-03-31T23:36:54","guid":{"rendered":"https:\/\/contraluzcucuta.co\/?p=41295"},"modified":"2024-03-31T18:36:54","modified_gmt":"2024-03-31T23:36:54","slug":"via-pamplona-cucuta-en-operacion-59-kilometros-de-doble-calzada-y-un-puente-imponente","status":"publish","type":"post","link":"https:\/\/contraluzcucuta.co\/?p=41295","title":{"rendered":"V\u00eda Pamplona-C\u00facuta: En operaci\u00f3n 5,9 kil\u00f3metros de doble calzada y un puente imponente"},"content":{"rendered":"<p style=\"padding-left: 40px; text-align: right;\"><strong><span style=\"color: #ff9900;\">C\u00daCUTA.- La Uni\u00f3n Vial R\u00edo Pamplonita puso en servicio la Unidad Funcional 5 del proyecto Pamplona-C\u00facuta. El tramo de 5,9 kil\u00f3metros de doble calzada beneficia a los habitantes de C\u00facuta, Los Patios, Chin\u00e1cota, Bochalema, Pamplonita y Pamplona.<\/span><\/strong><\/p>\n<p><a href=\"https:\/\/contraluzcucuta.co\/wp-content\/uploads\/2024\/03\/CUCUTA-PAMPLONA-4.jpeg\"><img loading=\"lazy\" decoding=\"async\" class=\"alignnone  wp-image-41297 alignleft\" src=\"https:\/\/contraluzcucuta.co\/wp-content\/uploads\/2024\/03\/CUCUTA-PAMPLONA-4-300x225.jpeg\" alt=\"\" width=\"247\" height=\"185\" srcset=\"https:\/\/contraluzcucuta.co\/wp-content\/uploads\/2024\/03\/CUCUTA-PAMPLONA-4-300x225.jpeg 300w, https:\/\/contraluzcucuta.co\/wp-content\/uploads\/2024\/03\/CUCUTA-PAMPLONA-4-600x450.jpeg 600w, https:\/\/contraluzcucuta.co\/wp-content\/uploads\/2024\/03\/CUCUTA-PAMPLONA-4-1024x768.jpeg 1024w, https:\/\/contraluzcucuta.co\/wp-content\/uploads\/2024\/03\/CUCUTA-PAMPLONA-4-768x576.jpeg 768w, https:\/\/contraluzcucuta.co\/wp-content\/uploads\/2024\/03\/CUCUTA-PAMPLONA-4-1536x1152.jpeg 1536w, https:\/\/contraluzcucuta.co\/wp-content\/uploads\/2024\/03\/CUCUTA-PAMPLONA-4.jpeg 1600w\" sizes=\"auto, (max-width: 247px) 100vw, 247px\" \/><\/a><\/p>\n<p>Seg\u00fan la concesi\u00f3n, las caracter\u00edsticas de la Unidad Funcional 5 son:<\/p>\n<ol>\n<li>Puente La Honda: El m\u00e1s alto del corredor vial, con 92,7 metros de altura y longitud de 358 metros.<\/li>\n<li>Puente Iscal\u00e1: 224 metros de longitud.<\/li>\n<\/ol>\n<p>&#8211; T\u00fanel: Tercer t\u00fanel de 406 metros de longitud, equipado con sistema de \u00faltima tecnolog\u00eda para el control del tr\u00e1fico vehicular.<\/p>\n<p>Tambi\u00e9n, hay sistemas de transporte inteligente, postes S.O.S. para comunicaci\u00f3n directa con el Centro de Control de Operaciones, bah\u00edas de parqueo, paneles de mensajer\u00eda variable para informar sobre el estado de la v\u00eda y c\u00e1maras de videovigilancia para el monitoreo de la movilidad.<\/p>\n<p><a href=\"https:\/\/contraluzcucuta.co\/wp-content\/uploads\/2024\/03\/CUCUTA-PAMPLONA-1.jpeg\"><img loading=\"lazy\" decoding=\"async\" class=\"alignnone  wp-image-41298 alignleft\" src=\"https:\/\/contraluzcucuta.co\/wp-content\/uploads\/2024\/03\/CUCUTA-PAMPLONA-1-300x225.jpeg\" alt=\"\" width=\"244\" height=\"183\" srcset=\"https:\/\/contraluzcucuta.co\/wp-content\/uploads\/2024\/03\/CUCUTA-PAMPLONA-1-300x225.jpeg 300w, https:\/\/contraluzcucuta.co\/wp-content\/uploads\/2024\/03\/CUCUTA-PAMPLONA-1-600x450.jpeg 600w, https:\/\/contraluzcucuta.co\/wp-content\/uploads\/2024\/03\/CUCUTA-PAMPLONA-1-1024x768.jpeg 1024w, https:\/\/contraluzcucuta.co\/wp-content\/uploads\/2024\/03\/CUCUTA-PAMPLONA-1-768x576.jpeg 768w, https:\/\/contraluzcucuta.co\/wp-content\/uploads\/2024\/03\/CUCUTA-PAMPLONA-1-1536x1152.jpeg 1536w, https:\/\/contraluzcucuta.co\/wp-content\/uploads\/2024\/03\/CUCUTA-PAMPLONA-1.jpeg 1600w\" sizes=\"auto, (max-width: 244px) 100vw, 244px\" \/><\/a><\/p>\n<p>La concesi\u00f3n indic\u00f3 que hay mejora en el desplazamiento, porque permite una mayor fluidez en el tr\u00e1fico y velocidad de operaci\u00f3n de 60 kil\u00f3metros por hora. En cuesti\u00f3n de seguridad vial, los viaductos y el t\u00fanel ofrecen mayor seguridad a los usuarios.<\/p>\n<p>En cuanto a la tecnolog\u00eda de punta, los sistemas implementados optimizan la gesti\u00f3n del tr\u00e1fico y la seguridad vial.<\/p>\n","protected":false},"excerpt":{"rendered":"<p>C\u00daCUTA.- La Uni\u00f3n Vial R\u00edo Pamplonita puso en servicio la Unidad Funcional 5 del proyecto Pamplona-C\u00facuta. El tramo de 5,9 kil\u00f3metros de doble calzada beneficia a los habitantes de C\u00facuta, Los Patios, Chin\u00e1cota, Bochalema, Pamplonita y Pamplona. Seg\u00fan la concesi\u00f3n, las caracter\u00edsticas de la Unidad Funcional 5 son: Puente La Honda: El m\u00e1s alto del &hellip;<\/p>\n","protected":false},"author":1,"featured_media":41296,"comment_status":"open","ping_status":"open","sticky":false,"template":"","format":"standard","meta":{"footnotes":""},"categories":[4,6],"tags":[6196,5018],"class_list":["post-41295","post","type-post","status-publish","format-standard","has-post-thumbnail","hentry","category-barra","category-ojo-avizor","tag-unidad-funcional-5","tag-union-vial-rio-pamplonita"],"_links":{"self":[{"href":"https:\/\/contraluzcucuta.co\/index.php?rest_route=\/wp\/v2\/posts\/41295","targetHints":{"allow":["GET"]}}],"collection":[{"href":"https:\/\/contraluzcucuta.co\/index.php?rest_route=\/wp\/v2\/posts"}],"about":[{"href":"https:\/\/contraluzcucuta.co\/index.php?rest_route=\/wp\/v2\/types\/post"}],"author":[{"embeddable":true,"href":"https:\/\/contraluzcucuta.co\/index.php?rest_route=\/wp\/v2\/users\/1"}],"replies":[{"embeddable":true,"href":"https:\/\/contraluzcucuta.co\/index.php?rest_route=%2Fwp%2Fv2%2Fcomments&post=41295"}],"version-history":[{"count":1,"href":"https:\/\/contraluzcucuta.co\/index.php?rest_route=\/wp\/v2\/posts\/41295\/revisions"}],"predecessor-version":[{"id":41299,"href":"https:\/\/contraluzcucuta.co\/index.php?rest_route=\/wp\/v2\/posts\/41295\/revisions\/41299"}],"wp:featuredmedia":[{"embeddable":true,"href":"https:\/\/contraluzcucuta.co\/index.php?rest_route=\/wp\/v2\/media\/41296"}],"wp:attachment":[{"href":"https:\/\/contraluzcucuta.co\/index.php?rest_route=%2Fwp%2Fv2%2Fmedia&parent=41295"}],"wp:term":[{"taxonomy":"category","embeddable":true,"href":"https:\/\/contraluzcucuta.co\/index.php?rest_route=%2Fwp%2Fv2%2Fcategories&post=41295"},{"taxonomy":"post_tag","embeddable":true,"href":"https:\/\/contraluzcucuta.co\/index.php?rest_route=%2Fwp%2Fv2%2Ftags&post=41295"}],"curies":[{"name":"wp","href":"https:\/\/api.w.org\/{rel}","templated":true}]}}