{"id":41290,"date":"2024-03-31T18:20:29","date_gmt":"2024-03-31T23:20:29","guid":{"rendered":"https:\/\/contraluzcucuta.co\/?p=41290"},"modified":"2024-03-31T18:20:29","modified_gmt":"2024-03-31T23:20:29","slug":"emprendimiento-rural-la-proyeccion-es-exportar-los-productos-desde-chinacota","status":"publish","type":"post","link":"https:\/\/contraluzcucuta.co\/?p=41290","title":{"rendered":"EMPRENDIMIENTO RURAL. La proyecci\u00f3n es exportar los productos desde Chin\u00e1cota"},"content":{"rendered":"<p style=\"padding-left: 40px; text-align: right;\"><strong><span style=\"color: #ff9900;\">CHIN\u00c1COTA \u2013 Norte de Santander.- \u00a0Un d\u00eda, en Chin\u00e1cota, algunos cultivadores de lim\u00f3n Tahit\u00ed se pusieron de acuerdo para darle otra cara al c\u00edtrico y pensaron en transformarlo. Empezaron sin saber que a la gente le gustar\u00eda. Lo hicieron \u2018por si de pronto\u2019 la pegaban en el mercado. Al dar la degustaci\u00f3n de las conchitas aguardaban gestos de desaprobaci\u00f3n por lo amargas. No fue as\u00ed. A cambio, recibieron buenos comentarios.<\/span><\/strong><\/p>\n<p>Desde ese momento han transcurrido varios a\u00f1os. Hoy, est\u00e1n organizados en la Asociaci\u00f3n de Productores de Lim\u00f3n Tahit\u00ed de Chin\u00e1cota (Asoprolichi), de la que naci\u00f3 Agroindustria. Este grupo es el que transforma el lim\u00f3n en dulces, postres, jabones, velas, vinos, aguardiente, helados, refrescos, bebidas calientes con hierbas y zumo.<\/p>\n<p><a href=\"https:\/\/contraluzcucuta.co\/wp-content\/uploads\/2024\/03\/ASOPROLICHI-10.jpeg\"><img loading=\"lazy\" decoding=\"async\" class=\"alignnone  wp-image-41292 alignleft\" src=\"https:\/\/contraluzcucuta.co\/wp-content\/uploads\/2024\/03\/ASOPROLICHI-10-300x225.jpeg\" alt=\"\" width=\"247\" height=\"185\" srcset=\"https:\/\/contraluzcucuta.co\/wp-content\/uploads\/2024\/03\/ASOPROLICHI-10-300x225.jpeg 300w, https:\/\/contraluzcucuta.co\/wp-content\/uploads\/2024\/03\/ASOPROLICHI-10-600x450.jpeg 600w, https:\/\/contraluzcucuta.co\/wp-content\/uploads\/2024\/03\/ASOPROLICHI-10-1024x768.jpeg 1024w, https:\/\/contraluzcucuta.co\/wp-content\/uploads\/2024\/03\/ASOPROLICHI-10-768x576.jpeg 768w, https:\/\/contraluzcucuta.co\/wp-content\/uploads\/2024\/03\/ASOPROLICHI-10-1536x1152.jpeg 1536w, https:\/\/contraluzcucuta.co\/wp-content\/uploads\/2024\/03\/ASOPROLICHI-10.jpeg 1600w\" sizes=\"auto, (max-width: 247px) 100vw, 247px\" \/><\/a><\/p>\n<p>Elisa Villamizar preside la Asociaci\u00f3n y dijo que la entidad surgi\u00f3 del querer producir m\u00e1s lim\u00f3n. \u201cTen\u00edamos unas plantas en la vereda Cu\u00e9llar. Eran cinco productores. La idea de darlo a conocer era para que se propagara el lim\u00f3n que no hab\u00eda\u201d.<\/p>\n<p>Llev\u00f3 la experiencia vivida en Santander, donde vio grandes cultivos, para aprovechar el clima apto para producir c\u00edtricos. Luego, presentaron el proyecto a la Alcald\u00eda y en los despachos oficiales atendieron el asunto. El gobierno local, hace dos a\u00f1os y medio, respald\u00f3 a la Asociaci\u00f3n y le entreg\u00f3 1800 plantas.<\/p>\n<p>En el 2023, la Gobernaci\u00f3n apoy\u00f3 con otras 4000 plantas y le permiti\u00f3 meterse en el cuento a un nuevo grupo de productores. Ahora, tienen siete meses con la plantaci\u00f3n de lim\u00f3n.<\/p>\n<p>Veinte familias, distribuidas en 15 fincas de Chin\u00e1cota, cultivan lim\u00f3n Tahit\u00ed. Nohem\u00ed Devia es la tesorera de la Asociaci\u00f3n y enumer\u00f3, entre otras, las veredas Cu\u00e9llar, Caney, Lobatica, Palo Colorado y Urengue Rujas donde trabajan con este fruto. \u201cLas que no est\u00e1n incluidas es porque los pisos t\u00e9rmicos no son aptos\u201d. La altura ideal es de 1200 metros sobre el nivel del mar.<\/p>\n<p><a href=\"https:\/\/contraluzcucuta.co\/wp-content\/uploads\/2024\/03\/ASOPROLICHI-9.jpeg\"><img loading=\"lazy\" decoding=\"async\" class=\"alignnone  wp-image-41293 alignleft\" src=\"https:\/\/contraluzcucuta.co\/wp-content\/uploads\/2024\/03\/ASOPROLICHI-9-300x225.jpeg\" alt=\"\" width=\"247\" height=\"185\" srcset=\"https:\/\/contraluzcucuta.co\/wp-content\/uploads\/2024\/03\/ASOPROLICHI-9-300x225.jpeg 300w, https:\/\/contraluzcucuta.co\/wp-content\/uploads\/2024\/03\/ASOPROLICHI-9-600x450.jpeg 600w, https:\/\/contraluzcucuta.co\/wp-content\/uploads\/2024\/03\/ASOPROLICHI-9-1024x768.jpeg 1024w, https:\/\/contraluzcucuta.co\/wp-content\/uploads\/2024\/03\/ASOPROLICHI-9-768x576.jpeg 768w, https:\/\/contraluzcucuta.co\/wp-content\/uploads\/2024\/03\/ASOPROLICHI-9-1536x1152.jpeg 1536w, https:\/\/contraluzcucuta.co\/wp-content\/uploads\/2024\/03\/ASOPROLICHI-9.jpeg 1600w\" sizes=\"auto, (max-width: 247px) 100vw, 247px\" \/><\/a><\/p>\n<p>Cuando llevan el fruto al mercado, el lim\u00f3n amarillo o el que no tiene la calidad lo devuelven a la finca y lo transforman. La concha la aprovechan para el dulce y los deshidratados; tambi\u00e9n, elaboran chocolates rellenos con la ralladura del lim\u00f3n. El jab\u00f3n, por ahora, es para consumo dom\u00e9stico. Aprovechan los restos de los dulces para este producto.<\/p>\n<p>\u201cLa idea es seguir creciendo. La Alcald\u00eda ha ayudado con un deshidratador y el aporte de un ingeniero agroindustrial. La secretar\u00eda de Agricultura ofrece capacitaci\u00f3n\u201d, dijo Nohem\u00ed. El Sena y Asofrucol les han permitido crecer en conocimientos. \u201cAunque falta mucho, pero ah\u00ed vamos\u201d.<\/p>\n<p>La proyecci\u00f3n es exportar los productos. Por ahora, solo han estado en ferias locales. La estrella es el zumo. Tratan que nada se pierda. \u201cNos hemos capacitado en cultivos, en abonos, en plantaciones, en podas, en recolecci\u00f3n. Tenemos inicio, desarrollo y producci\u00f3n de abonos org\u00e1nicos\u201d, dijo Elisa.<\/p>\n<p><strong>RAFAEL ANTONIO PAB\u00d3N<\/strong><\/p>\n<p><strong><a href=\"mailto:rafaelpabon58@hotmail.com\">rafaelpabon58@hotmail.com<\/a><\/strong><\/p>\n","protected":false},"excerpt":{"rendered":"<p>CHIN\u00c1COTA \u2013 Norte de Santander.- \u00a0Un d\u00eda, en Chin\u00e1cota, algunos cultivadores de lim\u00f3n Tahit\u00ed se pusieron de acuerdo para darle otra cara al c\u00edtrico y pensaron en transformarlo. Empezaron sin saber que a la gente le gustar\u00eda. Lo hicieron \u2018por si de pronto\u2019 la pegaban en el mercado. Al dar la degustaci\u00f3n de las conchitas &hellip;<\/p>\n","protected":false},"author":1,"featured_media":41291,"comment_status":"open","ping_status":"open","sticky":false,"template":"","format":"standard","meta":{"footnotes":""},"categories":[4,32],"tags":[6194,2781,6195,6193,162],"class_list":["post-41290","post","type-post","status-publish","format-standard","has-post-thumbnail","hentry","category-barra","category-recorrido-por-la-region","tag-agroindustria","tag-alcaldia-de-chinacota","tag-asofrucol","tag-asoprolichi","tag-chinacota"],"_links":{"self":[{"href":"https:\/\/contraluzcucuta.co\/index.php?rest_route=\/wp\/v2\/posts\/41290","targetHints":{"allow":["GET"]}}],"collection":[{"href":"https:\/\/contraluzcucuta.co\/index.php?rest_route=\/wp\/v2\/posts"}],"about":[{"href":"https:\/\/contraluzcucuta.co\/index.php?rest_route=\/wp\/v2\/types\/post"}],"author":[{"embeddable":true,"href":"https:\/\/contraluzcucuta.co\/index.php?rest_route=\/wp\/v2\/users\/1"}],"replies":[{"embeddable":true,"href":"https:\/\/contraluzcucuta.co\/index.php?rest_route=%2Fwp%2Fv2%2Fcomments&post=41290"}],"version-history":[{"count":1,"href":"https:\/\/contraluzcucuta.co\/index.php?rest_route=\/wp\/v2\/posts\/41290\/revisions"}],"predecessor-version":[{"id":41294,"href":"https:\/\/contraluzcucuta.co\/index.php?rest_route=\/wp\/v2\/posts\/41290\/revisions\/41294"}],"wp:featuredmedia":[{"embeddable":true,"href":"https:\/\/contraluzcucuta.co\/index.php?rest_route=\/wp\/v2\/media\/41291"}],"wp:attachment":[{"href":"https:\/\/contraluzcucuta.co\/index.php?rest_route=%2Fwp%2Fv2%2Fmedia&parent=41290"}],"wp:term":[{"taxonomy":"category","embeddable":true,"href":"https:\/\/contraluzcucuta.co\/index.php?rest_route=%2Fwp%2Fv2%2Fcategories&post=41290"},{"taxonomy":"post_tag","embeddable":true,"href":"https:\/\/contraluzcucuta.co\/index.php?rest_route=%2Fwp%2Fv2%2Ftags&post=41290"}],"curies":[{"name":"wp","href":"https:\/\/api.w.org\/{rel}","templated":true}]}}