{"id":41282,"date":"2024-03-23T05:38:57","date_gmt":"2024-03-23T10:38:57","guid":{"rendered":"https:\/\/contraluzcucuta.co\/?p=41282"},"modified":"2024-03-23T05:46:27","modified_gmt":"2024-03-23T10:46:27","slug":"apuesta-oficial-espacio-publico-seguro-y-ordenado-en-cucuta","status":"publish","type":"post","link":"https:\/\/contraluzcucuta.co\/?p=41282","title":{"rendered":"APUESTA OFICIAL. Espacio p\u00fablico seguro y ordenado, en C\u00facuta"},"content":{"rendered":"<p style=\"padding-left: 40px; text-align: right;\"><strong><span style=\"color: #ff9900;\">C\u00daCUTA.- Agentes del espacio p\u00fablico se encargar\u00e1n de hacer cumplir las normas y de instar a los vendedores a mantener y a garantizar la limpieza, el cuidado y la armon\u00eda en el sector comercial cucute\u00f1o.<\/span><\/strong><\/p>\n<p><a href=\"https:\/\/contraluzcucuta.co\/wp-content\/uploads\/2024\/03\/ESPACIO-PUBLICO-AGENTES-3.jpg\"><img loading=\"lazy\" decoding=\"async\" class=\"alignnone wp-image-41284 alignleft\" src=\"https:\/\/contraluzcucuta.co\/wp-content\/uploads\/2024\/03\/ESPACIO-PUBLICO-AGENTES-3-300x225.jpg\" alt=\"\" width=\"245\" height=\"184\" srcset=\"https:\/\/contraluzcucuta.co\/wp-content\/uploads\/2024\/03\/ESPACIO-PUBLICO-AGENTES-3-300x225.jpg 300w, https:\/\/contraluzcucuta.co\/wp-content\/uploads\/2024\/03\/ESPACIO-PUBLICO-AGENTES-3-600x450.jpg 600w, https:\/\/contraluzcucuta.co\/wp-content\/uploads\/2024\/03\/ESPACIO-PUBLICO-AGENTES-3-768x576.jpg 768w, https:\/\/contraluzcucuta.co\/wp-content\/uploads\/2024\/03\/ESPACIO-PUBLICO-AGENTES-3.jpg 1024w\" sizes=\"auto, (max-width: 245px) 100vw, 245px\" \/><\/a><\/p>\n<p>Autoridades municipales, vendedores informales y agentes comenzaron sostuvieron un di\u00e1logo constructivo para dar comienzo al proceso de acercamiento y sensibilizaci\u00f3n. La iniciativa es parte del compromiso de la administraci\u00f3n local para encontrar alternativas sostenibles para las actividades de los vendedores informales.<\/p>\n<p>El secretario de Gobierno, Miguel Castellanos, destac\u00f3 la importancia de recuperar la movilidad en la ciudad como punto de partida para este proceso. Se comprometi\u00f3 a intensificar los controles con rigurosidad para garantizar la seguridad en la capital del departamento.<\/p>\n<p>En cumplimiento de los decretos 0575 de 2020 y 0393 de 2021, se adelant\u00f3 un operativo para inspeccionar los establecimientos que comercializan animales. Como resultado, fueron aprehendidos cuatro caninos para revisi\u00f3n y atenci\u00f3n m\u00e9dica, se impusieron dos \u00f3rdenes de comparendo y se cerr\u00f3 temporalmente uno de los locales.<\/p>\n<p>La jornada es continuidad al compromiso de la Alcald\u00eda de C\u00facuta para brindar mejor calidad de vida, con el espacio p\u00fablico seguro y ordenado.<\/p>\n","protected":false},"excerpt":{"rendered":"<p>C\u00daCUTA.- Agentes del espacio p\u00fablico se encargar\u00e1n de hacer cumplir las normas y de instar a los vendedores a mantener y a garantizar la limpieza, el cuidado y la armon\u00eda en el sector comercial cucute\u00f1o. Autoridades municipales, vendedores informales y agentes comenzaron sostuvieron un di\u00e1logo constructivo para dar comienzo al proceso de acercamiento y sensibilizaci\u00f3n. &hellip;<\/p>\n","protected":false},"author":1,"featured_media":41283,"comment_status":"open","ping_status":"open","sticky":false,"template":"","format":"standard","meta":{"footnotes":""},"categories":[2625,6],"tags":[226,2018,6192],"class_list":["post-41282","post","type-post","status-publish","format-standard","has-post-thumbnail","hentry","category-alcaldia-de-cucuta","category-ojo-avizor","tag-alcaldia-de-cucuta","tag-espacio-publico-en-cucuta","tag-miguel-castellanos"],"_links":{"self":[{"href":"https:\/\/contraluzcucuta.co\/index.php?rest_route=\/wp\/v2\/posts\/41282","targetHints":{"allow":["GET"]}}],"collection":[{"href":"https:\/\/contraluzcucuta.co\/index.php?rest_route=\/wp\/v2\/posts"}],"about":[{"href":"https:\/\/contraluzcucuta.co\/index.php?rest_route=\/wp\/v2\/types\/post"}],"author":[{"embeddable":true,"href":"https:\/\/contraluzcucuta.co\/index.php?rest_route=\/wp\/v2\/users\/1"}],"replies":[{"embeddable":true,"href":"https:\/\/contraluzcucuta.co\/index.php?rest_route=%2Fwp%2Fv2%2Fcomments&post=41282"}],"version-history":[{"count":1,"href":"https:\/\/contraluzcucuta.co\/index.php?rest_route=\/wp\/v2\/posts\/41282\/revisions"}],"predecessor-version":[{"id":41285,"href":"https:\/\/contraluzcucuta.co\/index.php?rest_route=\/wp\/v2\/posts\/41282\/revisions\/41285"}],"wp:featuredmedia":[{"embeddable":true,"href":"https:\/\/contraluzcucuta.co\/index.php?rest_route=\/wp\/v2\/media\/41283"}],"wp:attachment":[{"href":"https:\/\/contraluzcucuta.co\/index.php?rest_route=%2Fwp%2Fv2%2Fmedia&parent=41282"}],"wp:term":[{"taxonomy":"category","embeddable":true,"href":"https:\/\/contraluzcucuta.co\/index.php?rest_route=%2Fwp%2Fv2%2Fcategories&post=41282"},{"taxonomy":"post_tag","embeddable":true,"href":"https:\/\/contraluzcucuta.co\/index.php?rest_route=%2Fwp%2Fv2%2Ftags&post=41282"}],"curies":[{"name":"wp","href":"https:\/\/api.w.org\/{rel}","templated":true}]}}