{"id":41272,"date":"2024-03-23T05:16:45","date_gmt":"2024-03-23T10:16:45","guid":{"rendered":"https:\/\/contraluzcucuta.co\/?p=41272"},"modified":"2024-03-23T05:16:45","modified_gmt":"2024-03-23T10:16:45","slug":"identidad-entre-montanas-y-la-ocana-que-queremos","status":"publish","type":"post","link":"https:\/\/contraluzcucuta.co\/?p=41272","title":{"rendered":"IDENTIDAD. Entre monta\u00f1as y la Oca\u00f1a que queremos"},"content":{"rendered":"<p style=\"padding-left: 40px; text-align: right;\"><strong><span style=\"color: #ff9900;\">OCA\u00d1A \u2013 Norte de Santander.- Entre las imponentes monta\u00f1as del Catatumbo, donde el aroma del caf\u00e9 perfuma cada rinc\u00f3n, se esconde una riqueza cultural que a menudo pasa desapercibida. En medio de eventos dedicados al caf\u00e9, nos enfrentamos a una desconexi\u00f3n que diluye la identidad oca\u00f1era, dejando a nuestros talentosos artistas en el olvido y reduciendo celebraciones a meras formalidades.<\/span><\/strong><\/p>\n<figure id=\"attachment_41274\" aria-describedby=\"caption-attachment-41274\" style=\"width: 248px\" class=\"wp-caption alignleft\"><a href=\"https:\/\/contraluzcucuta.co\/wp-content\/uploads\/2024\/03\/OCANA-3.jpg\"><img loading=\"lazy\" decoding=\"async\" class=\" wp-image-41274\" src=\"https:\/\/contraluzcucuta.co\/wp-content\/uploads\/2024\/03\/OCANA-3-300x180.jpg\" alt=\"\" width=\"248\" height=\"149\" srcset=\"https:\/\/contraluzcucuta.co\/wp-content\/uploads\/2024\/03\/OCANA-3-300x180.jpg 300w, https:\/\/contraluzcucuta.co\/wp-content\/uploads\/2024\/03\/OCANA-3-600x361.jpg 600w, https:\/\/contraluzcucuta.co\/wp-content\/uploads\/2024\/03\/OCANA-3.jpg 665w\" sizes=\"auto, (max-width: 248px) 100vw, 248px\" \/><\/a><figcaption id=\"caption-attachment-41274\" class=\"wp-caption-text\"><em>Foto: viajaporcolombia.com<\/em><\/figcaption><\/figure>\n<p>Es crucial reconocer que, a pesar de los esfuerzos por promover el caf\u00e9, se ha descuidado la promoci\u00f3n y valoraci\u00f3n de nuestra cultura. Los eventos dedicados al caf\u00e9 a menudo se centran m\u00e1s en la est\u00e9tica visual para redes sociales que en la aut\u00e9ntica participaci\u00f3n y apreciaci\u00f3n cultural. Esto se refleja en la falta de reconocimiento a los artistas locales, quienes son fundamentales para enriquecer nuestras tradiciones.<\/p>\n<p>Por ejemplo, en la semana dedicada al caf\u00e9, la participaci\u00f3n del p\u00fablico fue limitada, y los artistas involucrados apenas recibieron reconocimiento m\u00e1s all\u00e1 de algunas fotos en redes sociales. Este enfoque superficial resta valor a la verdadera esencia cultural que deber\u00eda estar en el centro de estas celebraciones.<\/p>\n<p>A pesar de estas cr\u00edticas, es importante reconocer que se han realizado esfuerzos para promover eventos relacionados con la cultura y el arte. Sin embargo, es necesario que estos esfuerzos se enfoquen en garantizar una participaci\u00f3n significativa y un reconocimiento adecuado a los talentos locales.<\/p>\n<p>Para mejorar la situaci\u00f3n, sugerimos al alcalde y al secretario de educaci\u00f3n, cultura y turismo que tomen acciones concretas. Es imperativo comenzar a involucrar a los artistas desde el inicio de la planificaci\u00f3n de eventos, establecer un consejo de cultura activo y transparente, y programar reuniones tem\u00e1ticas regulares para discutir y promover nuestra identidad cultural.<\/p>\n<p>En medio de la belleza natural y el aroma del caf\u00e9, nuestra verdadera riqueza radica en nuestra cultura y arte. Es hora de despertar esa esencia cultural entre las monta\u00f1as de caf\u00e9, reconociendo y valorando a nuestros artistas, fomentando la participaci\u00f3n genuina del p\u00fablico y asegurando que nuestras celebraciones reflejen verdaderamente nuestra identidad oca\u00f1era. Alcalde, Juntos, podemos crear un legado cultural que perdure y enriquezca nuestras vidas y comunidades.<\/p>\n<p>AZUCENA DELGADO RUEDA.<\/p>\n","protected":false},"excerpt":{"rendered":"<p>OCA\u00d1A \u2013 Norte de Santander.- Entre las imponentes monta\u00f1as del Catatumbo, donde el aroma del caf\u00e9 perfuma cada rinc\u00f3n, se esconde una riqueza cultural que a menudo pasa desapercibida. En medio de eventos dedicados al caf\u00e9, nos enfrentamos a una desconexi\u00f3n que diluye la identidad oca\u00f1era, dejando a nuestros talentosos artistas en el olvido y &hellip;<\/p>\n","protected":false},"author":1,"featured_media":41273,"comment_status":"open","ping_status":"open","sticky":false,"template":"","format":"standard","meta":{"footnotes":""},"categories":[14,4],"tags":[5258,246,404],"class_list":["post-41272","post","type-post","status-publish","format-standard","has-post-thumbnail","hentry","category-articulistas","category-barra","tag-alcaldia-de-ocana","tag-el-catatumbo","tag-ocana"],"_links":{"self":[{"href":"https:\/\/contraluzcucuta.co\/index.php?rest_route=\/wp\/v2\/posts\/41272","targetHints":{"allow":["GET"]}}],"collection":[{"href":"https:\/\/contraluzcucuta.co\/index.php?rest_route=\/wp\/v2\/posts"}],"about":[{"href":"https:\/\/contraluzcucuta.co\/index.php?rest_route=\/wp\/v2\/types\/post"}],"author":[{"embeddable":true,"href":"https:\/\/contraluzcucuta.co\/index.php?rest_route=\/wp\/v2\/users\/1"}],"replies":[{"embeddable":true,"href":"https:\/\/contraluzcucuta.co\/index.php?rest_route=%2Fwp%2Fv2%2Fcomments&post=41272"}],"version-history":[{"count":1,"href":"https:\/\/contraluzcucuta.co\/index.php?rest_route=\/wp\/v2\/posts\/41272\/revisions"}],"predecessor-version":[{"id":41275,"href":"https:\/\/contraluzcucuta.co\/index.php?rest_route=\/wp\/v2\/posts\/41272\/revisions\/41275"}],"wp:featuredmedia":[{"embeddable":true,"href":"https:\/\/contraluzcucuta.co\/index.php?rest_route=\/wp\/v2\/media\/41273"}],"wp:attachment":[{"href":"https:\/\/contraluzcucuta.co\/index.php?rest_route=%2Fwp%2Fv2%2Fmedia&parent=41272"}],"wp:term":[{"taxonomy":"category","embeddable":true,"href":"https:\/\/contraluzcucuta.co\/index.php?rest_route=%2Fwp%2Fv2%2Fcategories&post=41272"},{"taxonomy":"post_tag","embeddable":true,"href":"https:\/\/contraluzcucuta.co\/index.php?rest_route=%2Fwp%2Fv2%2Ftags&post=41272"}],"curies":[{"name":"wp","href":"https:\/\/api.w.org\/{rel}","templated":true}]}}