{"id":41268,"date":"2024-03-23T05:02:19","date_gmt":"2024-03-23T10:02:19","guid":{"rendered":"https:\/\/contraluzcucuta.co\/?p=41268"},"modified":"2024-03-23T05:02:19","modified_gmt":"2024-03-23T10:02:19","slug":"sin-antecedentes-nombrados-gerentes-para-las-ese-regionales","status":"publish","type":"post","link":"https:\/\/contraluzcucuta.co\/?p=41268","title":{"rendered":"SIN ANTECEDENTES. Nombrados gerentes para las ESE Regionales"},"content":{"rendered":"<p style=\"padding-left: 40px; text-align: right;\"><strong><span style=\"color: #ff9900;\">C\u00daCUTA.- Luego de cumplirse con los procesos de postulaci\u00f3n y verificaci\u00f3n del cumplimiento de requisitos, el gobernador William Villamizar hizo el nombramiento de los gerentes departamentales de las 10 Empresas Sociales del Estado. Los elegidos justificaron la preparaci\u00f3n acad\u00e9mica y la experiencia. Tambi\u00e9n, presentaron el Test Proyecto Gr\u00e1fico Watergg.<\/span><\/strong><\/p>\n<p>Los 10 nuevos gerentes no tienen inhabilidades por antecedentes penales, fiscales ni disciplinarios.<\/p>\n<figure id=\"attachment_41270\" aria-describedby=\"caption-attachment-41270\" style=\"width: 249px\" class=\"wp-caption alignleft\"><a href=\"https:\/\/contraluzcucuta.co\/wp-content\/uploads\/2024\/03\/HERNANDO-MORA-1.jpeg\"><img loading=\"lazy\" decoding=\"async\" class=\" wp-image-41270\" src=\"https:\/\/contraluzcucuta.co\/wp-content\/uploads\/2024\/03\/HERNANDO-MORA-1-300x200.jpeg\" alt=\"\" width=\"249\" height=\"166\" srcset=\"https:\/\/contraluzcucuta.co\/wp-content\/uploads\/2024\/03\/HERNANDO-MORA-1-300x200.jpeg 300w, https:\/\/contraluzcucuta.co\/wp-content\/uploads\/2024\/03\/HERNANDO-MORA-1-600x400.jpeg 600w, https:\/\/contraluzcucuta.co\/wp-content\/uploads\/2024\/03\/HERNANDO-MORA-1-1024x682.jpeg 1024w, https:\/\/contraluzcucuta.co\/wp-content\/uploads\/2024\/03\/HERNANDO-MORA-1-768x512.jpeg 768w, https:\/\/contraluzcucuta.co\/wp-content\/uploads\/2024\/03\/HERNANDO-MORA-1-310x205.jpeg 310w, https:\/\/contraluzcucuta.co\/wp-content\/uploads\/2024\/03\/HERNANDO-MORA-1.jpeg 1280w\" sizes=\"auto, (max-width: 249px) 100vw, 249px\" \/><\/a><figcaption id=\"caption-attachment-41270\" class=\"wp-caption-text\"><em>Foto: nortedesantander.gov.co<\/em><\/figcaption><\/figure>\n<p>1.- ESE Hospital Universitario Erasmo Meoz: Hernando Mora<\/p>\n<p>2.- ESE Hospital San Juan de Dios de Pamplona: Luis Daniel Verjel<\/p>\n<p>3.- Centro de Rehabilitaci\u00f3n Cardioneuromuscular: Eleonora D\u00edaz<\/p>\n<p>4.- ESE Hospital Regional Occidente \u2013 C\u00e1chira: Andrea Torres<\/p>\n<p>5.- Hospital Emiro Quintero Ca\u00f1izares: Elmer Tamayo<\/p>\n<p>6.- ESE Hospital Regional Noroccidental \u2013 \u00c1brego: Jaichirley Caro<\/p>\n<p>7.- ESE Hospital Regional Suroriental \u2013 Chin\u00e1cota: Katherine Calabr\u00f3<\/p>\n<p>8.- ESE Hospital Regional Norte \u2013 Tib\u00fa: Ana Mar\u00eda P\u00e9rez<\/p>\n<p>9.- ESE Hospital Regional Centro \u2013 Gramalote: Claudia Bel\u00e9n Julio<\/p>\n<p>10.-Hospital Mental Rudesindo Soto: Jes\u00fas Emilio Rinc\u00f3n<\/p>\n","protected":false},"excerpt":{"rendered":"<p>C\u00daCUTA.- Luego de cumplirse con los procesos de postulaci\u00f3n y verificaci\u00f3n del cumplimiento de requisitos, el gobernador William Villamizar hizo el nombramiento de los gerentes departamentales de las 10 Empresas Sociales del Estado. Los elegidos justificaron la preparaci\u00f3n acad\u00e9mica y la experiencia. Tambi\u00e9n, presentaron el Test Proyecto Gr\u00e1fico Watergg. Los 10 nuevos gerentes no tienen &hellip;<\/p>\n","protected":false},"author":1,"featured_media":41269,"comment_status":"open","ping_status":"open","sticky":false,"template":"","format":"standard","meta":{"footnotes":""},"categories":[4,32],"tags":[6189,6188,836,6187],"class_list":["post-41268","post","type-post","status-publish","format-standard","has-post-thumbnail","hentry","category-barra","category-recorrido-por-la-region","tag-empresas-sociales-del-estado","tag-hernando-mora","tag-hospital-erasmo-meoz","tag-hospital-san-juan-de-dios"],"_links":{"self":[{"href":"https:\/\/contraluzcucuta.co\/index.php?rest_route=\/wp\/v2\/posts\/41268","targetHints":{"allow":["GET"]}}],"collection":[{"href":"https:\/\/contraluzcucuta.co\/index.php?rest_route=\/wp\/v2\/posts"}],"about":[{"href":"https:\/\/contraluzcucuta.co\/index.php?rest_route=\/wp\/v2\/types\/post"}],"author":[{"embeddable":true,"href":"https:\/\/contraluzcucuta.co\/index.php?rest_route=\/wp\/v2\/users\/1"}],"replies":[{"embeddable":true,"href":"https:\/\/contraluzcucuta.co\/index.php?rest_route=%2Fwp%2Fv2%2Fcomments&post=41268"}],"version-history":[{"count":1,"href":"https:\/\/contraluzcucuta.co\/index.php?rest_route=\/wp\/v2\/posts\/41268\/revisions"}],"predecessor-version":[{"id":41271,"href":"https:\/\/contraluzcucuta.co\/index.php?rest_route=\/wp\/v2\/posts\/41268\/revisions\/41271"}],"wp:featuredmedia":[{"embeddable":true,"href":"https:\/\/contraluzcucuta.co\/index.php?rest_route=\/wp\/v2\/media\/41269"}],"wp:attachment":[{"href":"https:\/\/contraluzcucuta.co\/index.php?rest_route=%2Fwp%2Fv2%2Fmedia&parent=41268"}],"wp:term":[{"taxonomy":"category","embeddable":true,"href":"https:\/\/contraluzcucuta.co\/index.php?rest_route=%2Fwp%2Fv2%2Fcategories&post=41268"},{"taxonomy":"post_tag","embeddable":true,"href":"https:\/\/contraluzcucuta.co\/index.php?rest_route=%2Fwp%2Fv2%2Ftags&post=41268"}],"curies":[{"name":"wp","href":"https:\/\/api.w.org\/{rel}","templated":true}]}}