{"id":41261,"date":"2024-03-22T20:47:06","date_gmt":"2024-03-23T01:47:06","guid":{"rendered":"https:\/\/contraluzcucuta.co\/?p=41261"},"modified":"2024-03-22T20:47:06","modified_gmt":"2024-03-23T01:47:06","slug":"conversaciones-de-entre-casa-vea-nunca-me-he-salido-de-los-zapatos-javier-suarez","status":"publish","type":"post","link":"https:\/\/contraluzcucuta.co\/?p=41261","title":{"rendered":"CONVERSACIONES DE ENTRE CASA. Vea, nunca me he salido de los zapatos: Javier Su\u00e1rez"},"content":{"rendered":"<p style=\"padding-left: 40px; text-align: right;\"><strong><span style=\"color: #ff9900;\">LA CEJA \u2013 Antioquia.- El tiempo se encarga de volver humanos a los \u00eddolos de la infancia. Esas figuras inalcanzables, de repente, aparecen ante los ojos del otrora ni\u00f1o que admiraba las haza\u00f1as del personaje. Esa especie de h\u00e9roe, sin antifaz ni capa, estaba ah\u00ed, vestido de traje gris. Los a\u00f1os se devolvieron al abrir y cerrar los ojos, as\u00ed de r\u00e1pido.<\/span><\/strong><\/p>\n<p><a href=\"https:\/\/contraluzcucuta.co\/wp-content\/uploads\/2024\/03\/NATO-SUAREZ-2.jpeg\"><img loading=\"lazy\" decoding=\"async\" class=\"alignnone  wp-image-41263 alignleft\" src=\"https:\/\/contraluzcucuta.co\/wp-content\/uploads\/2024\/03\/NATO-SUAREZ-2-300x225.jpeg\" alt=\"\" width=\"245\" height=\"184\" srcset=\"https:\/\/contraluzcucuta.co\/wp-content\/uploads\/2024\/03\/NATO-SUAREZ-2-300x225.jpeg 300w, https:\/\/contraluzcucuta.co\/wp-content\/uploads\/2024\/03\/NATO-SUAREZ-2-600x450.jpeg 600w, https:\/\/contraluzcucuta.co\/wp-content\/uploads\/2024\/03\/NATO-SUAREZ-2-1024x768.jpeg 1024w, https:\/\/contraluzcucuta.co\/wp-content\/uploads\/2024\/03\/NATO-SUAREZ-2-768x576.jpeg 768w, https:\/\/contraluzcucuta.co\/wp-content\/uploads\/2024\/03\/NATO-SUAREZ-2-1536x1152.jpeg 1536w, https:\/\/contraluzcucuta.co\/wp-content\/uploads\/2024\/03\/NATO-SUAREZ-2.jpeg 1600w\" sizes=\"auto, (max-width: 245px) 100vw, 245px\" \/><\/a><\/p>\n<p>Decir Javier Su\u00e1rez, quiz\u00e1s, no cause admiraci\u00f3n ni curiosidad. Es otro mortal que se prepara para asistir al matrimonio de la unig\u00e9nita. Por eso lleva un clavel en la solapa. Decir \u00d1ato Su\u00e1rez cambia el semblante del sorprendido veterano que creci\u00f3 mientras escuchaba de sus haza\u00f1as individuales trepado en un corcel m\u00e1s de hierro que de acero.<\/p>\n<ul>\n<li><em>Todav\u00eda no me he bajado del caballito. Sigo montando, sigo pedaleando. Cuando dej\u00e9 de participar en las carreras me dediqu\u00e9 a trabajar y a estudiar.<\/em><\/li>\n<\/ul>\n<p>Nacido en Donmat\u00edas (Antioquia &#8211; 3 de septiembre de 1943), hizo parte de la pl\u00e9yade de ciclistas colombianos que recorrieron las carreteras, escalaron las monta\u00f1as, descubrieron pueblitos, esparcieron alegr\u00eda, inundaron de gloria al deporte y sembraron las semillas de esta disciplina. Todo ocurri\u00f3 en la d\u00e9cada de 1960. El curr\u00edculo dice que gan\u00f3 la Vuelta a Colombia en 1965 y el Cl\u00e1sico RCN en 1965 y 1966.<\/p>\n<p>Ahora, rememora esos momentos de j\u00fabilo. Pr\u00f3ximo a cumplir 81 a\u00f1os, repasa con claridad di\u00e1fana los pedalazos que lo convirtieron en campe\u00f3n, que lo encumbraron y que lo mantienen vivo en la mente de los aficionados. Los nortesantandereanos lo vieron por \u00faltima vez en carretera, por all\u00e1 en 1990. La etapa despeg\u00f3 en Medell\u00edn, pas\u00f3 por Bucaramanga y lleg\u00f3 a C\u00facuta.<\/p>\n<ul>\n<li><em>La \u00faltima competencia que corr\u00ed en Norte de Santander fue la Vuelta a Colombia que sali\u00f3 de San Crist\u00f3bal, en 1965. <\/em><\/li>\n<\/ul>\n<p><a href=\"https:\/\/contraluzcucuta.co\/wp-content\/uploads\/2024\/03\/NATO-SUAREZ-11.jpeg\"><img loading=\"lazy\" decoding=\"async\" class=\"alignnone  wp-image-41264 alignleft\" src=\"https:\/\/contraluzcucuta.co\/wp-content\/uploads\/2024\/03\/NATO-SUAREZ-11-300x225.jpeg\" alt=\"\" width=\"247\" height=\"185\" srcset=\"https:\/\/contraluzcucuta.co\/wp-content\/uploads\/2024\/03\/NATO-SUAREZ-11-300x225.jpeg 300w, https:\/\/contraluzcucuta.co\/wp-content\/uploads\/2024\/03\/NATO-SUAREZ-11-600x450.jpeg 600w, https:\/\/contraluzcucuta.co\/wp-content\/uploads\/2024\/03\/NATO-SUAREZ-11-1024x768.jpeg 1024w, https:\/\/contraluzcucuta.co\/wp-content\/uploads\/2024\/03\/NATO-SUAREZ-11-768x576.jpeg 768w, https:\/\/contraluzcucuta.co\/wp-content\/uploads\/2024\/03\/NATO-SUAREZ-11-1536x1152.jpeg 1536w, https:\/\/contraluzcucuta.co\/wp-content\/uploads\/2024\/03\/NATO-SUAREZ-11.jpeg 1600w\" sizes=\"auto, (max-width: 247px) 100vw, 247px\" \/><\/a><\/p>\n<p>El ciclismo no le dej\u00f3 dinero, pero est\u00e1 satisfecho con el cari\u00f1o, el afecto y los aplausos heredados de la afici\u00f3n. No le quit\u00f3 nada. Antes lo contrario, lo que ahora es se lo debe a esta disciplina. Y viene el uno de los ciclistas nacionales, d\u00e9cada por d\u00e9cada.<\/p>\n<p>Primero, aclara, con cara seria, que el ciclismo fue bueno de 1950 a 1990, con estrellas y grandes corredores. Del 90 para ac\u00e1, ha habido excelentes pedalistas, pero no tan grandes como los enmarcados en aquellos 40a\u00f1os.<\/p>\n<p>En los 50, Efra\u00edn Forero y Ram\u00f3n Hoyos. En los 60, Cochise y \u00d1ato Su\u00e1rez. En los 70, Rafael Antonio Ni\u00f1o. En los 80, Lucho Herrera y Fabio Parra.<\/p>\n<ul>\n<li><em>De ah\u00ed en adelante el deporte tiene conformismo. Hoy, la gente solo se preocupa por el dinero. A m\u00ed no me convencen. Hemos perdido a los grandes escaladores.<\/em><\/li>\n<\/ul>\n<p>Egan Bernal gan\u00f3 el Tour y el Giro. Javier Su\u00e1rez, sin demeritar esos triunfos, se\u00f1al\u00f3 que no les gan\u00f3 a los protagonistas del pasado. Hoy, tiene claro que al ciclista de esta era le faltan agallas y m\u00e1s ganas para competir y ganar.<\/p>\n<p><a href=\"https:\/\/contraluzcucuta.co\/wp-content\/uploads\/2024\/03\/NATO-SUAREZ-10.jpeg\"><img loading=\"lazy\" decoding=\"async\" class=\"alignnone  wp-image-41265 alignleft\" src=\"https:\/\/contraluzcucuta.co\/wp-content\/uploads\/2024\/03\/NATO-SUAREZ-10-300x225.jpeg\" alt=\"\" width=\"240\" height=\"180\" srcset=\"https:\/\/contraluzcucuta.co\/wp-content\/uploads\/2024\/03\/NATO-SUAREZ-10-300x225.jpeg 300w, https:\/\/contraluzcucuta.co\/wp-content\/uploads\/2024\/03\/NATO-SUAREZ-10-600x450.jpeg 600w, https:\/\/contraluzcucuta.co\/wp-content\/uploads\/2024\/03\/NATO-SUAREZ-10-1024x768.jpeg 1024w, https:\/\/contraluzcucuta.co\/wp-content\/uploads\/2024\/03\/NATO-SUAREZ-10-768x576.jpeg 768w, https:\/\/contraluzcucuta.co\/wp-content\/uploads\/2024\/03\/NATO-SUAREZ-10-1536x1152.jpeg 1536w, https:\/\/contraluzcucuta.co\/wp-content\/uploads\/2024\/03\/NATO-SUAREZ-10.jpeg 1600w\" sizes=\"auto, (max-width: 240px) 100vw, 240px\" \/><\/a><\/p>\n<p>Si la vida la comparara con una carrera, considera que est\u00e1 preparado para partir a la etapa final y descansar. Por eso, en estos d\u00edas disfruta con lo que la gente le ha dado y con lo hecho en 966 meses.<\/p>\n<ul>\n<li><em>El mejor premio de monta\u00f1a coronado en la vida es el haber llegado a Suramericana de Seguros y llegarle al p\u00fablico, porque a estas alturas, despu\u00e9s de 50 a\u00f1os sin competir, que se acuerden de uno eso es muy lindo.<\/em><\/li>\n<\/ul>\n<p>Entre los recuerdos importantes est\u00e1 el haberle ganado a Mart\u00edn Emilio Rodr\u00edguez y a los dem\u00e1s corredores de la \u00e9poca. A Cochise no lo ve\u00eda como enemigo, sino como al amigo que deb\u00eda vencer. Solo los separaban los patrocinadores. Por eso no cree que hubiera sido la sombra del campe\u00f3n mundial de la hora.<\/p>\n<p>En este momento, sentado ah\u00ed en una banca de madera, Javier Su\u00e1rez, o El \u00d1ato, es un hombre normal que se siente emocionado y agradecido con quienes lo recuerdan.<\/p>\n<ul>\n<li><em>Vea, Javier Su\u00e1rez, nunca se ha salido de los zapatos. Siempre he permanecido humilde, agradecido y trabajador. Eso me lo ense\u00f1\u00f3 la vida. Es que no tengo porqu\u00e9 salirme de mi camino cuando la gente me est\u00e1 ovacionando.<\/em><\/li>\n<\/ul>\n<p><a href=\"https:\/\/contraluzcucuta.co\/wp-content\/uploads\/2024\/03\/NATO-SUAREZ-13.jpeg\"><img loading=\"lazy\" decoding=\"async\" class=\"alignnone  wp-image-41266 alignleft\" src=\"https:\/\/contraluzcucuta.co\/wp-content\/uploads\/2024\/03\/NATO-SUAREZ-13-225x300.jpeg\" alt=\"\" width=\"209\" height=\"279\" srcset=\"https:\/\/contraluzcucuta.co\/wp-content\/uploads\/2024\/03\/NATO-SUAREZ-13-225x300.jpeg 225w, https:\/\/contraluzcucuta.co\/wp-content\/uploads\/2024\/03\/NATO-SUAREZ-13-600x800.jpeg 600w, https:\/\/contraluzcucuta.co\/wp-content\/uploads\/2024\/03\/NATO-SUAREZ-13-768x1024.jpeg 768w, https:\/\/contraluzcucuta.co\/wp-content\/uploads\/2024\/03\/NATO-SUAREZ-13-1152x1536.jpeg 1152w, https:\/\/contraluzcucuta.co\/wp-content\/uploads\/2024\/03\/NATO-SUAREZ-13.jpeg 1200w\" sizes=\"auto, (max-width: 209px) 100vw, 209px\" \/><\/a><\/p>\n<p>D\u00eda de por medio sale a montar en la \u00faltima bicicleta que compr\u00f3 en alg\u00fan momento. Hace un promedio de 50 kil\u00f3metros, no con la vitalidad de los a\u00f1os mozos, sino con la parsimonia del hombre que ahora no compite, sino que se entretiene y pedalea cuando los carros, los motociclistas y la inseguridad lo dejan.<\/p>\n<p><strong>\u00bfQu\u00e9 le hubiera gustado ganar como deportista?<\/strong><\/p>\n<ul>\n<li><em>Fui una persona normal dentro del deporte. Decir que fui ambicioso o codicioso por los triunfos o por el dinero, no. He tenido bien los pies sobre la tierra.<\/em><\/li>\n<\/ul>\n<p><strong>\u00bfEn qu\u00e9 parte de Colombia se sinti\u00f3 mejor en competencia?<\/strong><\/p>\n<ul>\n<li><em>Para m\u00ed la gente de la \u00e9poca es maravillosa. La gente del campo, de las veredas, de las ciudades, sacaban tiempo para trasladarse de un lugar a otro y se quedaban parados en la v\u00eda para ver pasar a un ciclista.<\/em><\/li>\n<\/ul>\n<p><strong>\u00bfC\u00f3mo le ha retribuido al pa\u00eds por lo que le dio como ciclista?<\/strong><\/p>\n<ul>\n<li><em>En el pa\u00eds o el departamento al que pertenecemos, los deportistas hemos pasado inadvertidos. Pero el p\u00fablico es lo m\u00e1s grande. De nadie he esperado nada.<\/em><\/li>\n<\/ul>\n<p><strong>RAFAEL ANTONIO PAB\u00d3N<\/strong><\/p>\n<p><strong><a href=\"mailto:rafaelpabon58@hotmail.com\">rafaelpabon58@hotmail.com<\/a><\/strong><\/p>\n","protected":false},"excerpt":{"rendered":"<p>LA CEJA \u2013 Antioquia.- El tiempo se encarga de volver humanos a los \u00eddolos de la infancia. Esas figuras inalcanzables, de repente, aparecen ante los ojos del otrora ni\u00f1o que admiraba las haza\u00f1as del personaje. Esa especie de h\u00e9roe, sin antifaz ni capa, estaba ah\u00ed, vestido de traje gris. Los a\u00f1os se devolvieron al abrir &hellip;<\/p>\n","protected":false},"author":1,"featured_media":41262,"comment_status":"open","ping_status":"open","sticky":false,"template":"","format":"standard","meta":{"footnotes":""},"categories":[5970,45,4],"tags":[3021,5713,5935,6184,6185,6186],"class_list":["post-41261","post","type-post","status-publish","format-standard","has-post-thumbnail","hentry","category-conversaciones-de-entre-casa","category-destacado","category-barra","tag-ciclismo-colombiano","tag-clasico-rcn","tag-conversaciones-de-entre-casa","tag-javier-nato-suarez","tag-pedalistas","tag-vuelta-a-colombia"],"_links":{"self":[{"href":"https:\/\/contraluzcucuta.co\/index.php?rest_route=\/wp\/v2\/posts\/41261","targetHints":{"allow":["GET"]}}],"collection":[{"href":"https:\/\/contraluzcucuta.co\/index.php?rest_route=\/wp\/v2\/posts"}],"about":[{"href":"https:\/\/contraluzcucuta.co\/index.php?rest_route=\/wp\/v2\/types\/post"}],"author":[{"embeddable":true,"href":"https:\/\/contraluzcucuta.co\/index.php?rest_route=\/wp\/v2\/users\/1"}],"replies":[{"embeddable":true,"href":"https:\/\/contraluzcucuta.co\/index.php?rest_route=%2Fwp%2Fv2%2Fcomments&post=41261"}],"version-history":[{"count":1,"href":"https:\/\/contraluzcucuta.co\/index.php?rest_route=\/wp\/v2\/posts\/41261\/revisions"}],"predecessor-version":[{"id":41267,"href":"https:\/\/contraluzcucuta.co\/index.php?rest_route=\/wp\/v2\/posts\/41261\/revisions\/41267"}],"wp:featuredmedia":[{"embeddable":true,"href":"https:\/\/contraluzcucuta.co\/index.php?rest_route=\/wp\/v2\/media\/41262"}],"wp:attachment":[{"href":"https:\/\/contraluzcucuta.co\/index.php?rest_route=%2Fwp%2Fv2%2Fmedia&parent=41261"}],"wp:term":[{"taxonomy":"category","embeddable":true,"href":"https:\/\/contraluzcucuta.co\/index.php?rest_route=%2Fwp%2Fv2%2Fcategories&post=41261"},{"taxonomy":"post_tag","embeddable":true,"href":"https:\/\/contraluzcucuta.co\/index.php?rest_route=%2Fwp%2Fv2%2Ftags&post=41261"}],"curies":[{"name":"wp","href":"https:\/\/api.w.org\/{rel}","templated":true}]}}