{"id":41255,"date":"2024-03-22T05:45:10","date_gmt":"2024-03-22T10:45:10","guid":{"rendered":"https:\/\/contraluzcucuta.co\/?p=41255"},"modified":"2024-03-22T05:45:10","modified_gmt":"2024-03-22T10:45:10","slug":"emergencia-ambiental-comercio-reporta-perdidas-superiores-a-los-20-000-millones","status":"publish","type":"post","link":"https:\/\/contraluzcucuta.co\/?p=41255","title":{"rendered":"EMERGENCIA AMBIENTAL. Comercio reporta p\u00e9rdidas superiores a los $ 20.000 millones"},"content":{"rendered":"<p style=\"padding-left: 40px; text-align: right;\"><strong><span style=\"color: #ff9900;\">C\u00daCUTA.- Preocupa al gremio de comerciantes y empresarios, reunidos en Fenalco, las medidas implementadas para conjurar la crisis ambiental que vive la ciudad. Pareciera ser que no le est\u00e1 quedando f\u00e1cil al Alcalde (Jorge Acevedo) gobernar con tantos problemas. La ciudad grita por todos sus poros que se restablezca el orden y se apliquen controles en todas las esferas de su quehacer social.<\/span><\/strong><\/p>\n<p><a href=\"https:\/\/contraluzcucuta.co\/wp-content\/uploads\/2024\/03\/COMERCIO-3.jpg\"><img loading=\"lazy\" decoding=\"async\" class=\"alignnone  wp-image-41257 alignleft\" src=\"https:\/\/contraluzcucuta.co\/wp-content\/uploads\/2024\/03\/COMERCIO-3-300x150.jpg\" alt=\"\" width=\"248\" height=\"124\" srcset=\"https:\/\/contraluzcucuta.co\/wp-content\/uploads\/2024\/03\/COMERCIO-3-300x150.jpg 300w, https:\/\/contraluzcucuta.co\/wp-content\/uploads\/2024\/03\/COMERCIO-3-600x300.jpg 600w, https:\/\/contraluzcucuta.co\/wp-content\/uploads\/2024\/03\/COMERCIO-3.jpg 660w\" sizes=\"auto, (max-width: 248px) 100vw, 248px\" \/><\/a><\/p>\n<p>El balance econ\u00f3mico del trimestre es desastroso. Cientos de empresas se han visto obligadas a cerrar sus operaciones comerciales con las consecuencias directas sobre el empleo. La seguridad registra que el 82 % de los delitos se cometen en C\u00facuta y el \u00c1rea Metropolitana.<\/p>\n<p>Como si fuera poco, una crisis ambiental, improvisadamente manejada, nos obliga a revivir los dif\u00edciles d\u00edas del tapabocas obligatorio para protegernos, no de un virus, sino de gases t\u00f3xicos, pero que tampoco se le explica a la ciudadan\u00eda porqu\u00e9 hay que usarlos. De ah\u00ed que algunos habitantes de la ciudad no han atendido esta medida.<\/p>\n<p>Las medidas implementadas por las autoridades locales, como la restricci\u00f3n del uso de motos y veh\u00edculos particulares, aunado a la suspensi\u00f3n de clases, no mejoran las condiciones ambientales; sin embargo, atomizan la din\u00e1mica diaria de la ciudad, repercutiendo en calles solitarias, comercios vac\u00edos y p\u00e9rdidas econ\u00f3micas superiores a los $ 20.000 millones, las cuales, en \u00e9pocas de vacas flacas, contribuyen en grado superior a la evidente desaceleraci\u00f3n econ\u00f3mica.<\/p>\n<p>Desde Fenalco apoyamos las actividades tendientes a mitigar la emergencia de contaminaci\u00f3n actual, pero hacemos un llamado respetuoso y contundente a las autoridades locales para que el remedio no resulte peor que la enfermedad. La ciudad no resiste m\u00e1s restricciones de movilidad y necesita con urgencia un trabajo articulado que nos permita superar las crisis actuales. Seg\u00fan estudios del gremio, febrero present\u00f3 el peor desempe\u00f1o econ\u00f3mico en los \u00faltimos a\u00f1os, lo cual nos lleva a replantearnos si vamos por el camino correcto.<\/p>\n<p>Finalmente, Fenalco invita a las autoridades a tener mayor cercan\u00eda y empat\u00eda con los gremios de la regi\u00f3n, pues podemos ser veh\u00edculos facilitadores de las pol\u00edticas y medidas que deban implementarse, pero tambi\u00e9n podemos contribuir de manera positiva y propositiva a mejorar la calidad de vida de los cucute\u00f1os.<\/p>\n","protected":false},"excerpt":{"rendered":"<p>C\u00daCUTA.- Preocupa al gremio de comerciantes y empresarios, reunidos en Fenalco, las medidas implementadas para conjurar la crisis ambiental que vive la ciudad. Pareciera ser que no le est\u00e1 quedando f\u00e1cil al Alcalde (Jorge Acevedo) gobernar con tantos problemas. La ciudad grita por todos sus poros que se restablezca el orden y se apliquen controles &hellip;<\/p>\n","protected":false},"author":1,"featured_media":41256,"comment_status":"open","ping_status":"open","sticky":false,"template":"","format":"standard","meta":{"footnotes":""},"categories":[4,36],"tags":[5950,6183,1526],"class_list":["post-41255","post","type-post","status-publish","format-standard","has-post-thumbnail","hentry","category-barra","category-la-voz-del-pueblo","tag-alcalde-jorge-acevedo","tag-emergencia-ambiental","tag-fenalco-norte-de-santander"],"_links":{"self":[{"href":"https:\/\/contraluzcucuta.co\/index.php?rest_route=\/wp\/v2\/posts\/41255","targetHints":{"allow":["GET"]}}],"collection":[{"href":"https:\/\/contraluzcucuta.co\/index.php?rest_route=\/wp\/v2\/posts"}],"about":[{"href":"https:\/\/contraluzcucuta.co\/index.php?rest_route=\/wp\/v2\/types\/post"}],"author":[{"embeddable":true,"href":"https:\/\/contraluzcucuta.co\/index.php?rest_route=\/wp\/v2\/users\/1"}],"replies":[{"embeddable":true,"href":"https:\/\/contraluzcucuta.co\/index.php?rest_route=%2Fwp%2Fv2%2Fcomments&post=41255"}],"version-history":[{"count":1,"href":"https:\/\/contraluzcucuta.co\/index.php?rest_route=\/wp\/v2\/posts\/41255\/revisions"}],"predecessor-version":[{"id":41258,"href":"https:\/\/contraluzcucuta.co\/index.php?rest_route=\/wp\/v2\/posts\/41255\/revisions\/41258"}],"wp:featuredmedia":[{"embeddable":true,"href":"https:\/\/contraluzcucuta.co\/index.php?rest_route=\/wp\/v2\/media\/41256"}],"wp:attachment":[{"href":"https:\/\/contraluzcucuta.co\/index.php?rest_route=%2Fwp%2Fv2%2Fmedia&parent=41255"}],"wp:term":[{"taxonomy":"category","embeddable":true,"href":"https:\/\/contraluzcucuta.co\/index.php?rest_route=%2Fwp%2Fv2%2Fcategories&post=41255"},{"taxonomy":"post_tag","embeddable":true,"href":"https:\/\/contraluzcucuta.co\/index.php?rest_route=%2Fwp%2Fv2%2Ftags&post=41255"}],"curies":[{"name":"wp","href":"https:\/\/api.w.org\/{rel}","templated":true}]}}