{"id":41251,"date":"2024-03-22T05:34:56","date_gmt":"2024-03-22T10:34:56","guid":{"rendered":"https:\/\/contraluzcucuta.co\/?p=41251"},"modified":"2024-03-22T05:34:56","modified_gmt":"2024-03-22T10:34:56","slug":"semana-santa-monitoreo-en-vias-del-departamento","status":"publish","type":"post","link":"https:\/\/contraluzcucuta.co\/?p=41251","title":{"rendered":"SEMANA SANTA. Monitoreo en v\u00edas del departamento"},"content":{"rendered":"<p style=\"padding-left: 40px; text-align: right;\"><strong><span style=\"color: #ff9900;\">C\u00daCUTA.- Nueve puntos estrat\u00e9gicos de prevenci\u00f3n de la seccional de Tr\u00e1nsito y Transporte ser\u00e1n monitoreados, entre el 22 y 31 de marzo, en cumplimiento del plan de seguimiento a los comportamientos de los actores viales en las carreteras del departamento. La decisi\u00f3n se tom\u00f3 en el Puesto de Mando Unificado (PMU) liderado por la direcci\u00f3n Territorial Norte de Santander \u2013 Arauca del Ministerio de Transporte, y en el que participan la Gobernaci\u00f3n y autoridades de Tr\u00e1nsito.<\/span><\/strong><\/p>\n<figure id=\"attachment_41253\" aria-describedby=\"caption-attachment-41253\" style=\"width: 246px\" class=\"wp-caption alignleft\"><a href=\"https:\/\/contraluzcucuta.co\/wp-content\/uploads\/2024\/03\/POLICIA-DE-TRANSITO-4.jpg\"><img loading=\"lazy\" decoding=\"async\" class=\" wp-image-41253\" src=\"https:\/\/contraluzcucuta.co\/wp-content\/uploads\/2024\/03\/POLICIA-DE-TRANSITO-4-300x188.jpg\" alt=\"\" width=\"246\" height=\"154\" srcset=\"https:\/\/contraluzcucuta.co\/wp-content\/uploads\/2024\/03\/POLICIA-DE-TRANSITO-4-300x188.jpg 300w, https:\/\/contraluzcucuta.co\/wp-content\/uploads\/2024\/03\/POLICIA-DE-TRANSITO-4.jpg 600w\" sizes=\"auto, (max-width: 246px) 100vw, 246px\" \/><\/a><figcaption id=\"caption-attachment-41253\" class=\"wp-caption-text\"><em>Foto: kesedice.com<\/em><\/figcaption><\/figure>\n<p>Los puntos de prevenci\u00f3n se desplegar\u00e1n en las v\u00edas nacionales C\u00facuta \u2013 Cesar y C\u00facuta \u2013 Bucaramanga. Estar\u00e1n ubicados en Oca\u00f1a, \u00c1brego, Sardinata, El Zulia, Puerto Santander, Los Acacios, Pamplonita, Bochalema y La Laguna. La vigilancia correr\u00e1 por cuenta de 205 polic\u00edas, inform\u00f3 el mayor Jos\u00e9 Daniel Ortiz, jefe de la Seccional Tr\u00e1nsito y Transporte del Departamento de Polic\u00eda de Norte de Santander.<\/p>\n<p>\u201cEl prop\u00f3sito es organizar y planear la movilidad durante el puente festivo y Semana Santa 2024\u201d, dijo el secretario de Tr\u00e1nsito de Norte de Santander, Carlos Orozco R\u00edos. Se ha hecho \u00e9nfasis en garantizar la seguridad de conductores y peatones, \u201ca quienes invitamos a transitar con tranquilidad y cumpliendo las normas, para que puedan viajar y retornar a sus hogares en perfectas condiciones\u201d.<\/p>\n<p>En la Semana Mayor habr\u00e1 restricci\u00f3n en la v\u00eda C\u00facuta \u2013 Pamplona \u2013 Bucaramanga para veh\u00edculos de carga pesada mayor a 3,4 toneladas. Los horarios son los siguientes:<\/p>\n<ul>\n<li>23 de marzo. 8:00 de la ma\u00f1ana a 3:00 de la tarde.<\/li>\n<li>25 de marzo. 10:00 de la ma\u00f1ana a 10:00 de la noche.<\/li>\n<li>28 de marzo. 8:00 de la ma\u00f1ana a 3:00 de la tarde.<\/li>\n<li>30 de marzo. 4:00 de la tarde a 10:00 de la noche.<\/li>\n<li>31 de marzo. 10:00 de la ma\u00f1ana a 11:00 de la noche.<\/li>\n<\/ul>\n<p>En la labor conjunta trabajar\u00e1n las secretar\u00edas de Tr\u00e1nsito Departamental y municipales, Polic\u00eda, Agencia Nacional de Seguridad Vial y terminales de transporte, con apoyo de la Defensa Civil y la Cruz Roja.<\/p>\n<p><strong>CLAUDIA LIZETH VESGA<\/strong><\/p>\n<p><strong>Prensa &#8211; Gobernaci\u00f3n<\/strong><\/p>\n","protected":false},"excerpt":{"rendered":"<p>C\u00daCUTA.- Nueve puntos estrat\u00e9gicos de prevenci\u00f3n de la seccional de Tr\u00e1nsito y Transporte ser\u00e1n monitoreados, entre el 22 y 31 de marzo, en cumplimiento del plan de seguimiento a los comportamientos de los actores viales en las carreteras del departamento. La decisi\u00f3n se tom\u00f3 en el Puesto de Mando Unificado (PMU) liderado por la direcci\u00f3n &hellip;<\/p>\n","protected":false},"author":1,"featured_media":41252,"comment_status":"open","ping_status":"open","sticky":false,"template":"","format":"standard","meta":{"footnotes":""},"categories":[4,32],"tags":[3420,3810,6182],"class_list":["post-41251","post","type-post","status-publish","format-standard","has-post-thumbnail","hentry","category-barra","category-recorrido-por-la-region","tag-ministerio-de-transporte","tag-puesto-de-mando-unificado","tag-vias-nacionales"],"_links":{"self":[{"href":"https:\/\/contraluzcucuta.co\/index.php?rest_route=\/wp\/v2\/posts\/41251","targetHints":{"allow":["GET"]}}],"collection":[{"href":"https:\/\/contraluzcucuta.co\/index.php?rest_route=\/wp\/v2\/posts"}],"about":[{"href":"https:\/\/contraluzcucuta.co\/index.php?rest_route=\/wp\/v2\/types\/post"}],"author":[{"embeddable":true,"href":"https:\/\/contraluzcucuta.co\/index.php?rest_route=\/wp\/v2\/users\/1"}],"replies":[{"embeddable":true,"href":"https:\/\/contraluzcucuta.co\/index.php?rest_route=%2Fwp%2Fv2%2Fcomments&post=41251"}],"version-history":[{"count":1,"href":"https:\/\/contraluzcucuta.co\/index.php?rest_route=\/wp\/v2\/posts\/41251\/revisions"}],"predecessor-version":[{"id":41254,"href":"https:\/\/contraluzcucuta.co\/index.php?rest_route=\/wp\/v2\/posts\/41251\/revisions\/41254"}],"wp:featuredmedia":[{"embeddable":true,"href":"https:\/\/contraluzcucuta.co\/index.php?rest_route=\/wp\/v2\/media\/41252"}],"wp:attachment":[{"href":"https:\/\/contraluzcucuta.co\/index.php?rest_route=%2Fwp%2Fv2%2Fmedia&parent=41251"}],"wp:term":[{"taxonomy":"category","embeddable":true,"href":"https:\/\/contraluzcucuta.co\/index.php?rest_route=%2Fwp%2Fv2%2Fcategories&post=41251"},{"taxonomy":"post_tag","embeddable":true,"href":"https:\/\/contraluzcucuta.co\/index.php?rest_route=%2Fwp%2Fv2%2Ftags&post=41251"}],"curies":[{"name":"wp","href":"https:\/\/api.w.org\/{rel}","templated":true}]}}