{"id":41247,"date":"2024-03-22T05:22:48","date_gmt":"2024-03-22T10:22:48","guid":{"rendered":"https:\/\/contraluzcucuta.co\/?p=41247"},"modified":"2024-03-22T05:22:48","modified_gmt":"2024-03-22T10:22:48","slug":"5ta-con-5ta-paz-al-aire-las-voces-y-narrativas-de-sus-territorios","status":"publish","type":"post","link":"https:\/\/contraluzcucuta.co\/?p=41247","title":{"rendered":"5ta con 5ta. Paz al Aire, las voces y narrativas de sus territorios"},"content":{"rendered":"<p style=\"padding-left: 40px; text-align: right;\"><strong><span style=\"color: #ff9900;\">C\u00daCUTA.- En El Catatumbo (Convenci\u00f3n, Sardinata, El Carmen y Teorama), la Fundaci\u00f3n Cultura y Social 5ta con 5ta Crew promover\u00e1 el di\u00e1logo por medio del arte y la comunicaci\u00f3n. La tarea se cumplir\u00e1 por medio del proyecto Paz al Aire, Voces y Narrativas de los Territorios, respaldado por el Fondo Multidonante de las Naciones Unidas para la Paz.<\/span><\/strong><\/p>\n<p><a href=\"https:\/\/contraluzcucuta.co\/wp-content\/uploads\/2024\/03\/AHIMAN-JORGE-BOTELLO-3.jpg\"><img loading=\"lazy\" decoding=\"async\" class=\"alignnone  wp-image-41249 alignleft\" src=\"https:\/\/contraluzcucuta.co\/wp-content\/uploads\/2024\/03\/AHIMAN-JORGE-BOTELLO-3-300x200.jpg\" alt=\"\" width=\"248\" height=\"165\" srcset=\"https:\/\/contraluzcucuta.co\/wp-content\/uploads\/2024\/03\/AHIMAN-JORGE-BOTELLO-3-300x200.jpg 300w, https:\/\/contraluzcucuta.co\/wp-content\/uploads\/2024\/03\/AHIMAN-JORGE-BOTELLO-3-600x400.jpg 600w, https:\/\/contraluzcucuta.co\/wp-content\/uploads\/2024\/03\/AHIMAN-JORGE-BOTELLO-3-310x205.jpg 310w, https:\/\/contraluzcucuta.co\/wp-content\/uploads\/2024\/03\/AHIMAN-JORGE-BOTELLO-3.jpg 750w\" sizes=\"auto, (max-width: 248px) 100vw, 248px\" \/><\/a><\/p>\n<p>El objetivo es visibilizar sentires, habilidades y memorias vivas de las comunidades en busca de una convivencia pac\u00edfica en Colombia. La iniciativa llegar\u00e1 a 15 municipios de cinco departamentos. El prop\u00f3sito es fortalecer las habilidades comunicativas desde las culturas territoriales en torno a los acuerdos de paz y los Programas de Desarrollo con Enfoque Territorial (PDET).<\/p>\n<p>\u201cPara la 5ta con 5ta esta apuesta es de gran importancia\u201d, dijo el fundador Jorge Botello. Agreg\u00f3 que de esta manera cumplen con la misi\u00f3n de construir paz desde las nuevas generaciones y el arte.<\/p>\n<p>El recorrido lleno de \u2018juntanzas\u2019 municipales y regionales convoca a reporteros, redes de radios comunitarias, medios alternativos, artistas, lideres y organizaciones o colectivos sociales a vincularse a procesos de formaci\u00f3n y creaci\u00f3n de contenidos sonoros, audiovisuales, art\u00edsticos y gr\u00e1ficos que reflejen avances y retos de los PDET.<\/p>\n<p>Las comunidades favorecidas son las asentadas en las subregiones de Arauca (Saravena, Tame y Fortul), Sur de Bol\u00edvar (Arenal, Morales, Simit\u00ed, Santa Rosa del Sur y Yond\u00f3 \u2013 Antioquia) y Sierra Nevada \/ Perij\u00e1 (Agust\u00edn Codazzi, Manaure y La Jagua de Ibirico).\u202fAdem\u00e1s de El Catatumbo.<\/p>\n<p>En esos entornos educomunicativos se buscar\u00e1 la apropiaci\u00f3n de los PDET con la participaci\u00f3n de 120 personas que trabajar\u00e1n durante la implementaci\u00f3n del proyecto en el seriado multiformato Paz al Aire. La producci\u00f3n de 60 piezas comunicativas y art\u00edsticas tendr\u00e1 enfoque diferencial de g\u00e9nero que se difundir\u00e1 en medios digitales, tradicionales e institucionales.<\/p>\n<p>Paz al Aire tendr\u00e1 duraci\u00f3n de un a\u00f1o, de conversaciones y creatividad, con el objetivo de poner en el radar del pa\u00eds las Voces y Narrativas de los Territorios.<\/p>\n","protected":false},"excerpt":{"rendered":"<p>C\u00daCUTA.- En El Catatumbo (Convenci\u00f3n, Sardinata, El Carmen y Teorama), la Fundaci\u00f3n Cultura y Social 5ta con 5ta Crew promover\u00e1 el di\u00e1logo por medio del arte y la comunicaci\u00f3n. La tarea se cumplir\u00e1 por medio del proyecto Paz al Aire, Voces y Narrativas de los Territorios, respaldado por el Fondo Multidonante de las Naciones Unidas &hellip;<\/p>\n","protected":false},"author":1,"featured_media":41248,"comment_status":"open","ping_status":"open","sticky":false,"template":"","format":"standard","meta":{"footnotes":""},"categories":[4,37],"tags":[5308,1672,4819,4599],"class_list":["post-41247","post","type-post","status-publish","format-standard","has-post-thumbnail","hentry","category-barra","category-paseo-cultural","tag-5ta-con-5ta-crew","tag-jorge-botello","tag-municipios-pdet","tag-paseo-cultural"],"_links":{"self":[{"href":"https:\/\/contraluzcucuta.co\/index.php?rest_route=\/wp\/v2\/posts\/41247","targetHints":{"allow":["GET"]}}],"collection":[{"href":"https:\/\/contraluzcucuta.co\/index.php?rest_route=\/wp\/v2\/posts"}],"about":[{"href":"https:\/\/contraluzcucuta.co\/index.php?rest_route=\/wp\/v2\/types\/post"}],"author":[{"embeddable":true,"href":"https:\/\/contraluzcucuta.co\/index.php?rest_route=\/wp\/v2\/users\/1"}],"replies":[{"embeddable":true,"href":"https:\/\/contraluzcucuta.co\/index.php?rest_route=%2Fwp%2Fv2%2Fcomments&post=41247"}],"version-history":[{"count":1,"href":"https:\/\/contraluzcucuta.co\/index.php?rest_route=\/wp\/v2\/posts\/41247\/revisions"}],"predecessor-version":[{"id":41250,"href":"https:\/\/contraluzcucuta.co\/index.php?rest_route=\/wp\/v2\/posts\/41247\/revisions\/41250"}],"wp:featuredmedia":[{"embeddable":true,"href":"https:\/\/contraluzcucuta.co\/index.php?rest_route=\/wp\/v2\/media\/41248"}],"wp:attachment":[{"href":"https:\/\/contraluzcucuta.co\/index.php?rest_route=%2Fwp%2Fv2%2Fmedia&parent=41247"}],"wp:term":[{"taxonomy":"category","embeddable":true,"href":"https:\/\/contraluzcucuta.co\/index.php?rest_route=%2Fwp%2Fv2%2Fcategories&post=41247"},{"taxonomy":"post_tag","embeddable":true,"href":"https:\/\/contraluzcucuta.co\/index.php?rest_route=%2Fwp%2Fv2%2Ftags&post=41247"}],"curies":[{"name":"wp","href":"https:\/\/api.w.org\/{rel}","templated":true}]}}