{"id":41235,"date":"2024-03-21T05:14:37","date_gmt":"2024-03-21T10:14:37","guid":{"rendered":"https:\/\/contraluzcucuta.co\/?p=41235"},"modified":"2024-03-21T05:14:37","modified_gmt":"2024-03-21T10:14:37","slug":"decreto-0170-regreso-a-clases-presenciales","status":"publish","type":"post","link":"https:\/\/contraluzcucuta.co\/?p=41235","title":{"rendered":"DECRETO 0170. Regreso a clases presenciales"},"content":{"rendered":"<p style=\"padding-left: 40px; text-align: right;\"><strong><span style=\"color: #ff9900;\">C\u00daCUTA.- Los estudiantes en instituciones p\u00fablicas y privadas regresan, hoy, a clases presenciales. La decisi\u00f3n, tomada en concordancia con las recomendaciones de las autoridades de salud y educaci\u00f3n, refleja el compromiso con el bienestar y el desarrollo educativo de ni\u00f1os, adolescentes y j\u00f3venes.<\/span><\/strong><\/p>\n<p>\u201cMa\u00f1ana y pasado ma\u00f1ana si hay clases\u201d, anunci\u00f3 el alcalde Jorge Acevedo. Entendemos que la alerta roja es el ambiente, pero la salud est\u00e1 en alerta amarilla\u201d.<\/p>\n<p>El Decreto 0170 ser\u00e1 modificado, con el objetivo de garantizar un entorno seguro y propicio para el aprendizaje. Se mantendr\u00e1n vigentes el pico y placa par e impar, el uso obligatorio del tapabocas y la prohibici\u00f3n de la pr\u00e1ctica de actividades deportivas al aire libre.<\/p>\n","protected":false},"excerpt":{"rendered":"<p>C\u00daCUTA.- Los estudiantes en instituciones p\u00fablicas y privadas regresan, hoy, a clases presenciales. La decisi\u00f3n, tomada en concordancia con las recomendaciones de las autoridades de salud y educaci\u00f3n, refleja el compromiso con el bienestar y el desarrollo educativo de ni\u00f1os, adolescentes y j\u00f3venes. \u201cMa\u00f1ana y pasado ma\u00f1ana si hay clases\u201d, anunci\u00f3 el alcalde Jorge Acevedo. &hellip;<\/p>\n","protected":false},"author":1,"featured_media":41236,"comment_status":"open","ping_status":"open","sticky":false,"template":"","format":"standard","meta":{"footnotes":""},"categories":[2625,4],"tags":[226,6179,6178],"class_list":["post-41235","post","type-post","status-publish","format-standard","has-post-thumbnail","hentry","category-alcaldia-de-cucuta","category-barra","tag-alcaldia-de-cucuta","tag-decreto-0170","tag-regreso-a-clases"],"_links":{"self":[{"href":"https:\/\/contraluzcucuta.co\/index.php?rest_route=\/wp\/v2\/posts\/41235","targetHints":{"allow":["GET"]}}],"collection":[{"href":"https:\/\/contraluzcucuta.co\/index.php?rest_route=\/wp\/v2\/posts"}],"about":[{"href":"https:\/\/contraluzcucuta.co\/index.php?rest_route=\/wp\/v2\/types\/post"}],"author":[{"embeddable":true,"href":"https:\/\/contraluzcucuta.co\/index.php?rest_route=\/wp\/v2\/users\/1"}],"replies":[{"embeddable":true,"href":"https:\/\/contraluzcucuta.co\/index.php?rest_route=%2Fwp%2Fv2%2Fcomments&post=41235"}],"version-history":[{"count":1,"href":"https:\/\/contraluzcucuta.co\/index.php?rest_route=\/wp\/v2\/posts\/41235\/revisions"}],"predecessor-version":[{"id":41237,"href":"https:\/\/contraluzcucuta.co\/index.php?rest_route=\/wp\/v2\/posts\/41235\/revisions\/41237"}],"wp:featuredmedia":[{"embeddable":true,"href":"https:\/\/contraluzcucuta.co\/index.php?rest_route=\/wp\/v2\/media\/41236"}],"wp:attachment":[{"href":"https:\/\/contraluzcucuta.co\/index.php?rest_route=%2Fwp%2Fv2%2Fmedia&parent=41235"}],"wp:term":[{"taxonomy":"category","embeddable":true,"href":"https:\/\/contraluzcucuta.co\/index.php?rest_route=%2Fwp%2Fv2%2Fcategories&post=41235"},{"taxonomy":"post_tag","embeddable":true,"href":"https:\/\/contraluzcucuta.co\/index.php?rest_route=%2Fwp%2Fv2%2Ftags&post=41235"}],"curies":[{"name":"wp","href":"https:\/\/api.w.org\/{rel}","templated":true}]}}