{"id":41211,"date":"2024-03-20T04:36:29","date_gmt":"2024-03-20T09:36:29","guid":{"rendered":"https:\/\/contraluzcucuta.co\/?p=41211"},"modified":"2024-03-20T04:36:29","modified_gmt":"2024-03-20T09:36:29","slug":"marcha-del-perdon-2024-que-cesen-la-violencia-el-odio-el-rencor-el-resentimiento-y-la-venganza","status":"publish","type":"post","link":"https:\/\/contraluzcucuta.co\/?p=41211","title":{"rendered":"MARCHA DEL PERD\u00d3N 2024. Que \u201ccesen la violencia, el odio, el rencor, el resentimiento y la venganza\u201d"},"content":{"rendered":"<p style=\"padding-left: 40px; text-align: right;\"><strong><span style=\"color: #ff9900;\">C\u00daCUTA.- Desde la Bas\u00edlica Menor de Nuestra Se\u00f1ora de Chiquinquir\u00e1, en el barrio San Luis, el obispo de C\u00facuta, monse\u00f1or Jos\u00e9 Libardo Garc\u00e9s, pidi\u00f3 que \u201ccesen la violencia, el odio, el rencor, el resentimiento y la venganza\u201d, porque esa \u201cno es la manera como resolvemos nuestra vida\u201d.<\/span><\/strong><\/p>\n<p><a href=\"https:\/\/contraluzcucuta.co\/wp-content\/uploads\/2024\/03\/MARCHA-DEL-PERDON-3.jpeg\"><img loading=\"lazy\" decoding=\"async\" class=\"alignnone  wp-image-41213 alignleft\" src=\"https:\/\/contraluzcucuta.co\/wp-content\/uploads\/2024\/03\/MARCHA-DEL-PERDON-3-300x171.jpeg\" alt=\"\" width=\"240\" height=\"137\" srcset=\"https:\/\/contraluzcucuta.co\/wp-content\/uploads\/2024\/03\/MARCHA-DEL-PERDON-3-300x171.jpeg 300w, https:\/\/contraluzcucuta.co\/wp-content\/uploads\/2024\/03\/MARCHA-DEL-PERDON-3.jpeg 559w\" sizes=\"auto, (max-width: 240px) 100vw, 240px\" \/><\/a><\/p>\n<p>La exhortaci\u00f3n la hizo al finalizar la Marcha del Perd\u00f3n, actividad tradicional de los cucute\u00f1os en tiempo de cuaresma. \u201cEstamos llamados a convertirnos en instrumentos de perd\u00f3n y reconciliaci\u00f3n\u201d, dijo monse\u00f1or Garc\u00e9s a las m\u00e1s de 12.000 participantes, llegados de las parroquias de la jurisdicci\u00f3n eclesi\u00e1stica, bautizados, movimientos apost\u00f3licos, fieles y pueblos pertenecientes a la Iglesia Particular.<\/p>\n<p>Los caminantes se manifestaron por el perd\u00f3n, la reconciliaci\u00f3n y la paz, bajo el lema \u00a1T\u00fa eres el Cristo, conc\u00e9denos tu perd\u00f3n! La marcha estuvo marcada por los colores que representan las cuatro vicarias de la Di\u00f3cesis: rojo, verde, amarillo y azul. Los fieles lucieron camisetas blancas y portaron la cruz para reafirmar el compromiso de contemplar al Crucificado desde la frase de la profesi\u00f3n de fe del ap\u00f3stol Pedro: \u201cT\u00fa eres el Cristo\u2026\u201d.<\/p>\n<p>En momentos previos hubo actos culturales, cantos y alabanzas. Al comenzar la Marcha monse\u00f1or Garc\u00e9s Monsalve dijo que el recorrido \u201cabre, precisamente, nuestra reflexi\u00f3n en torno a la reconciliaci\u00f3n y el perd\u00f3n; que es el mensaje central de vivir el misterio Pascual de la pasi\u00f3n, muerte y resurrecci\u00f3n de nuestro Se\u00f1or Jesucristo\u201d.<\/p>\n","protected":false},"excerpt":{"rendered":"<p>C\u00daCUTA.- Desde la Bas\u00edlica Menor de Nuestra Se\u00f1ora de Chiquinquir\u00e1, en el barrio San Luis, el obispo de C\u00facuta, monse\u00f1or Jos\u00e9 Libardo Garc\u00e9s, pidi\u00f3 que \u201ccesen la violencia, el odio, el rencor, el resentimiento y la venganza\u201d, porque esa \u201cno es la manera como resolvemos nuestra vida\u201d. La exhortaci\u00f3n la hizo al finalizar la Marcha &hellip;<\/p>\n","protected":false},"author":1,"featured_media":41212,"comment_status":"open","ping_status":"open","sticky":false,"template":"","format":"standard","meta":{"footnotes":""},"categories":[11,4],"tags":[6171,5153,6172,4530],"class_list":["post-41211","post","type-post","status-publish","format-standard","has-post-thumbnail","hentry","category-cronica-roja","category-barra","tag-marcha-del-perdon","tag-monsenor-jose-libardo-garces","tag-tiempo-de-cuaresma","tag-tiempo-de-reflexion"],"_links":{"self":[{"href":"https:\/\/contraluzcucuta.co\/index.php?rest_route=\/wp\/v2\/posts\/41211","targetHints":{"allow":["GET"]}}],"collection":[{"href":"https:\/\/contraluzcucuta.co\/index.php?rest_route=\/wp\/v2\/posts"}],"about":[{"href":"https:\/\/contraluzcucuta.co\/index.php?rest_route=\/wp\/v2\/types\/post"}],"author":[{"embeddable":true,"href":"https:\/\/contraluzcucuta.co\/index.php?rest_route=\/wp\/v2\/users\/1"}],"replies":[{"embeddable":true,"href":"https:\/\/contraluzcucuta.co\/index.php?rest_route=%2Fwp%2Fv2%2Fcomments&post=41211"}],"version-history":[{"count":1,"href":"https:\/\/contraluzcucuta.co\/index.php?rest_route=\/wp\/v2\/posts\/41211\/revisions"}],"predecessor-version":[{"id":41214,"href":"https:\/\/contraluzcucuta.co\/index.php?rest_route=\/wp\/v2\/posts\/41211\/revisions\/41214"}],"wp:featuredmedia":[{"embeddable":true,"href":"https:\/\/contraluzcucuta.co\/index.php?rest_route=\/wp\/v2\/media\/41212"}],"wp:attachment":[{"href":"https:\/\/contraluzcucuta.co\/index.php?rest_route=%2Fwp%2Fv2%2Fmedia&parent=41211"}],"wp:term":[{"taxonomy":"category","embeddable":true,"href":"https:\/\/contraluzcucuta.co\/index.php?rest_route=%2Fwp%2Fv2%2Fcategories&post=41211"},{"taxonomy":"post_tag","embeddable":true,"href":"https:\/\/contraluzcucuta.co\/index.php?rest_route=%2Fwp%2Fv2%2Ftags&post=41211"}],"curies":[{"name":"wp","href":"https:\/\/api.w.org\/{rel}","templated":true}]}}