{"id":41183,"date":"2024-03-19T05:00:57","date_gmt":"2024-03-19T10:00:57","guid":{"rendered":"https:\/\/contraluzcucuta.co\/?p=41183"},"modified":"2024-03-19T05:12:28","modified_gmt":"2024-03-19T10:12:28","slug":"calidad-del-aire-ministra-muhamad-con-la-lupa-puesta-en-la-ciudad","status":"publish","type":"post","link":"https:\/\/contraluzcucuta.co\/?p=41183","title":{"rendered":"CALIDAD DEL AIRE. Ministra Muhamad con la lupa puesta en la ciudad"},"content":{"rendered":"<p style=\"padding-left: 40px; text-align: right;\"><strong><span style=\"color: #ff9900;\">BOGOT\u00c1.- Frente a la alerta naranja declarada en C\u00facuta por la mala calidad del aire, la ministra de Ambiente, Susana Muhamad, asegur\u00f3 que esta cartera contin\u00faa con la lupa puesta en la ciudad en un trabajo articulado con las autoridades ambientales locales y regionales. Adem\u00e1s, se\u00f1al\u00f3 que se adelantan acciones con el Ministerio de Ambiente de Venezuela para hacerle frente a la situaci\u00f3n.<\/span><\/strong><\/p>\n<figure id=\"attachment_41186\" aria-describedby=\"caption-attachment-41186\" style=\"width: 247px\" class=\"wp-caption alignleft\"><a href=\"https:\/\/contraluzcucuta.co\/wp-content\/uploads\/2024\/03\/BANCO-DE-LA-REPUBLICA-1.jpeg\"><img loading=\"lazy\" decoding=\"async\" class=\" wp-image-41186\" src=\"https:\/\/contraluzcucuta.co\/wp-content\/uploads\/2024\/03\/BANCO-DE-LA-REPUBLICA-1-300x225.jpeg\" alt=\"\" width=\"247\" height=\"185\" srcset=\"https:\/\/contraluzcucuta.co\/wp-content\/uploads\/2024\/03\/BANCO-DE-LA-REPUBLICA-1-300x225.jpeg 300w, https:\/\/contraluzcucuta.co\/wp-content\/uploads\/2024\/03\/BANCO-DE-LA-REPUBLICA-1-600x450.jpeg 600w, https:\/\/contraluzcucuta.co\/wp-content\/uploads\/2024\/03\/BANCO-DE-LA-REPUBLICA-1-1024x768.jpeg 1024w, https:\/\/contraluzcucuta.co\/wp-content\/uploads\/2024\/03\/BANCO-DE-LA-REPUBLICA-1-768x576.jpeg 768w, https:\/\/contraluzcucuta.co\/wp-content\/uploads\/2024\/03\/BANCO-DE-LA-REPUBLICA-1-1536x1152.jpeg 1536w, https:\/\/contraluzcucuta.co\/wp-content\/uploads\/2024\/03\/BANCO-DE-LA-REPUBLICA-1.jpeg 1600w\" sizes=\"auto, (max-width: 247px) 100vw, 247px\" \/><\/a><figcaption id=\"caption-attachment-41186\" class=\"wp-caption-text\"><em>Foto: contraluzcucuta<\/em><\/figcaption><\/figure>\n<p>\u201cHace nueve d\u00edas hemos trabajado de la mano del director de Corponor, que ha expedido unas medidas muy concretas. Instamos a las autoridades locales a empezar a ejecutarlas, igual que el pacto que se logr\u00f3 ayer con la industria. He entrado en contacto con el ministro de Ambiente de Venezuela para hacer seguimiento a aquellos puntos de calor al otro lado de la frontera\u201d, asegur\u00f3 la ministra de Ambiente y Desarrollo Sostenible, Susana Muhamad.<\/p>\n<p>Las medidas declaradas son:<\/p>\n<ul>\n<li>Reducci\u00f3n del tr\u00e1fico de veh\u00edculos con m\u00e1s de 10 a\u00f1os de circulaci\u00f3n,<\/li>\n<li>Plan de movilidad del \u00c1rea Metropolitana<\/li>\n<li>Reducci\u00f3n en 50 % de las actividades relacionadas con la industria que trabaja con calderas, arcillas y coque, entre otras.<\/li>\n<\/ul>\n<p>El Ideam generar\u00e1 un reporte de seguimiento de la situaci\u00f3n de inversi\u00f3n t\u00e9rmica y el pron\u00f3stico de la calidad del aire de C\u00facuta con el fin de adelantar un monitoreo permanente de la situaci\u00f3n.<\/p>\n<p>El ministerio de Ambiente y Desarrollo Sostenible llama a la ciudadan\u00eda a seguir las instrucciones de las autoridades de salud, quienes tambi\u00e9n har\u00e1n un seguimiento especial a las posibles afectaciones en menores de edad y adultos mayores.<\/p>\n<p>@MinambienteCo<\/p>\n","protected":false},"excerpt":{"rendered":"<p>BOGOT\u00c1.- Frente a la alerta naranja declarada en C\u00facuta por la mala calidad del aire, la ministra de Ambiente, Susana Muhamad, asegur\u00f3 que esta cartera contin\u00faa con la lupa puesta en la ciudad en un trabajo articulado con las autoridades ambientales locales y regionales. Adem\u00e1s, se\u00f1al\u00f3 que se adelantan acciones con el Ministerio de Ambiente &hellip;<\/p>\n","protected":false},"author":1,"featured_media":41184,"comment_status":"open","ping_status":"open","sticky":false,"template":"","format":"standard","meta":{"footnotes":""},"categories":[45],"tags":[5005,2014,2280],"class_list":["post-41183","post","type-post","status-publish","format-standard","has-post-thumbnail","hentry","category-destacado","tag-alerta-naranja","tag-contaminacion-ambiental","tag-minambiente"],"_links":{"self":[{"href":"https:\/\/contraluzcucuta.co\/index.php?rest_route=\/wp\/v2\/posts\/41183","targetHints":{"allow":["GET"]}}],"collection":[{"href":"https:\/\/contraluzcucuta.co\/index.php?rest_route=\/wp\/v2\/posts"}],"about":[{"href":"https:\/\/contraluzcucuta.co\/index.php?rest_route=\/wp\/v2\/types\/post"}],"author":[{"embeddable":true,"href":"https:\/\/contraluzcucuta.co\/index.php?rest_route=\/wp\/v2\/users\/1"}],"replies":[{"embeddable":true,"href":"https:\/\/contraluzcucuta.co\/index.php?rest_route=%2Fwp%2Fv2%2Fcomments&post=41183"}],"version-history":[{"count":3,"href":"https:\/\/contraluzcucuta.co\/index.php?rest_route=\/wp\/v2\/posts\/41183\/revisions"}],"predecessor-version":[{"id":41188,"href":"https:\/\/contraluzcucuta.co\/index.php?rest_route=\/wp\/v2\/posts\/41183\/revisions\/41188"}],"wp:featuredmedia":[{"embeddable":true,"href":"https:\/\/contraluzcucuta.co\/index.php?rest_route=\/wp\/v2\/media\/41184"}],"wp:attachment":[{"href":"https:\/\/contraluzcucuta.co\/index.php?rest_route=%2Fwp%2Fv2%2Fmedia&parent=41183"}],"wp:term":[{"taxonomy":"category","embeddable":true,"href":"https:\/\/contraluzcucuta.co\/index.php?rest_route=%2Fwp%2Fv2%2Fcategories&post=41183"},{"taxonomy":"post_tag","embeddable":true,"href":"https:\/\/contraluzcucuta.co\/index.php?rest_route=%2Fwp%2Fv2%2Ftags&post=41183"}],"curies":[{"name":"wp","href":"https:\/\/api.w.org\/{rel}","templated":true}]}}