{"id":41176,"date":"2024-03-19T04:41:36","date_gmt":"2024-03-19T09:41:36","guid":{"rendered":"https:\/\/contraluzcucuta.co\/?p=41176"},"modified":"2024-03-19T04:42:47","modified_gmt":"2024-03-19T09:42:47","slug":"deterioro-ambiental-fenalco-y-acopi-proponen-medidas-para-ayudar-a-superar-la-crisis","status":"publish","type":"post","link":"https:\/\/contraluzcucuta.co\/?p=41176","title":{"rendered":"DETERIORO AMBIENTAL. Fenalco y Acopi proponen medidas para ayudar a superar la crisis"},"content":{"rendered":"<p style=\"padding-left: 40px; text-align: right;\"><strong><span style=\"color: #ff9900;\">C\u00daCUTA.- Teniendo en cuenta que la contaminaci\u00f3n ambiental persiste en la ciudad, y que el d\u00eda sin carro no coadyuv\u00f3 a mitigar los efectos de este problema, y conscientes de que todos podemos poner las manos que permitan salir prontamente de esta situaci\u00f3n, proponemos:<\/span><\/strong><\/p>\n<ol>\n<li>Exigir de manera inmediata, el cumplimiento de la norma que obliga a que todo veh\u00edculo despu\u00e9s de los 5 a\u00f1os efect\u00fae, anualmente, la revisi\u00f3n t\u00e9cnico mec\u00e1nica de gases contaminantes. Es en estos momentos como se hace exigible m\u00e1s que nunca el acatamiento de esta disposici\u00f3n por parte de todos los conductores.<\/li>\n<li>Veh\u00edculos que cumplieron la vida \u00fatil que a\u00fan no han sido retirados del servicio, es imperativo que aprovechemos la emergencia para retirarlos de circulaci\u00f3n. La medida del d\u00eda sin carro que restringi\u00f3 la circulaci\u00f3n a veh\u00edculos particulares, pero que permiti\u00f3 los veh\u00edculos de transporte p\u00fablico que est\u00e1n contaminando m\u00e1s, no ten\u00eda sentido.<\/li>\n<\/ol>\n<p><a href=\"https:\/\/contraluzcucuta.co\/wp-content\/uploads\/2024\/03\/DIA-SIN-CARRO-Y-MOTO-6.jpg\"><img loading=\"lazy\" decoding=\"async\" class=\"alignnone  wp-image-41179 alignleft\" src=\"https:\/\/contraluzcucuta.co\/wp-content\/uploads\/2024\/03\/DIA-SIN-CARRO-Y-MOTO-6-300x225.jpg\" alt=\"\" width=\"247\" height=\"185\" srcset=\"https:\/\/contraluzcucuta.co\/wp-content\/uploads\/2024\/03\/DIA-SIN-CARRO-Y-MOTO-6-300x225.jpg 300w, https:\/\/contraluzcucuta.co\/wp-content\/uploads\/2024\/03\/DIA-SIN-CARRO-Y-MOTO-6-600x450.jpg 600w, https:\/\/contraluzcucuta.co\/wp-content\/uploads\/2024\/03\/DIA-SIN-CARRO-Y-MOTO-6-1024x768.jpg 1024w, https:\/\/contraluzcucuta.co\/wp-content\/uploads\/2024\/03\/DIA-SIN-CARRO-Y-MOTO-6-768x576.jpg 768w, https:\/\/contraluzcucuta.co\/wp-content\/uploads\/2024\/03\/DIA-SIN-CARRO-Y-MOTO-6-1536x1152.jpg 1536w, https:\/\/contraluzcucuta.co\/wp-content\/uploads\/2024\/03\/DIA-SIN-CARRO-Y-MOTO-6.jpg 1600w\" sizes=\"auto, (max-width: 247px) 100vw, 247px\" \/><\/a><\/p>\n<p>Recordemos que, en cuanto a transporte p\u00fablico, la vida \u00fatil son 20 a\u00f1os, pero por efecto de la pandemia se les permiti\u00f3 cuatro a\u00f1os m\u00e1s. Proponemos que a pesar de que esta es una norma nacional, los veh\u00edculos en esta condici\u00f3n en la ciudad se les levante este permiso.<\/p>\n<ol start=\"3\">\n<li>Creemos conveniente y apoyamos la medida que en cuanto a los veh\u00edculos de carga modelo 2010, hacia atr\u00e1s, se les imponga pico y placa.<\/li>\n<li>Proponemos, igualmente, que aprovechemos la Semana Mayor para restringir la circulaci\u00f3n, en los d\u00edas festivos, as\u00ed se comparte m\u00e1s en familia y podemos minimizar los efectos de la contaminaci\u00f3n.<\/li>\n<li>Que se emprendan campa\u00f1as de cultura ciudadana para crear conciencia en la poblaci\u00f3n que racionalicemos el uso del veh\u00edculo particular y que en lo posible compartamos el transporte, entre menos veh\u00edculos circulen m\u00e1s r\u00e1pidamente superamos la emergencia.<\/li>\n<li>Elevamos ante las autoridades que las medidas que afecten el normal desempe\u00f1o de la econom\u00eda, sean comunicadas con antelaci\u00f3n para permitir a los empresarios ajustar sus procesos log\u00edsticos y empresariales.<\/li>\n<\/ol>\n","protected":false},"excerpt":{"rendered":"<p>C\u00daCUTA.- Teniendo en cuenta que la contaminaci\u00f3n ambiental persiste en la ciudad, y que el d\u00eda sin carro no coadyuv\u00f3 a mitigar los efectos de este problema, y conscientes de que todos podemos poner las manos que permitan salir prontamente de esta situaci\u00f3n, proponemos: Exigir de manera inmediata, el cumplimiento de la norma que obliga &hellip;<\/p>\n","protected":false},"author":1,"featured_media":41177,"comment_status":"open","ping_status":"open","sticky":false,"template":"","format":"standard","meta":{"footnotes":""},"categories":[4,36],"tags":[5457,6165,2014,6167,1526],"class_list":["post-41176","post","type-post","status-publish","format-standard","has-post-thumbnail","hentry","category-barra","category-la-voz-del-pueblo","tag-acopi","tag-calidad-del-aire","tag-contaminacion-ambiental","tag-deterioro-ambiental","tag-fenalco-norte-de-santander"],"_links":{"self":[{"href":"https:\/\/contraluzcucuta.co\/index.php?rest_route=\/wp\/v2\/posts\/41176","targetHints":{"allow":["GET"]}}],"collection":[{"href":"https:\/\/contraluzcucuta.co\/index.php?rest_route=\/wp\/v2\/posts"}],"about":[{"href":"https:\/\/contraluzcucuta.co\/index.php?rest_route=\/wp\/v2\/types\/post"}],"author":[{"embeddable":true,"href":"https:\/\/contraluzcucuta.co\/index.php?rest_route=\/wp\/v2\/users\/1"}],"replies":[{"embeddable":true,"href":"https:\/\/contraluzcucuta.co\/index.php?rest_route=%2Fwp%2Fv2%2Fcomments&post=41176"}],"version-history":[{"count":3,"href":"https:\/\/contraluzcucuta.co\/index.php?rest_route=\/wp\/v2\/posts\/41176\/revisions"}],"predecessor-version":[{"id":41181,"href":"https:\/\/contraluzcucuta.co\/index.php?rest_route=\/wp\/v2\/posts\/41176\/revisions\/41181"}],"wp:featuredmedia":[{"embeddable":true,"href":"https:\/\/contraluzcucuta.co\/index.php?rest_route=\/wp\/v2\/media\/41177"}],"wp:attachment":[{"href":"https:\/\/contraluzcucuta.co\/index.php?rest_route=%2Fwp%2Fv2%2Fmedia&parent=41176"}],"wp:term":[{"taxonomy":"category","embeddable":true,"href":"https:\/\/contraluzcucuta.co\/index.php?rest_route=%2Fwp%2Fv2%2Fcategories&post=41176"},{"taxonomy":"post_tag","embeddable":true,"href":"https:\/\/contraluzcucuta.co\/index.php?rest_route=%2Fwp%2Fv2%2Ftags&post=41176"}],"curies":[{"name":"wp","href":"https:\/\/api.w.org\/{rel}","templated":true}]}}