{"id":41173,"date":"2024-03-19T04:30:59","date_gmt":"2024-03-19T09:30:59","guid":{"rendered":"https:\/\/contraluzcucuta.co\/?p=41173"},"modified":"2024-03-19T04:30:59","modified_gmt":"2024-03-19T09:30:59","slug":"mala-calidad-del-aire-medidas-para-afrontar-emergencia-en-cucuta","status":"publish","type":"post","link":"https:\/\/contraluzcucuta.co\/?p=41173","title":{"rendered":"MALA CALIDAD DEL AIRE. Medidas para afrontar emergencia, en C\u00facuta"},"content":{"rendered":"<p style=\"padding-left: 40px; text-align: right;\"><strong><span style=\"color: #ff9900;\">C\u00daCUTA.- El Puesto de Mando Unificado, convocado por el gobernador William Villamizar para responder a una solicitud de Corponor, tom\u00f3 varias medidas para hacerle frente a la situaci\u00f3n ambiental que afecta al \u00c1rea Metropolitana de C\u00facuta.<\/span><\/strong><\/p>\n<ol>\n<li>Declaratoria de la alerta amarilla en la red hospitalaria y de salud en el \u00c1rea Metropolitana de C\u00facuta.<\/li>\n<li>Verificaci\u00f3n de Corponor y las autoridades policivas del cumplimiento de las resoluciones emitidas por la Corporaci\u00f3n.<\/li>\n<li>Elevar a nivel de alerta en rojo la calidad del aire, que llevar\u00eda a que se tomaran acciones dr\u00e1sticas.<\/li>\n<\/ol>\n<p>El gobernador Villamizar solicit\u00f3 el acercamiento, por medio de la Canciller\u00eda, con el gobierno del Estado T\u00e1chira (Venezuela) para tomar medidas ambientales que contribuyan a mejorar la calidad del aire.<\/p>\n<p>Inst\u00f3 a los habitantes del \u00c1rea Metropolitana a tomar precauciones, teniendo en cuenta las medidas adoptadas en los municipios.<\/p>\n<p>Las medidas adoptadas para los hornos activos ser\u00e1n las siguientes:<\/p>\n<ol>\n<li>Las industrias que operan con coque deber\u00e1n implementar cambios en el ciclo y pasar de 48 horas a 72, hasta tanto se supere el nivel de alerta que hay en la ciudad.<\/li>\n<li>Las que trabajan en transformaci\u00f3n de arcilla reducir\u00e1n en 50 % las quemas por mes.<\/li>\n<li>Las industrias que operen con calderas (tintorer\u00edas, lavander\u00edas, curtiembres, fundidoras y asfalto), deber\u00e1n funcionar al 50 % de capacidad.<\/li>\n<\/ol>\n<p>En el PMU participaron la ministra de Ambiente, Susana Muhamad; el ministro de Salud, Guillermo Jaramillo; la direcci\u00f3n del Ideam, el embajador de Colombia en Venezuela, Milton Rengifo; Humberto Camacho, director de Corponor, y los alcaldes de C\u00facuta, Jorge Acevedo; Elkin Caballero, de El Zulia; Camilo Su\u00e1rez, de Villa del Rosario, y Alexi Valencia, de Los Patios.<\/p>\n<p>LUIS TOB\u00d3N \u2013 Gobernaci\u00f3n<\/p>\n","protected":false},"excerpt":{"rendered":"<p>C\u00daCUTA.- El Puesto de Mando Unificado, convocado por el gobernador William Villamizar para responder a una solicitud de Corponor, tom\u00f3 varias medidas para hacerle frente a la situaci\u00f3n ambiental que afecta al \u00c1rea Metropolitana de C\u00facuta. Declaratoria de la alerta amarilla en la red hospitalaria y de salud en el \u00c1rea Metropolitana de C\u00facuta. Verificaci\u00f3n &hellip;<\/p>\n","protected":false},"author":1,"featured_media":41174,"comment_status":"open","ping_status":"open","sticky":false,"template":"","format":"standard","meta":{"footnotes":""},"categories":[4,6011,32],"tags":[6165,2014,379],"class_list":["post-41173","post","type-post","status-publish","format-standard","has-post-thumbnail","hentry","category-barra","category-gobernacion-de-norte-de-santander","category-recorrido-por-la-region","tag-calidad-del-aire","tag-contaminacion-ambiental","tag-gobernacion-de-norte-de-santander"],"_links":{"self":[{"href":"https:\/\/contraluzcucuta.co\/index.php?rest_route=\/wp\/v2\/posts\/41173","targetHints":{"allow":["GET"]}}],"collection":[{"href":"https:\/\/contraluzcucuta.co\/index.php?rest_route=\/wp\/v2\/posts"}],"about":[{"href":"https:\/\/contraluzcucuta.co\/index.php?rest_route=\/wp\/v2\/types\/post"}],"author":[{"embeddable":true,"href":"https:\/\/contraluzcucuta.co\/index.php?rest_route=\/wp\/v2\/users\/1"}],"replies":[{"embeddable":true,"href":"https:\/\/contraluzcucuta.co\/index.php?rest_route=%2Fwp%2Fv2%2Fcomments&post=41173"}],"version-history":[{"count":1,"href":"https:\/\/contraluzcucuta.co\/index.php?rest_route=\/wp\/v2\/posts\/41173\/revisions"}],"predecessor-version":[{"id":41175,"href":"https:\/\/contraluzcucuta.co\/index.php?rest_route=\/wp\/v2\/posts\/41173\/revisions\/41175"}],"wp:featuredmedia":[{"embeddable":true,"href":"https:\/\/contraluzcucuta.co\/index.php?rest_route=\/wp\/v2\/media\/41174"}],"wp:attachment":[{"href":"https:\/\/contraluzcucuta.co\/index.php?rest_route=%2Fwp%2Fv2%2Fmedia&parent=41173"}],"wp:term":[{"taxonomy":"category","embeddable":true,"href":"https:\/\/contraluzcucuta.co\/index.php?rest_route=%2Fwp%2Fv2%2Fcategories&post=41173"},{"taxonomy":"post_tag","embeddable":true,"href":"https:\/\/contraluzcucuta.co\/index.php?rest_route=%2Fwp%2Fv2%2Ftags&post=41173"}],"curies":[{"name":"wp","href":"https:\/\/api.w.org\/{rel}","templated":true}]}}