{"id":41170,"date":"2024-03-19T04:20:41","date_gmt":"2024-03-19T09:20:41","guid":{"rendered":"https:\/\/contraluzcucuta.co\/?p=41170"},"modified":"2024-03-19T04:20:41","modified_gmt":"2024-03-19T09:20:41","slug":"pico-y-placa-400-000-vehiculos-no-circularan-cada-dia-en-cucuta","status":"publish","type":"post","link":"https:\/\/contraluzcucuta.co\/?p=41170","title":{"rendered":"PICO Y PLACA. 400.000 veh\u00edculos no circular\u00e1n cada d\u00eda, en C\u00facuta"},"content":{"rendered":"<p style=\"padding-left: 40px; text-align: right;\"><strong><span style=\"color: #ff9900;\">C\u00daCUTA.- La medida del pico y placa que se aplicar\u00e1, a partir de hoy en C\u00facuta, sacar\u00e1 de las v\u00edas locales a 400.000 veh\u00edculos. El 14 de marzo, d\u00eda sin carro, se estim\u00f3 que 800.000 carros dejaron de circular. La restricci\u00f3n comienza a aplicarse este martes y se extender\u00e1 hasta el 22 de marzo.<\/span><\/strong><\/p>\n<p>El Consejo Municipal de Riesgos determin\u00f3 aplicar medidas especiales en C\u00facuta para mitigar el riesgo ambiental que atormenta a los cucute\u00f1os. \u201cLa intenci\u00f3n es que todos hagamos nuestro aporte para recuperar el aire que circula en la ciudad\u201d, dijo Albeiro Boh\u00f3rquez, secretario de Tr\u00e1nsito Municipal.<\/p>\n<p>Entre las medidas asumidas destacan:<\/p>\n<ol>\n<li>Usar tapabocas<\/li>\n<li>Evitar las actividades deportivas al aire libre<\/li>\n<li>Pico y placa ambiental.<\/li>\n<\/ol>\n<ul>\n<li>Veh\u00edculos particulares, de servicio p\u00fablico, motocicletas y de carga.<\/li>\n<li>Martes y jueves no circulan los veh\u00edculos con placas terminadas en n\u00fameros pares<\/li>\n<li>Mi\u00e9rcoles y viernes no circulan los veh\u00edculos con placas terminadas en n\u00fameros impares.<\/li>\n<\/ul>\n<ol start=\"4\">\n<li>A partir del 19 de marzo, no habr\u00e1 actividades acad\u00e9micas presenciales o virtuales, en colegios, institutos o universidades p\u00fablicos y privados.<\/li>\n<\/ol>\n<p>\u201cLa emergencia terminar\u00e1 esta semana. Creemos que podemos lograrlo y debemos hacerlo para que las medidas no sean m\u00e1s graves\u201d, se\u00f1al\u00f3 Albeiro Boh\u00f3rquez, secretario de Tr\u00e1nsito.<\/p>\n<p>El acompa\u00f1amiento de la Polic\u00eda permitir\u00e1 la aplicaci\u00f3n de comparendos a quienes infrinjan las decisiones municipales.<\/p>\n","protected":false},"excerpt":{"rendered":"<p>C\u00daCUTA.- La medida del pico y placa que se aplicar\u00e1, a partir de hoy en C\u00facuta, sacar\u00e1 de las v\u00edas locales a 400.000 veh\u00edculos. El 14 de marzo, d\u00eda sin carro, se estim\u00f3 que 800.000 carros dejaron de circular. La restricci\u00f3n comienza a aplicarse este martes y se extender\u00e1 hasta el 22 de marzo. El &hellip;<\/p>\n","protected":false},"author":1,"featured_media":41171,"comment_status":"open","ping_status":"open","sticky":false,"template":"","format":"standard","meta":{"footnotes":""},"categories":[4,6],"tags":[6165,2014,2107],"class_list":["post-41170","post","type-post","status-publish","format-standard","has-post-thumbnail","hentry","category-barra","category-ojo-avizor","tag-calidad-del-aire","tag-contaminacion-ambiental","tag-secretaria-de-transito-de-cucuta"],"_links":{"self":[{"href":"https:\/\/contraluzcucuta.co\/index.php?rest_route=\/wp\/v2\/posts\/41170","targetHints":{"allow":["GET"]}}],"collection":[{"href":"https:\/\/contraluzcucuta.co\/index.php?rest_route=\/wp\/v2\/posts"}],"about":[{"href":"https:\/\/contraluzcucuta.co\/index.php?rest_route=\/wp\/v2\/types\/post"}],"author":[{"embeddable":true,"href":"https:\/\/contraluzcucuta.co\/index.php?rest_route=\/wp\/v2\/users\/1"}],"replies":[{"embeddable":true,"href":"https:\/\/contraluzcucuta.co\/index.php?rest_route=%2Fwp%2Fv2%2Fcomments&post=41170"}],"version-history":[{"count":1,"href":"https:\/\/contraluzcucuta.co\/index.php?rest_route=\/wp\/v2\/posts\/41170\/revisions"}],"predecessor-version":[{"id":41172,"href":"https:\/\/contraluzcucuta.co\/index.php?rest_route=\/wp\/v2\/posts\/41170\/revisions\/41172"}],"wp:featuredmedia":[{"embeddable":true,"href":"https:\/\/contraluzcucuta.co\/index.php?rest_route=\/wp\/v2\/media\/41171"}],"wp:attachment":[{"href":"https:\/\/contraluzcucuta.co\/index.php?rest_route=%2Fwp%2Fv2%2Fmedia&parent=41170"}],"wp:term":[{"taxonomy":"category","embeddable":true,"href":"https:\/\/contraluzcucuta.co\/index.php?rest_route=%2Fwp%2Fv2%2Fcategories&post=41170"},{"taxonomy":"post_tag","embeddable":true,"href":"https:\/\/contraluzcucuta.co\/index.php?rest_route=%2Fwp%2Fv2%2Ftags&post=41170"}],"curies":[{"name":"wp","href":"https:\/\/api.w.org\/{rel}","templated":true}]}}