{"id":41045,"date":"2024-03-08T20:22:09","date_gmt":"2024-03-09T01:22:09","guid":{"rendered":"https:\/\/contraluzcucuta.co\/?p=41045"},"modified":"2024-03-09T07:53:30","modified_gmt":"2024-03-09T12:53:30","slug":"plaza-de-ferias-comite-de-ganaderos-urge-apertura","status":"publish","type":"post","link":"https:\/\/contraluzcucuta.co\/?p=41045","title":{"rendered":"PLAZA DE FERIAS. Comit\u00e9 de Ganaderos urge apertura"},"content":{"rendered":"<p style=\"padding-left: 40px; text-align: right;\"><strong><span style=\"color: #ff9900;\">C\u00daCUTA.- Un d\u00eda, la Plaza de Ferias Mariano Ospina P\u00e9rez cerr\u00f3 las puertas, luego de ocho d\u00e9cadas de servicio, y el ganado de Norte de Santander se qued\u00f3 sin el lugar donde era exhibido y comercializado. A los ganaderos les vendieron la idea que lo hac\u00edan por motivos de sanidad. Hoy, a pesar del paso de los a\u00f1os, no est\u00e1n convencidos de la certeza de esa explicaci\u00f3n.<\/span><\/strong><\/p>\n<p><a href=\"https:\/\/contraluzcucuta.co\/wp-content\/uploads\/2024\/03\/PLAZA-DE-FERIAS-4.jpeg\"><img loading=\"lazy\" decoding=\"async\" class=\"wp-image-41047 alignleft\" src=\"https:\/\/contraluzcucuta.co\/wp-content\/uploads\/2024\/03\/PLAZA-DE-FERIAS-4-300x225.jpeg\" alt=\"\" width=\"247\" height=\"185\" srcset=\"https:\/\/contraluzcucuta.co\/wp-content\/uploads\/2024\/03\/PLAZA-DE-FERIAS-4-300x225.jpeg 300w, https:\/\/contraluzcucuta.co\/wp-content\/uploads\/2024\/03\/PLAZA-DE-FERIAS-4-600x450.jpeg 600w, https:\/\/contraluzcucuta.co\/wp-content\/uploads\/2024\/03\/PLAZA-DE-FERIAS-4-1024x768.jpeg 1024w, https:\/\/contraluzcucuta.co\/wp-content\/uploads\/2024\/03\/PLAZA-DE-FERIAS-4-768x576.jpeg 768w, https:\/\/contraluzcucuta.co\/wp-content\/uploads\/2024\/03\/PLAZA-DE-FERIAS-4-1536x1152.jpeg 1536w, https:\/\/contraluzcucuta.co\/wp-content\/uploads\/2024\/03\/PLAZA-DE-FERIAS-4.jpeg 1600w\" sizes=\"auto, (max-width: 247px) 100vw, 247px\" \/><\/a>Otro d\u00eda, Anastasio Ram\u00edrez, ganadero de vieja data, entr\u00f3 en huelga de hambre. El motivo, protestar por el cese de actividades del centro de reuniones y ferias de ese sector productivo de la regi\u00f3n. Al cabo de 72 largas horas de ayuno volvi\u00f3 a la cotidianidad. Hoy, recuerda esos momentos a manera de an\u00e9cdota.<\/p>\n<p>\u201cNecesitamos retomar esa infraestructura\u201d, dijo Tarcisio Celis, presidente del Comit\u00e9 de Ganaderos de Norte de Santander. La otrora sede ganadera en estos momentos est\u00e1 abandonada a su suerte. La hierba la ha consumido. Los galpones de anta\u00f1o no existen. Las caballerizas dieron paso al monte. La imagen que se observa por entre las hendijas es de dejadez.<\/p>\n<p>El 11 de marzo, la ministra de Agricultura, Jhenifer Mojica, estar\u00e1 en C\u00facuta. La ocasi\u00f3n ser\u00e1 aprovechada por los directivos del Comit\u00e9 para exponerle la situaci\u00f3n que afrontan. Esperan entregarle un documento en el que expresan el sentir ganadero en busca de soluciones oficiales.<\/p>\n<p>\u201cDispon\u00edamos de unas muy c\u00f3modas instalaciones, donde, hist\u00f3ricamente, se desarrollaba toda suerte de actividades agropecuarias con \u00e9nfasis en las ganader\u00edas bovina y equina\u201d, le dir\u00e1n en la carta que preparan para entreg\u00e1rsela a la funcionaria del orden nacional.<\/p>\n<p><a href=\"https:\/\/contraluzcucuta.co\/wp-content\/uploads\/2024\/03\/PLAZA-DE-FERIAS-2.jpeg\"><img loading=\"lazy\" decoding=\"async\" class=\"wp-image-41048 alignleft\" src=\"https:\/\/contraluzcucuta.co\/wp-content\/uploads\/2024\/03\/PLAZA-DE-FERIAS-2-300x225.jpeg\" alt=\"\" width=\"252\" height=\"189\" srcset=\"https:\/\/contraluzcucuta.co\/wp-content\/uploads\/2024\/03\/PLAZA-DE-FERIAS-2-300x225.jpeg 300w, https:\/\/contraluzcucuta.co\/wp-content\/uploads\/2024\/03\/PLAZA-DE-FERIAS-2-600x450.jpeg 600w, https:\/\/contraluzcucuta.co\/wp-content\/uploads\/2024\/03\/PLAZA-DE-FERIAS-2-1024x768.jpeg 1024w, https:\/\/contraluzcucuta.co\/wp-content\/uploads\/2024\/03\/PLAZA-DE-FERIAS-2-768x576.jpeg 768w, https:\/\/contraluzcucuta.co\/wp-content\/uploads\/2024\/03\/PLAZA-DE-FERIAS-2-1536x1152.jpeg 1536w, https:\/\/contraluzcucuta.co\/wp-content\/uploads\/2024\/03\/PLAZA-DE-FERIAS-2.jpeg 1600w\" sizes=\"auto, (max-width: 252px) 100vw, 252px\" \/><\/a>Entre las necesidades que expondr\u00e1n destacan la apertura de la Plaza de Ferias y el Centro de Subastas. Estos escenarios los consideran \u201cnecesarios para seguir creciendo\u201d. Contar con estos espacios les permitir\u00e1 tener \u201cunos precios m\u00e1s rentables\u201d. Esta inquietud, tambi\u00e9n, la conoce el gobernador William Villamizar.<\/p>\n<p>La falta de un recinto ferial no les ha permitido desarrollar exposiciones, muestras comerciales y subastas. En procura de obtener respuestas positivas han acudido a la Gobernaci\u00f3n y a la Alcald\u00eda con la propuesta de constituir una empresa de econom\u00eda mixta que les permita desarrollar el proyecto de la Plaza.<\/p>\n<p>El Comit\u00e9 de Ganaderos aglutina a la mayor\u00eda de predios existentes en el departamento. Anastasio Ram\u00edrez record\u00f3 que en d\u00edas pasados el gobernador Villamizar enfatiz\u00f3 que la Plaza de Ferias es de la Gobernaci\u00f3n, que ah\u00ed se levantar\u00e1 el Centro de Convenciones y que el Matadero Municipal ser\u00e1 el estacionamiento. \u201cCreo que la cerraron, porque no era rentable. La volvieron un ente pol\u00edtico. Ese fue uno de los grandes problemas para cerrarla\u201d.<\/p>\n<p><a href=\"https:\/\/contraluzcucuta.co\/wp-content\/uploads\/2024\/03\/PLAZA-DE-FERIAS-7.jpeg\"><img loading=\"lazy\" decoding=\"async\" class=\"wp-image-41049 alignleft\" src=\"https:\/\/contraluzcucuta.co\/wp-content\/uploads\/2024\/03\/PLAZA-DE-FERIAS-7-300x225.jpeg\" alt=\"\" width=\"252\" height=\"189\" srcset=\"https:\/\/contraluzcucuta.co\/wp-content\/uploads\/2024\/03\/PLAZA-DE-FERIAS-7-300x225.jpeg 300w, https:\/\/contraluzcucuta.co\/wp-content\/uploads\/2024\/03\/PLAZA-DE-FERIAS-7-600x450.jpeg 600w, https:\/\/contraluzcucuta.co\/wp-content\/uploads\/2024\/03\/PLAZA-DE-FERIAS-7-1024x768.jpeg 1024w, https:\/\/contraluzcucuta.co\/wp-content\/uploads\/2024\/03\/PLAZA-DE-FERIAS-7-768x576.jpeg 768w, https:\/\/contraluzcucuta.co\/wp-content\/uploads\/2024\/03\/PLAZA-DE-FERIAS-7-1536x1152.jpeg 1536w, https:\/\/contraluzcucuta.co\/wp-content\/uploads\/2024\/03\/PLAZA-DE-FERIAS-7.jpeg 1600w\" sizes=\"auto, (max-width: 252px) 100vw, 252px\" \/><\/a>El cultor Juan Becerra, tambi\u00e9n hijo de ganadero, propuso que en la Plaza de Toros San Jos\u00e9 de C\u00facuta, construida en el interior de la Mariano Ospina P\u00e9rez, se adopte un mercado campesino para evitar la participaci\u00f3n de los intermediarios que encarecen los productos agr\u00edcolas que llegan a la ciudad desde los restantes 39 municipios.<\/p>\n<p>Alrededor de ese mercado se organizar\u00edan actividades culturales que atraigan la atenci\u00f3n del p\u00fablico cucute\u00f1o y for\u00e1neo. Para Tarcisio Celis, presidente del Comit\u00e9, en di\u00e1logo con el gobernador Villamizar se conocer\u00e1 cu\u00e1l ser\u00e1 el futuro de la Plaza de Toros.<\/p>\n<p>Ram\u00edrez record\u00f3 que en Colombia no se pueden construir m\u00e1s plazas de toros, ni derribar las existentes. Becerra, tambi\u00e9n, expres\u00f3 que puede pensarse en montar una exposici\u00f3n artesanal tipo \u2018mercado de las pulgas\u2019.<\/p>\n<p><strong>RAFAEL ANTONIO PAB\u00d3N<\/strong><\/p>\n<p><strong>rafaelpabon58@hotmail.com<\/strong><\/p>\n","protected":false},"excerpt":{"rendered":"<p>C\u00daCUTA.- Un d\u00eda, la Plaza de Ferias Mariano Ospina P\u00e9rez cerr\u00f3 las puertas, luego de ocho d\u00e9cadas de servicio, y el ganado de Norte de Santander se qued\u00f3 sin el lugar donde era exhibido y comercializado. A los ganaderos les vendieron la idea que lo hac\u00edan por motivos de sanidad. Hoy, a pesar del paso &hellip;<\/p>\n","protected":false},"author":1,"featured_media":41046,"comment_status":"open","ping_status":"open","sticky":false,"template":"","format":"standard","meta":{"footnotes":""},"categories":[45,4],"tags":[4799,640,2680],"class_list":["post-41045","post","type-post","status-publish","format-standard","has-post-thumbnail","hentry","category-destacado","category-barra","tag-comite-de-ganaderos","tag-plaza-de-ferias-de-cucuta","tag-plaza-de-ferias-mariano-ospina-perez"],"_links":{"self":[{"href":"https:\/\/contraluzcucuta.co\/index.php?rest_route=\/wp\/v2\/posts\/41045","targetHints":{"allow":["GET"]}}],"collection":[{"href":"https:\/\/contraluzcucuta.co\/index.php?rest_route=\/wp\/v2\/posts"}],"about":[{"href":"https:\/\/contraluzcucuta.co\/index.php?rest_route=\/wp\/v2\/types\/post"}],"author":[{"embeddable":true,"href":"https:\/\/contraluzcucuta.co\/index.php?rest_route=\/wp\/v2\/users\/1"}],"replies":[{"embeddable":true,"href":"https:\/\/contraluzcucuta.co\/index.php?rest_route=%2Fwp%2Fv2%2Fcomments&post=41045"}],"version-history":[{"count":2,"href":"https:\/\/contraluzcucuta.co\/index.php?rest_route=\/wp\/v2\/posts\/41045\/revisions"}],"predecessor-version":[{"id":41066,"href":"https:\/\/contraluzcucuta.co\/index.php?rest_route=\/wp\/v2\/posts\/41045\/revisions\/41066"}],"wp:featuredmedia":[{"embeddable":true,"href":"https:\/\/contraluzcucuta.co\/index.php?rest_route=\/wp\/v2\/media\/41046"}],"wp:attachment":[{"href":"https:\/\/contraluzcucuta.co\/index.php?rest_route=%2Fwp%2Fv2%2Fmedia&parent=41045"}],"wp:term":[{"taxonomy":"category","embeddable":true,"href":"https:\/\/contraluzcucuta.co\/index.php?rest_route=%2Fwp%2Fv2%2Fcategories&post=41045"},{"taxonomy":"post_tag","embeddable":true,"href":"https:\/\/contraluzcucuta.co\/index.php?rest_route=%2Fwp%2Fv2%2Ftags&post=41045"}],"curies":[{"name":"wp","href":"https:\/\/api.w.org\/{rel}","templated":true}]}}