{"id":41001,"date":"2024-03-06T20:32:39","date_gmt":"2024-03-07T01:32:39","guid":{"rendered":"https:\/\/contraluzcucuta.co\/?p=41001"},"modified":"2024-03-06T20:32:39","modified_gmt":"2024-03-07T01:32:39","slug":"conversaciones-de-entre-casa-mi-sueno-es-hacerle-un-homenaje-al-indio-chitarero-reyes-florez","status":"publish","type":"post","link":"https:\/\/contraluzcucuta.co\/?p=41001","title":{"rendered":"CONVERSACIONES DE ENTRE CASA. Mi sue\u00f1o es hacerle un homenaje al indio Chitarero, Reyes Fl\u00f3rez"},"content":{"rendered":"<ul>\n<li style=\"list-style-type: none;\">\n<ul>\n<li style=\"text-align: right;\"><strong><span style=\"color: #ff9900;\"><em>Se llama escultura al arte de modelar el barro, tallar en piedra, madera y otros materiales. Tambi\u00e9n se denomina escultura a la obra elaborada por un escultor. \u200bEs una de las Bellas Artes en la cual el escultor se expresa creando vol\u00famenes y conformando espacios. (Wikipedia).<\/em><\/span><\/strong><\/li>\n<\/ul>\n<\/li>\n<\/ul>\n<p>Preguntas en C\u00facuta &#8211;\u00a0Respuestas en Chincha Alta<\/p>\n<p><a href=\"https:\/\/contraluzcucuta.co\/wp-content\/uploads\/2024\/03\/REYES-2.jpeg\"><img loading=\"lazy\" decoding=\"async\" class=\"wp-image-41003 alignleft\" src=\"https:\/\/contraluzcucuta.co\/wp-content\/uploads\/2024\/03\/REYES-2-241x300.jpeg\" alt=\"\" width=\"211\" height=\"263\" srcset=\"https:\/\/contraluzcucuta.co\/wp-content\/uploads\/2024\/03\/REYES-2-241x300.jpeg 241w, https:\/\/contraluzcucuta.co\/wp-content\/uploads\/2024\/03\/REYES-2.jpeg 480w\" sizes=\"auto, (max-width: 211px) 100vw, 211px\" \/><\/a>Desde la infancia tuvo inclinaci\u00f3n por la escultura, don con el que naci\u00f3, el 6 de enero de 1974, en Chin\u00e1cota (Norte de Santander). Es Reyes Heliz\u00e1nder Fl\u00f3rez Vera, artista pl\u00e1stico, que se traduce en escultor, restaurador, dise\u00f1ador, asesor en temas de resinas y moldes en silicona. \u00a0Vive en Chincha Alta (Per\u00fa).<\/p>\n<p><strong>\u00bfDe qui\u00e9n tom\u00f3 el ejemplo para seguir esta profesi\u00f3n?<\/strong><\/p>\n<ul>\n<li><em>De mi hermano, quien tambi\u00e9n era curioso para experimentar con la arcilla greda que busc\u00e1bamos en las afueras de Chin\u00e1cota.<\/em><\/li>\n<\/ul>\n<p><strong>\u00bfEs escultor de academia o emp\u00edrico?<\/strong><\/p>\n<p><em>&#8211; Tuve la oportunidad de estudiar en el extinto Instituto de Cultura de Cultura y Bellas Artes de Norte de Santander. Los maestros Elena Merch\u00e1n, Rodrigo Dur\u00e1n y Humberto Asela fueron mis gu\u00edas art\u00edsticos.<\/em><\/p>\n<p><strong>\u00bfSigue una escuela o una corriente de escultores?<\/strong><\/p>\n<p>&#8211; Me inclino por el estilo figurativo y realista.<\/p>\n<p><a href=\"https:\/\/contraluzcucuta.co\/wp-content\/uploads\/2024\/03\/REYES-8.jpeg\"><img loading=\"lazy\" decoding=\"async\" class=\"alignnone size-medium wp-image-41004 alignleft\" src=\"https:\/\/contraluzcucuta.co\/wp-content\/uploads\/2024\/03\/REYES-8-169x300.jpeg\" alt=\"\" width=\"169\" height=\"300\" srcset=\"https:\/\/contraluzcucuta.co\/wp-content\/uploads\/2024\/03\/REYES-8-169x300.jpeg 169w, https:\/\/contraluzcucuta.co\/wp-content\/uploads\/2024\/03\/REYES-8.jpeg 540w\" sizes=\"auto, (max-width: 169px) 100vw, 169px\" \/><\/a><\/p>\n<p><strong>\u00bfLa escultura se aprende en el aula o se nace con esa condici\u00f3n? <\/strong><\/p>\n<p><em>&#8211; Con la escultura se nace y se aprende. No hay l\u00edmites para el arte.<\/em><\/p>\n<p><strong>\u00bfPor qu\u00e9 decidi\u00f3 marcharse del pa\u00eds?<\/strong><\/p>\n<p><em>&#8211; Quer\u00eda conocer otros rumbos y a la vez por falta de oportunidades en el pa\u00eds.<\/em><\/p>\n<p><strong>\u00bfNo hab\u00eda otro destino para irse?<\/strong><\/p>\n<p><em>&#8211; Hay muchos lugares en donde uno puede desarrollar el arte. Ac\u00e1 en <\/em><em>Chincha Alta (Per\u00fa) me dieron la oportunidad de trabajar y establecerme.<\/em><\/p>\n<p><strong>\u00bfHa pensado en regresar a su Chin\u00e1cota natal?<\/strong><\/p>\n<p><em>&#8211; Llevo 7 a\u00f1os sin ir a mi pa\u00eds. Es hora de regresar para tomarme un descanso.<\/em><\/p>\n<p><strong>\u00bfLa escultura da para vivir bien?<\/strong><\/p>\n<p><em>&#8211; No me quejo. Me ha ido bien en mi profesi\u00f3n. La clave est\u00e1 en tener una estrategia para ofrecer mi trabajo en las redes sociales.<\/em><\/p>\n<p><a href=\"https:\/\/contraluzcucuta.co\/wp-content\/uploads\/2024\/03\/REYES-4.jpeg\"><img loading=\"lazy\" decoding=\"async\" class=\"wp-image-41005 alignleft\" src=\"https:\/\/contraluzcucuta.co\/wp-content\/uploads\/2024\/03\/REYES-4-300x300.jpeg\" alt=\"\" width=\"247\" height=\"247\" srcset=\"https:\/\/contraluzcucuta.co\/wp-content\/uploads\/2024\/03\/REYES-4-300x300.jpeg 300w, https:\/\/contraluzcucuta.co\/wp-content\/uploads\/2024\/03\/REYES-4-100x100.jpeg 100w, https:\/\/contraluzcucuta.co\/wp-content\/uploads\/2024\/03\/REYES-4-600x600.jpeg 600w, https:\/\/contraluzcucuta.co\/wp-content\/uploads\/2024\/03\/REYES-4-1024x1024.jpeg 1024w, https:\/\/contraluzcucuta.co\/wp-content\/uploads\/2024\/03\/REYES-4-150x150.jpeg 150w, https:\/\/contraluzcucuta.co\/wp-content\/uploads\/2024\/03\/REYES-4-768x768.jpeg 768w, https:\/\/contraluzcucuta.co\/wp-content\/uploads\/2024\/03\/REYES-4.jpeg 1280w\" sizes=\"auto, (max-width: 247px) 100vw, 247px\" \/><\/a><strong>\u00bfTrabaja por encargo o por inspiraci\u00f3n?<\/strong><\/p>\n<p><em>&#8211; Normalmente, trabajo por encargo y cuando hay tiempo trabajo haciendo arte a mi estilo.<\/em><\/p>\n<p><strong>\u00bfCu\u00e1ntas figuras cree que ha elaborado en todo este tiempo?<\/strong><\/p>\n<p>&#8211; Aproximadamente, como mil piezas, grandes y peque\u00f1as.<\/p>\n<p><strong>\u00bfCon qu\u00e9 material se siente c\u00f3modo?<\/strong><\/p>\n<p><em>&#8211; La arcilla es la mejor terapia para trabajar y sentirse bien.<\/em><\/p>\n<p><strong>\u00bfQu\u00e9 lo incomoda a la hora de trabajar?<\/strong><\/p>\n<p><em>&#8211; El exceso de ruido y mucho calor.<\/em><\/p>\n<p><a href=\"https:\/\/contraluzcucuta.co\/wp-content\/uploads\/2024\/03\/REYES-10.jpeg\"><img loading=\"lazy\" decoding=\"async\" class=\"wp-image-41006 alignleft\" src=\"https:\/\/contraluzcucuta.co\/wp-content\/uploads\/2024\/03\/REYES-10-300x225.jpeg\" alt=\"\" width=\"248\" height=\"186\" srcset=\"https:\/\/contraluzcucuta.co\/wp-content\/uploads\/2024\/03\/REYES-10-300x225.jpeg 300w, https:\/\/contraluzcucuta.co\/wp-content\/uploads\/2024\/03\/REYES-10-600x450.jpeg 600w, https:\/\/contraluzcucuta.co\/wp-content\/uploads\/2024\/03\/REYES-10-1024x768.jpeg 1024w, https:\/\/contraluzcucuta.co\/wp-content\/uploads\/2024\/03\/REYES-10-768x576.jpeg 768w, https:\/\/contraluzcucuta.co\/wp-content\/uploads\/2024\/03\/REYES-10.jpeg 1280w\" sizes=\"auto, (max-width: 248px) 100vw, 248px\" \/><\/a><strong>\u00bfCon cu\u00e1l obra quiere pasar a la historia de la escultura colombiana?<\/strong><\/p>\n<p><em>&#8211; Mi sue\u00f1o es poder elaborar un monumento de 10 metros, en homenaje al indio Chitarero, que represente en la regi\u00f3n y el pa\u00eds nuestra identidad.<\/em><\/p>\n<p><strong>\u00bfQu\u00e9 caracter\u00edsticas tienen sus figuras?<\/strong><\/p>\n<ul>\n<li><em>Mis figuras se caracterizan por ser realistas y detalladas.<\/em><\/li>\n<\/ul>\n<p>Reyes contin\u00faa el trabajo. Habr\u00e1 nuevos proyectos y m\u00e1s encargos. El 6 de marzo, es el D\u00eda del Escultor, fecha que aprovecharon los amigos para recordarlo y desearle lo mejor en la vida. Prometi\u00f3 que pronto vendr\u00e1 por estas tierras. Seguro lo cumplir\u00e1 en poco tiempo.<\/p>\n<p><strong>RAFAEL ANTONIO PAB\u00d3N <\/strong><\/p>\n<p><a href=\"mailto:rafaelpabon58@hotmail.com\">rafaelpabon58@hotmail.com<\/a><\/p>\n","protected":false},"excerpt":{"rendered":"<p>Se llama escultura al arte de modelar el barro, tallar en piedra, madera y otros materiales. Tambi\u00e9n se denomina escultura a la obra elaborada por un escultor. \u200bEs una de las Bellas Artes en la cual el escultor se expresa creando vol\u00famenes y conformando espacios. (Wikipedia). Preguntas en C\u00facuta &#8211;\u00a0Respuestas en Chincha Alta Desde la &hellip;<\/p>\n","protected":false},"author":1,"featured_media":41002,"comment_status":"open","ping_status":"open","sticky":false,"template":"","format":"standard","meta":{"footnotes":""},"categories":[5970,45,4],"tags":[5935,6124,6125,5698],"class_list":["post-41001","post","type-post","status-publish","format-standard","has-post-thumbnail","hentry","category-conversaciones-de-entre-casa","category-destacado","category-barra","tag-conversaciones-de-entre-casa","tag-dia-del-escultor","tag-escultores-de-norte-de-santander","tag-reyes-helizander"],"_links":{"self":[{"href":"https:\/\/contraluzcucuta.co\/index.php?rest_route=\/wp\/v2\/posts\/41001","targetHints":{"allow":["GET"]}}],"collection":[{"href":"https:\/\/contraluzcucuta.co\/index.php?rest_route=\/wp\/v2\/posts"}],"about":[{"href":"https:\/\/contraluzcucuta.co\/index.php?rest_route=\/wp\/v2\/types\/post"}],"author":[{"embeddable":true,"href":"https:\/\/contraluzcucuta.co\/index.php?rest_route=\/wp\/v2\/users\/1"}],"replies":[{"embeddable":true,"href":"https:\/\/contraluzcucuta.co\/index.php?rest_route=%2Fwp%2Fv2%2Fcomments&post=41001"}],"version-history":[{"count":1,"href":"https:\/\/contraluzcucuta.co\/index.php?rest_route=\/wp\/v2\/posts\/41001\/revisions"}],"predecessor-version":[{"id":41007,"href":"https:\/\/contraluzcucuta.co\/index.php?rest_route=\/wp\/v2\/posts\/41001\/revisions\/41007"}],"wp:featuredmedia":[{"embeddable":true,"href":"https:\/\/contraluzcucuta.co\/index.php?rest_route=\/wp\/v2\/media\/41002"}],"wp:attachment":[{"href":"https:\/\/contraluzcucuta.co\/index.php?rest_route=%2Fwp%2Fv2%2Fmedia&parent=41001"}],"wp:term":[{"taxonomy":"category","embeddable":true,"href":"https:\/\/contraluzcucuta.co\/index.php?rest_route=%2Fwp%2Fv2%2Fcategories&post=41001"},{"taxonomy":"post_tag","embeddable":true,"href":"https:\/\/contraluzcucuta.co\/index.php?rest_route=%2Fwp%2Fv2%2Ftags&post=41001"}],"curies":[{"name":"wp","href":"https:\/\/api.w.org\/{rel}","templated":true}]}}