{"id":40996,"date":"2024-03-06T14:13:53","date_gmt":"2024-03-06T19:13:53","guid":{"rendered":"https:\/\/contraluzcucuta.co\/?p=40996"},"modified":"2024-03-07T05:04:40","modified_gmt":"2024-03-07T10:04:40","slug":"marcha-de-la-oposicion-un-solo-grito-millares-de-voces-en-cucuta","status":"publish","type":"post","link":"https:\/\/contraluzcucuta.co\/?p=40996","title":{"rendered":"MARCHA DE LA OPOSICI\u00d3N. Un solo grito, millares de voces, en C\u00facuta"},"content":{"rendered":"<p style=\"padding-left: 40px; text-align: right;\"><strong><span style=\"color: #ff9900;\">C\u00daCUTA.- Millares de cucute\u00f1os dejaron las ocupaciones cotidianas para salir a las calles y manifestarse contra el gobierno de Gustavo Petro. Hombres y mujeres de todas las edades tomaron la partida en el parque Los Fundadores y terminaron animados en el parque Santander. Durante dos horas solo gritaron dos palabras \u2018Fuera Petro\u2019. Esas expresiones bastaron para poner de manifiesto el sentir frente a la administraci\u00f3n central.<\/span><\/strong><\/p>\n<p><a href=\"https:\/\/contraluzcucuta.co\/wp-content\/uploads\/2024\/03\/MARCHA-6-DE-MARZO-6.jpeg\"><img loading=\"lazy\" decoding=\"async\" class=\"wp-image-40998 alignleft\" src=\"https:\/\/contraluzcucuta.co\/wp-content\/uploads\/2024\/03\/MARCHA-6-DE-MARZO-6-300x225.jpeg\" alt=\"\" width=\"249\" height=\"187\" srcset=\"https:\/\/contraluzcucuta.co\/wp-content\/uploads\/2024\/03\/MARCHA-6-DE-MARZO-6-300x225.jpeg 300w, https:\/\/contraluzcucuta.co\/wp-content\/uploads\/2024\/03\/MARCHA-6-DE-MARZO-6-600x450.jpeg 600w, https:\/\/contraluzcucuta.co\/wp-content\/uploads\/2024\/03\/MARCHA-6-DE-MARZO-6-1024x768.jpeg 1024w, https:\/\/contraluzcucuta.co\/wp-content\/uploads\/2024\/03\/MARCHA-6-DE-MARZO-6-768x576.jpeg 768w, https:\/\/contraluzcucuta.co\/wp-content\/uploads\/2024\/03\/MARCHA-6-DE-MARZO-6-1536x1152.jpeg 1536w, https:\/\/contraluzcucuta.co\/wp-content\/uploads\/2024\/03\/MARCHA-6-DE-MARZO-6.jpeg 1600w\" sizes=\"auto, (max-width: 249px) 100vw, 249px\" \/><\/a>Unos, se arroparon con el tricolor; otros, llevaron instrumentos para acompa\u00f1ar las voces; m\u00e1s atr\u00e1s, estaban los que tuvieron tiempo para elaborar pasacalles o pancartas con mensajes dicientes en torno a la situaci\u00f3n del pa\u00eds; los dem\u00e1s, enarbolaron banderas nacionales como s\u00edmbolo del patriotismo que manifiestan sin tapujos.<\/p>\n<p>Los manifestantes iban alegres, en el rostro se les notaba satisfacci\u00f3n por participar en esa marcha que les permit\u00eda desahogarse y desocupar el resentimiento que han albergado durante dos a\u00f1os. No abusaron de las palabras, solo dijeron las necesarias para que quienes caminaban al lado asintieran.<\/p>\n<p>\u2018Yo no quiero nada regalado, quiero estar empleado\u2019 rezaba una de las pancartas. \u2018Fuera el (hab\u00eda un burro pintado) de Petro y el Pacto Diab\u00f3lico\u2019, se le\u00eda en otra, que complementaba con nombres o apellidos de los cercanos al Presidente. \u2018No m\u00e1s Petro, juicio pol\u00edtico al inepto\u2019 sentenciaron los caminantes.<\/p>\n<p>La advertencia lleg\u00f3 en fondo negro: \u2018Nuestra democracia est\u00e1 en peligro, Petro se quiere apoderar\u2019. El complemento lo escribieron en letras de molde y en may\u00fasculas: \u2018Petro, no auspicie las expropiaciones\u2019.<\/p>\n<p><a href=\"https:\/\/contraluzcucuta.co\/wp-content\/uploads\/2024\/03\/MARCHA-6-DE-MARZO-1.jpeg\"><img loading=\"lazy\" decoding=\"async\" class=\"wp-image-40999 alignleft\" src=\"https:\/\/contraluzcucuta.co\/wp-content\/uploads\/2024\/03\/MARCHA-6-DE-MARZO-1-225x300.jpeg\" alt=\"\" width=\"212\" height=\"283\" srcset=\"https:\/\/contraluzcucuta.co\/wp-content\/uploads\/2024\/03\/MARCHA-6-DE-MARZO-1-225x300.jpeg 225w, https:\/\/contraluzcucuta.co\/wp-content\/uploads\/2024\/03\/MARCHA-6-DE-MARZO-1-600x800.jpeg 600w, https:\/\/contraluzcucuta.co\/wp-content\/uploads\/2024\/03\/MARCHA-6-DE-MARZO-1-768x1024.jpeg 768w, https:\/\/contraluzcucuta.co\/wp-content\/uploads\/2024\/03\/MARCHA-6-DE-MARZO-1-1152x1536.jpeg 1152w, https:\/\/contraluzcucuta.co\/wp-content\/uploads\/2024\/03\/MARCHA-6-DE-MARZO-1.jpeg 1200w\" sizes=\"auto, (max-width: 212px) 100vw, 212px\" \/><\/a>El recorrido termin\u00f3 frente al Palacio Municipal. Ah\u00ed, los manifestantes repitieron con fuerza la arenga: \u2018Fuera, Petro. Fuera, Petro\u2019. La vocer\u00eda la tom\u00f3 el ex general Jorge Mora. El ex candidato a la Gobernaci\u00f3n, aprovech\u00f3 el meg\u00e1fono de una carreta para alentar a los asistentes.<\/p>\n<p>\u201cEstamos demostr\u00e1ndole al gobierno Petro que nos cansamos\u201d, dijo el exmilitar. Reconoci\u00f3 que el mandatario fue \u201cun gran opositor, pero p\u00e9simo gobernante\u201d. Record\u00f3 que lleg\u00f3 a Miraflores con muchas promesas\u2026 pero &#8220;ha demostrado que est\u00e1 improvisando\u201d.<\/p>\n<p>El exgeneral hizo la lista de los incumplimientos de Gustavo Petro. La seguridad, la paz total, el debilitamiento de los grupos armados y la fortaleza de la fuerza p\u00fablica. Al escuchar esa lista, de entre el p\u00fablico se escuch\u00f3 el grito masculino: \u2018Que deje el Gobierno y se vaya\u2019. Una mujer, en tono d\u00e9bil, se anim\u00f3 a pedir: \u2018Afuera, Petro\u2019.<\/p>\n<p>\u201cPromesas y promesas, sin cumplir, y qu\u00e9 decir de la corrupci\u00f3n\u201d, agreg\u00f3 Jorge Mora, que consider\u00f3 ese listado como \u201crazones suficientes para que haya un juicio pol\u00edtico a este Presidente\u201d. Los manifestantes alzaron la voz para repetir: \u201cjuicio, juicio, juicio\u201d. Y lo remataron con el grito de la ma\u00f1ana: \u201cFuera, Petro. Fuera, Petro. Fuera, Petro\u201d.<\/p>\n<p>\u201cPaisanos, el art\u00edculo 109 (de la Constituci\u00f3n) nos permite hacer un juicio pol\u00edtico al Presidente y lo vamos a convocar\u201d. El sol del mediod\u00eda hac\u00eda mella entre hombres y mujeres que regresaron a casa con la satisfacci\u00f3n de haber participado en la manifestaci\u00f3n, haber gritado fuera Petro y haber pedido juicio pol\u00edtico para nada menos que el Presidente.<\/p>\n<p><strong>RAFAEL ANTONIO PAB\u00d3N <\/strong><\/p>\n<p><strong><a href=\"mailto:rafaelpabon58@hotmail.com\">rafaelpabon58@hotmail.com<\/a><\/strong><\/p>\n","protected":false},"excerpt":{"rendered":"<p>C\u00daCUTA.- Millares de cucute\u00f1os dejaron las ocupaciones cotidianas para salir a las calles y manifestarse contra el gobierno de Gustavo Petro. Hombres y mujeres de todas las edades tomaron la partida en el parque Los Fundadores y terminaron animados en el parque Santander. Durante dos horas solo gritaron dos palabras \u2018Fuera Petro\u2019. Esas expresiones bastaron &hellip;<\/p>\n","protected":false},"author":1,"featured_media":40997,"comment_status":"open","ping_status":"open","sticky":false,"template":"","format":"standard","meta":{"footnotes":""},"categories":[4,36],"tags":[6122,6123,5395,6121,5657],"class_list":["post-40996","post","type-post","status-publish","format-standard","has-post-thumbnail","hentry","category-barra","category-la-voz-del-pueblo","tag-fuera-petro","tag-juicio-politico","tag-la-voz-del-pueblo","tag-marcha-de-la-oposicion","tag-mayor-general-jorge-mora"],"_links":{"self":[{"href":"https:\/\/contraluzcucuta.co\/index.php?rest_route=\/wp\/v2\/posts\/40996","targetHints":{"allow":["GET"]}}],"collection":[{"href":"https:\/\/contraluzcucuta.co\/index.php?rest_route=\/wp\/v2\/posts"}],"about":[{"href":"https:\/\/contraluzcucuta.co\/index.php?rest_route=\/wp\/v2\/types\/post"}],"author":[{"embeddable":true,"href":"https:\/\/contraluzcucuta.co\/index.php?rest_route=\/wp\/v2\/users\/1"}],"replies":[{"embeddable":true,"href":"https:\/\/contraluzcucuta.co\/index.php?rest_route=%2Fwp%2Fv2%2Fcomments&post=40996"}],"version-history":[{"count":3,"href":"https:\/\/contraluzcucuta.co\/index.php?rest_route=\/wp\/v2\/posts\/40996\/revisions"}],"predecessor-version":[{"id":41021,"href":"https:\/\/contraluzcucuta.co\/index.php?rest_route=\/wp\/v2\/posts\/40996\/revisions\/41021"}],"wp:featuredmedia":[{"embeddable":true,"href":"https:\/\/contraluzcucuta.co\/index.php?rest_route=\/wp\/v2\/media\/40997"}],"wp:attachment":[{"href":"https:\/\/contraluzcucuta.co\/index.php?rest_route=%2Fwp%2Fv2%2Fmedia&parent=40996"}],"wp:term":[{"taxonomy":"category","embeddable":true,"href":"https:\/\/contraluzcucuta.co\/index.php?rest_route=%2Fwp%2Fv2%2Fcategories&post=40996"},{"taxonomy":"post_tag","embeddable":true,"href":"https:\/\/contraluzcucuta.co\/index.php?rest_route=%2Fwp%2Fv2%2Ftags&post=40996"}],"curies":[{"name":"wp","href":"https:\/\/api.w.org\/{rel}","templated":true}]}}