{"id":40968,"date":"2024-03-05T04:41:25","date_gmt":"2024-03-05T09:41:25","guid":{"rendered":"https:\/\/contraluzcucuta.co\/?p=40968"},"modified":"2024-03-05T04:41:25","modified_gmt":"2024-03-05T09:41:25","slug":"cucuta-cuenta-plan-de-desarrollo-se-construye-desde-las-comunas","status":"publish","type":"post","link":"https:\/\/contraluzcucuta.co\/?p=40968","title":{"rendered":"C\u00daCUTA CUENTA. Plan de Desarrollo se construye desde las comunas"},"content":{"rendered":"<p style=\"padding-left: 40px; text-align: right;\"><strong><span style=\"color: #ff9900;\">C\u00daCUTA.- En la Comuna 1 comenz\u00f3 la construcci\u00f3n del Plan de Desarrollo para dar cumplimiento al lema \u2018C\u00facuta Cuenta\u2019. Los habitantes de ese sector cucute\u00f1o se reunieron con el alcalde Jorge Acevedo y el equipo de trabajo para analizar las necesidades y trazar la ruta de inversi\u00f3n para los cuatro a\u00f1os de gesti\u00f3n.<\/span><\/strong><\/p>\n<p><a href=\"https:\/\/contraluzcucuta.co\/wp-content\/uploads\/2024\/03\/ALCALDE-PLAN-DE-DESARROLLO-3.jpg\"><img loading=\"lazy\" decoding=\"async\" class=\"wp-image-40970 alignleft\" src=\"https:\/\/contraluzcucuta.co\/wp-content\/uploads\/2024\/03\/ALCALDE-PLAN-DE-DESARROLLO-3-300x200.jpg\" alt=\"\" width=\"248\" height=\"165\" srcset=\"https:\/\/contraluzcucuta.co\/wp-content\/uploads\/2024\/03\/ALCALDE-PLAN-DE-DESARROLLO-3-300x200.jpg 300w, https:\/\/contraluzcucuta.co\/wp-content\/uploads\/2024\/03\/ALCALDE-PLAN-DE-DESARROLLO-3-600x400.jpg 600w, https:\/\/contraluzcucuta.co\/wp-content\/uploads\/2024\/03\/ALCALDE-PLAN-DE-DESARROLLO-3-768x512.jpg 768w, https:\/\/contraluzcucuta.co\/wp-content\/uploads\/2024\/03\/ALCALDE-PLAN-DE-DESARROLLO-3-310x205.jpg 310w, https:\/\/contraluzcucuta.co\/wp-content\/uploads\/2024\/03\/ALCALDE-PLAN-DE-DESARROLLO-3.jpg 1024w\" sizes=\"auto, (max-width: 248px) 100vw, 248px\" \/><\/a>La cita se cumpli\u00f3 en el colegio Sagrado Coraz\u00f3n de Jes\u00fas, sede B, en el barrio El P\u00e1ramo. Los encuentros se extender\u00e1n hasta el 16 de marzo y contar\u00e1n la participaci\u00f3n de la comunidad y el acompa\u00f1amiento de las autoridades municipales para recabar informaci\u00f3n en torno a la calidad de vida de los cucute\u00f1os.<\/p>\n<p>\u201cEl Plan de Desarrollo que iniciamos constituir\u00e1 la hoja de ruta que vamos a seguir durante estos cuatro a\u00f1os y precisa en qu\u00e9 se va a invertir el erario\u201d, expres\u00f3 el alcalde Jorge Acevedo.<\/p>\n<p>El ejercicio garantizar\u00e1 que las voces de los cucute\u00f1os ser\u00e1n tenidas en cuenta y que las propuestas se convertir\u00e1n en acciones que beneficiar\u00e1n a la comunidad.<\/p>\n","protected":false},"excerpt":{"rendered":"<p>C\u00daCUTA.- En la Comuna 1 comenz\u00f3 la construcci\u00f3n del Plan de Desarrollo para dar cumplimiento al lema \u2018C\u00facuta Cuenta\u2019. Los habitantes de ese sector cucute\u00f1o se reunieron con el alcalde Jorge Acevedo y el equipo de trabajo para analizar las necesidades y trazar la ruta de inversi\u00f3n para los cuatro a\u00f1os de gesti\u00f3n. La cita &hellip;<\/p>\n","protected":false},"author":1,"featured_media":40969,"comment_status":"open","ping_status":"open","sticky":false,"template":"","format":"standard","meta":{"footnotes":""},"categories":[2625,4],"tags":[5950,226,6114,2973],"class_list":["post-40968","post","type-post","status-publish","format-standard","has-post-thumbnail","hentry","category-alcaldia-de-cucuta","category-barra","tag-alcalde-jorge-acevedo","tag-alcaldia-de-cucuta","tag-cucuta-cuenta","tag-plan-de-desarrollo-municipal"],"_links":{"self":[{"href":"https:\/\/contraluzcucuta.co\/index.php?rest_route=\/wp\/v2\/posts\/40968","targetHints":{"allow":["GET"]}}],"collection":[{"href":"https:\/\/contraluzcucuta.co\/index.php?rest_route=\/wp\/v2\/posts"}],"about":[{"href":"https:\/\/contraluzcucuta.co\/index.php?rest_route=\/wp\/v2\/types\/post"}],"author":[{"embeddable":true,"href":"https:\/\/contraluzcucuta.co\/index.php?rest_route=\/wp\/v2\/users\/1"}],"replies":[{"embeddable":true,"href":"https:\/\/contraluzcucuta.co\/index.php?rest_route=%2Fwp%2Fv2%2Fcomments&post=40968"}],"version-history":[{"count":1,"href":"https:\/\/contraluzcucuta.co\/index.php?rest_route=\/wp\/v2\/posts\/40968\/revisions"}],"predecessor-version":[{"id":40971,"href":"https:\/\/contraluzcucuta.co\/index.php?rest_route=\/wp\/v2\/posts\/40968\/revisions\/40971"}],"wp:featuredmedia":[{"embeddable":true,"href":"https:\/\/contraluzcucuta.co\/index.php?rest_route=\/wp\/v2\/media\/40969"}],"wp:attachment":[{"href":"https:\/\/contraluzcucuta.co\/index.php?rest_route=%2Fwp%2Fv2%2Fmedia&parent=40968"}],"wp:term":[{"taxonomy":"category","embeddable":true,"href":"https:\/\/contraluzcucuta.co\/index.php?rest_route=%2Fwp%2Fv2%2Fcategories&post=40968"},{"taxonomy":"post_tag","embeddable":true,"href":"https:\/\/contraluzcucuta.co\/index.php?rest_route=%2Fwp%2Fv2%2Ftags&post=40968"}],"curies":[{"name":"wp","href":"https:\/\/api.w.org\/{rel}","templated":true}]}}