{"id":40961,"date":"2024-03-04T21:44:49","date_gmt":"2024-03-05T02:44:49","guid":{"rendered":"https:\/\/contraluzcucuta.co\/?p=40961"},"modified":"2024-03-04T21:44:49","modified_gmt":"2024-03-05T02:44:49","slug":"conversaciones-de-entre-casa-usted-como-se-llama-orlando-gamboa-senor","status":"publish","type":"post","link":"https:\/\/contraluzcucuta.co\/?p=40961","title":{"rendered":"CONVERSACIONES DE ENTRE CASA. \u2018\u00bfUsted c\u00f3mo se llama?\u2019 Orlando Gamboa, se\u00f1or"},"content":{"rendered":"<p style=\"padding-left: 40px; text-align: right;\"><strong><span style=\"color: #ff9900;\">C\u00daCUTA.- Hoy tiene 40 a\u00f1os de experiencia en la radio, aunque no en lo que siempre so\u00f1\u00f3 con ser. De ni\u00f1o quer\u00eda emular a los narradores y los locutores que escuchaba a diario en casa. Creci\u00f3 y lleg\u00f3 a una de las emisoras cucute\u00f1as. Lo malo es que no estuvo detr\u00e1s del micr\u00f3fono, como hubiera querido, sino frente a quienes hablaban, era control de audio.<\/span><\/strong><\/p>\n<p><a href=\"https:\/\/contraluzcucuta.co\/wp-content\/uploads\/2024\/03\/ORLANDO-GAMBOA-3.jpeg\"><img loading=\"lazy\" decoding=\"async\" class=\"wp-image-40963 alignleft\" src=\"https:\/\/contraluzcucuta.co\/wp-content\/uploads\/2024\/03\/ORLANDO-GAMBOA-3-300x225.jpeg\" alt=\"\" width=\"247\" height=\"185\" srcset=\"https:\/\/contraluzcucuta.co\/wp-content\/uploads\/2024\/03\/ORLANDO-GAMBOA-3-300x225.jpeg 300w, https:\/\/contraluzcucuta.co\/wp-content\/uploads\/2024\/03\/ORLANDO-GAMBOA-3-600x450.jpeg 600w, https:\/\/contraluzcucuta.co\/wp-content\/uploads\/2024\/03\/ORLANDO-GAMBOA-3-1024x768.jpeg 1024w, https:\/\/contraluzcucuta.co\/wp-content\/uploads\/2024\/03\/ORLANDO-GAMBOA-3-768x576.jpeg 768w, https:\/\/contraluzcucuta.co\/wp-content\/uploads\/2024\/03\/ORLANDO-GAMBOA-3-1536x1152.jpeg 1536w, https:\/\/contraluzcucuta.co\/wp-content\/uploads\/2024\/03\/ORLANDO-GAMBOA-3.jpeg 1600w\" sizes=\"auto, (max-width: 247px) 100vw, 247px\" \/><\/a>El anhelo estaba a medio cumplir y se qued\u00f3 ah\u00ed. No avanz\u00f3, a pesar de tener capacidades innatas para retener nombres, describir jugadas, comentar hechos y narrar situaciones relacionadas con el f\u00fatbol. Naci\u00f3 con ese don, que cree se lo regal\u00f3 Dios, pero que lo desaprovech\u00f3.<\/p>\n<p>Orlando Gamboa ha vivido 62 a\u00f1os. A los 6 o 7 a\u00f1os, surgieron los deseos de poner la voz en esa cajita m\u00e1gica que lo dec\u00eda todo. A los 8 a\u00f1os, comenz\u00f3 a asistir al General Santander para ser testigo de los partidos del C\u00facuta Deportivo. Regresaba al hogar y comenzaba el oficio de analizar lo acontecido en el estadio. No ten\u00eda oyentes, pero se deleitaba con ese juego.<\/p>\n<ul>\n<li><em>De pronto no supe lo que me regal\u00f3 Dios. La capacidad de retentiva para analizar y conocer el f\u00fatbol de manera detallada.<\/em><\/li>\n<\/ul>\n<p>Viv\u00eda en el barrio Santander, al occidente de la ciudad, y los domingos, pasado el mediod\u00eda, emprend\u00eda la caminata hasta el estadio. Los padres, de condici\u00f3n econ\u00f3mica humilde, no contaban con recursos para patrocinarle esa afici\u00f3n. Repet\u00eda el ritual cada 15 d\u00edas, cuando la jornada futbolera lo convocaba. Buscaba qui\u00e9n lo entrara, no llevaba visera y resist\u00eda el empuj\u00f3n para ingresar a Sol.<\/p>\n<p><a href=\"https:\/\/contraluzcucuta.co\/wp-content\/uploads\/2024\/03\/ORLANDO-GAMBOA-8.jpeg\"><img loading=\"lazy\" decoding=\"async\" class=\"wp-image-40964 alignleft\" src=\"https:\/\/contraluzcucuta.co\/wp-content\/uploads\/2024\/03\/ORLANDO-GAMBOA-8-300x225.jpeg\" alt=\"\" width=\"248\" height=\"186\" srcset=\"https:\/\/contraluzcucuta.co\/wp-content\/uploads\/2024\/03\/ORLANDO-GAMBOA-8-300x225.jpeg 300w, https:\/\/contraluzcucuta.co\/wp-content\/uploads\/2024\/03\/ORLANDO-GAMBOA-8-600x450.jpeg 600w, https:\/\/contraluzcucuta.co\/wp-content\/uploads\/2024\/03\/ORLANDO-GAMBOA-8-1024x768.jpeg 1024w, https:\/\/contraluzcucuta.co\/wp-content\/uploads\/2024\/03\/ORLANDO-GAMBOA-8-768x576.jpeg 768w, https:\/\/contraluzcucuta.co\/wp-content\/uploads\/2024\/03\/ORLANDO-GAMBOA-8-1536x1152.jpeg 1536w, https:\/\/contraluzcucuta.co\/wp-content\/uploads\/2024\/03\/ORLANDO-GAMBOA-8.jpeg 1600w\" sizes=\"auto, (max-width: 248px) 100vw, 248px\" \/><\/a>Da un salto en la distancia para traer a la memoria a Hugo Horacio L\u00f3ndero, Carlos Sambon\u00ed, Fabio Guaracha Mosquera y Juli\u00e1n Mart\u00ednez. Recuerda jugadas y alcanza a emocionarse con las im\u00e1genes que se arman en la imaginaci\u00f3n.<\/p>\n<p>La televisi\u00f3n venezolana, sin propon\u00e9rselo, lo indujo en el balompi\u00e9 europeo. Los canales vecinos transmit\u00edan partidos italianos, portugueses y espa\u00f1oles. No tomaba apuntes, memorizaba nombres y permanec\u00eda atento a las explicaciones de los periodistas. Esas sentadas frente al televisor lo hicieron due\u00f1o de un conocimiento excepcional. Sab\u00eda de n\u00f3minas, nombres de jugadores, entrenadores, equipos y partidos.<\/p>\n<ul>\n<li><em>Cuando ingres\u00e9 a la radio, en Transmisora Universal, ten\u00eda 20 a\u00f1os. Encontr\u00e9 a mucha gente de la Costa y me lleg\u00f3 el aroma del vallenato. Ah\u00ed, hice los pinos como comentarista.<\/em><\/li>\n<\/ul>\n<p>Esos primeros pasos estuvieron salpicados por el ego\u00edsmo de quienes hac\u00edan parte del grupo de periodistas locales y que no comprend\u00edan la importancia del f\u00fatbol de otras latitudes. Hoy, est\u00e1 seguro de que el tiempo le ha dado la raz\u00f3n, porque ha crecido el inter\u00e9s por los campeonatos extranjeros.<\/p>\n<p><a href=\"https:\/\/contraluzcucuta.co\/wp-content\/uploads\/2024\/03\/ORLANDO-GAMBOA-4.jpeg\"><img loading=\"lazy\" decoding=\"async\" class=\"wp-image-40965 alignleft\" src=\"https:\/\/contraluzcucuta.co\/wp-content\/uploads\/2024\/03\/ORLANDO-GAMBOA-4-300x225.jpeg\" alt=\"\" width=\"249\" height=\"187\" srcset=\"https:\/\/contraluzcucuta.co\/wp-content\/uploads\/2024\/03\/ORLANDO-GAMBOA-4-300x225.jpeg 300w, https:\/\/contraluzcucuta.co\/wp-content\/uploads\/2024\/03\/ORLANDO-GAMBOA-4-600x450.jpeg 600w, https:\/\/contraluzcucuta.co\/wp-content\/uploads\/2024\/03\/ORLANDO-GAMBOA-4-1024x768.jpeg 1024w, https:\/\/contraluzcucuta.co\/wp-content\/uploads\/2024\/03\/ORLANDO-GAMBOA-4-768x576.jpeg 768w, https:\/\/contraluzcucuta.co\/wp-content\/uploads\/2024\/03\/ORLANDO-GAMBOA-4-1536x1152.jpeg 1536w, https:\/\/contraluzcucuta.co\/wp-content\/uploads\/2024\/03\/ORLANDO-GAMBOA-4.jpeg 1600w\" sizes=\"auto, (max-width: 249px) 100vw, 249px\" \/><\/a>El no ser aprovechado por los colegas lo colma de nostalgia. Lo entristece saber que tiene datos, nombres y mucho material en el cerebro que nadie, quiz\u00e1s por envidia, explota invit\u00e1ndolo a hacer parte del equipo de trabajo.<\/p>\n<ul>\n<li><em>Los que me han valorado temen que sepa m\u00e1s que ellos, a pesar de la experiencia que tienen de 20 o 30 a\u00f1os en la radio. No tienen el conocimiento y la repentizaci\u00f3n que tengo. Por eso me han ignorado.<\/em><\/li>\n<\/ul>\n<p>Y asombra con una revelaci\u00f3n: no lee, nunca lo ha hecho. Alimenta el banco de conocimientos mientras escucha la radio y ve la televisi\u00f3n. Curs\u00f3 hasta quinto grado, trat\u00f3 de regresar al colegio nocturno y no soport\u00f3 las clases, se le hab\u00edan olvidado las materias. Prefer\u00eda quedarse en los pasillos, a cargo de las carteleras. Publicaba informaci\u00f3n deportiva.<\/p>\n<p>Orlando no toma trago ni trasnocha. Se cuida. Prefiere consumir datos, estad\u00edsticas, n\u00fameros y fechas para ganarse el reconocimiento de periodistas de otras ciudades. Y entre las an\u00e9cdotas tiene los elogios de Iv\u00e1n Mej\u00eda \u00c1lvarez y Henry \u2018El Bocha\u2019 Jim\u00e9nez, con quienes tuvo la oportunidad de demostrar el conocimiento que posee. Jorge Luis Pinto, tambi\u00e9n, reconoci\u00f3 el saber que acumula.<\/p>\n<ul>\n<li><em>Me valoran m\u00e1s afuera que adentro. Aqu\u00ed no han hecho eso. Me han ignorado. Eso s\u00ed, me saludan bien, me abrazan, son detallistas, pero no me tienen en cuenta. De pronto creen que uno los va a opacar.<\/em><\/li>\n<\/ul>\n<p><a href=\"https:\/\/contraluzcucuta.co\/wp-content\/uploads\/2024\/03\/ORLANDO-GAMBOA-9.jpeg\"><img loading=\"lazy\" decoding=\"async\" class=\"wp-image-40966 alignleft\" src=\"https:\/\/contraluzcucuta.co\/wp-content\/uploads\/2024\/03\/ORLANDO-GAMBOA-9-300x225.jpeg\" alt=\"\" width=\"247\" height=\"185\" srcset=\"https:\/\/contraluzcucuta.co\/wp-content\/uploads\/2024\/03\/ORLANDO-GAMBOA-9-300x225.jpeg 300w, https:\/\/contraluzcucuta.co\/wp-content\/uploads\/2024\/03\/ORLANDO-GAMBOA-9-600x450.jpeg 600w, https:\/\/contraluzcucuta.co\/wp-content\/uploads\/2024\/03\/ORLANDO-GAMBOA-9-1024x768.jpeg 1024w, https:\/\/contraluzcucuta.co\/wp-content\/uploads\/2024\/03\/ORLANDO-GAMBOA-9-768x576.jpeg 768w, https:\/\/contraluzcucuta.co\/wp-content\/uploads\/2024\/03\/ORLANDO-GAMBOA-9-1536x1152.jpeg 1536w, https:\/\/contraluzcucuta.co\/wp-content\/uploads\/2024\/03\/ORLANDO-GAMBOA-9.jpeg 1600w\" sizes=\"auto, (max-width: 247px) 100vw, 247px\" \/><\/a>Ahora, se conforma con enviar mensajes a programas en cadenas de radio y televisi\u00f3n. All\u00e1, lo tienen en cuenta y los leen.<\/p>\n<p>En C\u00facuta trabaj\u00f3 en Transmisora Universal, La Voz del Norte, Radio Tasajero, Radio Monumental y en otras hizo pasant\u00edas cortas. En 2017, dej\u00f3 los controles. Los problemas de salud visual lo llevaron a tomar la decisi\u00f3n. La tecnolog\u00eda le hizo la vida dif\u00edcil, no se adapt\u00f3. Es la hora que no tiene tel\u00e9fono celular, no maneja redes sociales ni tiene correo electr\u00f3nico.<\/p>\n<p>Sin echar mano a los apuntes recita la que cree es la alineaci\u00f3n ideal hist\u00f3rica del C\u00facuta Deportivo:<\/p>\n<ul>\n<li><em>Robinson Zapata; Rub\u00e9n Dar\u00edo Bustos, N\u00e9stor Orlando Puerto, Eusebio Tejera y Rolando Monti; Miguel \u00c1ngel Puppo, MacNelly Torres y Sergio Sant\u00edn; Arnoldo Iguar\u00e1n, Hugo Horacio L\u00f3ndero y Omar Verd\u00fan.<\/em><\/li>\n<\/ul>\n<p>Y se aventura a hablar de la delantera conformada por seleccionados que pasaron por el once motil\u00f3n:<\/p>\n<ul>\n<li><em>Albeiro Usuriaga \u2013 Arnoldo Iguar\u00e1n \u2013 Faustino Asprilla.<\/em><\/li>\n<\/ul>\n<p>Y la delantera rojinegra conformada por extranjeros:<\/p>\n<ul>\n<li><em>Ricardo Viera \u2013 Manuel Rosendo Mag\u00e1n \u2013 Camilo Alberto Aguilar.<\/em><\/li>\n<\/ul>\n<p><strong>RAFAEL ANTONIO PAB\u00d3N<\/strong><\/p>\n<p><a href=\"mailto:rafaelpabon58@hotmail.com\"><strong>rafaelpabon58@hotmail.com<\/strong><\/a><\/p>\n","protected":false},"excerpt":{"rendered":"<p>C\u00daCUTA.- Hoy tiene 40 a\u00f1os de experiencia en la radio, aunque no en lo que siempre so\u00f1\u00f3 con ser. De ni\u00f1o quer\u00eda emular a los narradores y los locutores que escuchaba a diario en casa. Creci\u00f3 y lleg\u00f3 a una de las emisoras cucute\u00f1as. Lo malo es que no estuvo detr\u00e1s del micr\u00f3fono, como hubiera &hellip;<\/p>\n","protected":false},"author":1,"featured_media":40962,"comment_status":"open","ping_status":"open","sticky":false,"template":"","format":"standard","meta":{"footnotes":""},"categories":[5970,45,4],"tags":[5935,6112,6113,3728],"class_list":["post-40961","post","type-post","status-publish","format-standard","has-post-thumbnail","hentry","category-conversaciones-de-entre-casa","category-destacado","category-barra","tag-conversaciones-de-entre-casa","tag-la-radio-en-cucuta","tag-orlando-gamboa","tag-periodismo-deportivo"],"_links":{"self":[{"href":"https:\/\/contraluzcucuta.co\/index.php?rest_route=\/wp\/v2\/posts\/40961","targetHints":{"allow":["GET"]}}],"collection":[{"href":"https:\/\/contraluzcucuta.co\/index.php?rest_route=\/wp\/v2\/posts"}],"about":[{"href":"https:\/\/contraluzcucuta.co\/index.php?rest_route=\/wp\/v2\/types\/post"}],"author":[{"embeddable":true,"href":"https:\/\/contraluzcucuta.co\/index.php?rest_route=\/wp\/v2\/users\/1"}],"replies":[{"embeddable":true,"href":"https:\/\/contraluzcucuta.co\/index.php?rest_route=%2Fwp%2Fv2%2Fcomments&post=40961"}],"version-history":[{"count":1,"href":"https:\/\/contraluzcucuta.co\/index.php?rest_route=\/wp\/v2\/posts\/40961\/revisions"}],"predecessor-version":[{"id":40967,"href":"https:\/\/contraluzcucuta.co\/index.php?rest_route=\/wp\/v2\/posts\/40961\/revisions\/40967"}],"wp:featuredmedia":[{"embeddable":true,"href":"https:\/\/contraluzcucuta.co\/index.php?rest_route=\/wp\/v2\/media\/40962"}],"wp:attachment":[{"href":"https:\/\/contraluzcucuta.co\/index.php?rest_route=%2Fwp%2Fv2%2Fmedia&parent=40961"}],"wp:term":[{"taxonomy":"category","embeddable":true,"href":"https:\/\/contraluzcucuta.co\/index.php?rest_route=%2Fwp%2Fv2%2Fcategories&post=40961"},{"taxonomy":"post_tag","embeddable":true,"href":"https:\/\/contraluzcucuta.co\/index.php?rest_route=%2Fwp%2Fv2%2Ftags&post=40961"}],"curies":[{"name":"wp","href":"https:\/\/api.w.org\/{rel}","templated":true}]}}