{"id":40929,"date":"2024-03-02T05:15:20","date_gmt":"2024-03-02T10:15:20","guid":{"rendered":"https:\/\/contraluzcucuta.co\/?p=40929"},"modified":"2024-03-02T05:15:20","modified_gmt":"2024-03-02T10:15:20","slug":"dane-533-000-nuevos-colombianos-empleados-en-enero","status":"publish","type":"post","link":"https:\/\/contraluzcucuta.co\/?p=40929","title":{"rendered":"DANE. 533.000 nuevos colombianos empleados, en enero"},"content":{"rendered":"<p style=\"padding-left: 40px; text-align: right;\"><strong><span style=\"color: #ff9900;\">BOGOT\u00c1.- C\u00facuta y el \u00c1rea Metropolitana hacen parte del grupo de ciudades colombianas donde la desocupaci\u00f3n lleg\u00f3 a 12,4 %, en el primer mes del a\u00f1o. La cifra representa una disminuci\u00f3n de 2,1 puntos porcentuales respecto al mismo mes de 2023 (14,5 %). \u00a0<\/span><\/strong><\/p>\n<p>La poblaci\u00f3n ocupada creci\u00f3 en 2,5 %. Los sectores que m\u00e1s aportaron a la variaci\u00f3n positiva fueron agricultura, ganader\u00eda, caza, silvicultura y pesca; administraci\u00f3n p\u00fablica y defensa, educaci\u00f3n y atenci\u00f3n de la salud humana, e Industrias manufactureras.<\/p>\n<p>La tasa de desempleo en Colombia continu\u00f3 a la baja, en enero. En 2023, el \u00edndice se hab\u00eda situado en 13,7 %, seg\u00fan el Departamento Administrativo Nacional de Estad\u00edstica (DANE). El mes pasado, el n\u00famero de ocupados en el pa\u00eds fue de 22 millones.<\/p>\n<p>Por g\u00e9nero, la tasa de desocupaci\u00f3n en el total nacional fue de 15,9 % para las mujeres y de 10,4 % para los hombres, lo que representa una brecha de 5,5 puntos porcentuales (p.p.). La poblaci\u00f3n fuera de la fuerza laboral (estudiantes, hogar, jubilados) increment\u00f3 en 254.000.<\/p>\n<p>La tasa global de participaci\u00f3n (poblaci\u00f3n en edad de trabajar disponible) se ubic\u00f3 en 63,3 % frente al 63,4% del mismo mes del a\u00f1o pasado; y la tasa de ocupaci\u00f3n fue 55,3% este a\u00f1o y 54,7% del a\u00f1o anterior.<\/p>\n<p>Para las 13 principales ciudades y \u00e1reas metropolitanas (Bogot\u00e1, Medell\u00edn A.M., Cali A.M., Barranquilla A.M., Bucaramanga A.M., Manizales A.M., Pereira A.M., C\u00facuta A.M., Pasto, Ibagu\u00e9, Monter\u00eda, Cartagena y Villavicencio), la desocupaci\u00f3n lleg\u00f3 a 12,4% en el primer mes de este a\u00f1o, que representa una disminuci\u00f3n de 2,1 puntos porcentuales respecto al mismo mes de 2023 (14,5%).<\/p>\n","protected":false},"excerpt":{"rendered":"<p>BOGOT\u00c1.- C\u00facuta y el \u00c1rea Metropolitana hacen parte del grupo de ciudades colombianas donde la desocupaci\u00f3n lleg\u00f3 a 12,4 %, en el primer mes del a\u00f1o. La cifra representa una disminuci\u00f3n de 2,1 puntos porcentuales respecto al mismo mes de 2023 (14,5 %). \u00a0 La poblaci\u00f3n ocupada creci\u00f3 en 2,5 %. Los sectores que m\u00e1s &hellip;<\/p>\n","protected":false},"author":1,"featured_media":40930,"comment_status":"open","ping_status":"open","sticky":false,"template":"","format":"standard","meta":{"footnotes":""},"categories":[4,39],"tags":[1494,1215],"class_list":["post-40929","post","type-post","status-publish","format-standard","has-post-thumbnail","hentry","category-barra","category-miradas-ajenas","tag-dane","tag-desempleo-en-cucuta"],"_links":{"self":[{"href":"https:\/\/contraluzcucuta.co\/index.php?rest_route=\/wp\/v2\/posts\/40929","targetHints":{"allow":["GET"]}}],"collection":[{"href":"https:\/\/contraluzcucuta.co\/index.php?rest_route=\/wp\/v2\/posts"}],"about":[{"href":"https:\/\/contraluzcucuta.co\/index.php?rest_route=\/wp\/v2\/types\/post"}],"author":[{"embeddable":true,"href":"https:\/\/contraluzcucuta.co\/index.php?rest_route=\/wp\/v2\/users\/1"}],"replies":[{"embeddable":true,"href":"https:\/\/contraluzcucuta.co\/index.php?rest_route=%2Fwp%2Fv2%2Fcomments&post=40929"}],"version-history":[{"count":1,"href":"https:\/\/contraluzcucuta.co\/index.php?rest_route=\/wp\/v2\/posts\/40929\/revisions"}],"predecessor-version":[{"id":40931,"href":"https:\/\/contraluzcucuta.co\/index.php?rest_route=\/wp\/v2\/posts\/40929\/revisions\/40931"}],"wp:featuredmedia":[{"embeddable":true,"href":"https:\/\/contraluzcucuta.co\/index.php?rest_route=\/wp\/v2\/media\/40930"}],"wp:attachment":[{"href":"https:\/\/contraluzcucuta.co\/index.php?rest_route=%2Fwp%2Fv2%2Fmedia&parent=40929"}],"wp:term":[{"taxonomy":"category","embeddable":true,"href":"https:\/\/contraluzcucuta.co\/index.php?rest_route=%2Fwp%2Fv2%2Fcategories&post=40929"},{"taxonomy":"post_tag","embeddable":true,"href":"https:\/\/contraluzcucuta.co\/index.php?rest_route=%2Fwp%2Fv2%2Ftags&post=40929"}],"curies":[{"name":"wp","href":"https:\/\/api.w.org\/{rel}","templated":true}]}}