{"id":40921,"date":"2024-03-02T04:51:48","date_gmt":"2024-03-02T09:51:48","guid":{"rendered":"https:\/\/contraluzcucuta.co\/?p=40921"},"modified":"2024-03-02T04:51:48","modified_gmt":"2024-03-02T09:51:48","slug":"sisben-alcaldia-reabrira-puntos-en-atalaya-y-la-libertad","status":"publish","type":"post","link":"https:\/\/contraluzcucuta.co\/?p=40921","title":{"rendered":"SISB\u00c9N. Alcald\u00eda reabrir\u00e1 puntos en Atalaya y La Libertad"},"content":{"rendered":"<p style=\"padding-left: 40px; text-align: right;\"><strong><span style=\"color: #ff9900;\">C\u00daCUTA.- Los habitantes de las ciudadelas Juan Atalaya y La Libertad, a partir del 4 de marzo, podr\u00e1n asistir a los puntos de atenci\u00f3n que reabrir\u00e1 la Oficina de Caracterizaci\u00f3n Socioecon\u00f3mica Sisb\u00e9n. El prop\u00f3sito es facilitar el acceso a la ciudadan\u00eda a los tr\u00e1mites.<\/span><\/strong><\/p>\n<p><a href=\"https:\/\/contraluzcucuta.co\/wp-content\/uploads\/2024\/03\/ALCALDIA-SISBEN-2.jpeg\"><img loading=\"lazy\" decoding=\"async\" class=\"wp-image-40923 alignleft\" src=\"https:\/\/contraluzcucuta.co\/wp-content\/uploads\/2024\/03\/ALCALDIA-SISBEN-2-300x169.jpeg\" alt=\"\" width=\"231\" height=\"130\" srcset=\"https:\/\/contraluzcucuta.co\/wp-content\/uploads\/2024\/03\/ALCALDIA-SISBEN-2-300x169.jpeg 300w, https:\/\/contraluzcucuta.co\/wp-content\/uploads\/2024\/03\/ALCALDIA-SISBEN-2-600x338.jpeg 600w, https:\/\/contraluzcucuta.co\/wp-content\/uploads\/2024\/03\/ALCALDIA-SISBEN-2-768x432.jpeg 768w, https:\/\/contraluzcucuta.co\/wp-content\/uploads\/2024\/03\/ALCALDIA-SISBEN-2.jpeg 1024w\" sizes=\"auto, (max-width: 231px) 100vw, 231px\" \/><\/a>En el Centro Regional de Atenci\u00f3n a V\u00edctimas (CRAV), ubicado en el barrio Comuneros, se atender\u00e1 de lunes a jueves, entre las 7:30 de la ma\u00f1ana y las 3:00 de la tarde (Jornada continua). En la Ciudadela La Libertad se ubicar\u00e1 en la Casa de Justicia y Paz.<\/p>\n<p>Los viernes, no habr\u00e1 atenci\u00f3n al p\u00fablico en ninguno de los puntos habilitados, con el fin de adelantar los cargues de informaci\u00f3n y env\u00edos al nivel central.<\/p>\n<p>Entre los servicios que los cucute\u00f1os podr\u00e1n tramitar se encuentran:<\/p>\n<ul>\n<li>Encuesta nueva.<\/li>\n<li>Encuesta nueva por inconformidad.<\/li>\n<li>Inclusi\u00f3n.<\/li>\n<li>Modificaci\u00f3n o actualizaci\u00f3n de datos.<\/li>\n<\/ul>\n<p>El servicio de atenci\u00f3n al usuario en la Oficina Principal continuar\u00e1 prest\u00e1ndose en el Centro Comercial Las Mercedes.<\/p>\n","protected":false},"excerpt":{"rendered":"<p>C\u00daCUTA.- Los habitantes de las ciudadelas Juan Atalaya y La Libertad, a partir del 4 de marzo, podr\u00e1n asistir a los puntos de atenci\u00f3n que reabrir\u00e1 la Oficina de Caracterizaci\u00f3n Socioecon\u00f3mica Sisb\u00e9n. El prop\u00f3sito es facilitar el acceso a la ciudadan\u00eda a los tr\u00e1mites. En el Centro Regional de Atenci\u00f3n a V\u00edctimas (CRAV), ubicado en &hellip;<\/p>\n","protected":false},"author":1,"featured_media":40922,"comment_status":"open","ping_status":"open","sticky":false,"template":"","format":"standard","meta":{"footnotes":""},"categories":[2625,4],"tags":[226,6104,6105,3129],"class_list":["post-40921","post","type-post","status-publish","format-standard","has-post-thumbnail","hentry","category-alcaldia-de-cucuta","category-barra","tag-alcaldia-de-cucuta","tag-centro-regional-de-atencion-a-victimas","tag-crav","tag-sisben-cucuta"],"_links":{"self":[{"href":"https:\/\/contraluzcucuta.co\/index.php?rest_route=\/wp\/v2\/posts\/40921","targetHints":{"allow":["GET"]}}],"collection":[{"href":"https:\/\/contraluzcucuta.co\/index.php?rest_route=\/wp\/v2\/posts"}],"about":[{"href":"https:\/\/contraluzcucuta.co\/index.php?rest_route=\/wp\/v2\/types\/post"}],"author":[{"embeddable":true,"href":"https:\/\/contraluzcucuta.co\/index.php?rest_route=\/wp\/v2\/users\/1"}],"replies":[{"embeddable":true,"href":"https:\/\/contraluzcucuta.co\/index.php?rest_route=%2Fwp%2Fv2%2Fcomments&post=40921"}],"version-history":[{"count":1,"href":"https:\/\/contraluzcucuta.co\/index.php?rest_route=\/wp\/v2\/posts\/40921\/revisions"}],"predecessor-version":[{"id":40924,"href":"https:\/\/contraluzcucuta.co\/index.php?rest_route=\/wp\/v2\/posts\/40921\/revisions\/40924"}],"wp:featuredmedia":[{"embeddable":true,"href":"https:\/\/contraluzcucuta.co\/index.php?rest_route=\/wp\/v2\/media\/40922"}],"wp:attachment":[{"href":"https:\/\/contraluzcucuta.co\/index.php?rest_route=%2Fwp%2Fv2%2Fmedia&parent=40921"}],"wp:term":[{"taxonomy":"category","embeddable":true,"href":"https:\/\/contraluzcucuta.co\/index.php?rest_route=%2Fwp%2Fv2%2Fcategories&post=40921"},{"taxonomy":"post_tag","embeddable":true,"href":"https:\/\/contraluzcucuta.co\/index.php?rest_route=%2Fwp%2Fv2%2Ftags&post=40921"}],"curies":[{"name":"wp","href":"https:\/\/api.w.org\/{rel}","templated":true}]}}