{"id":40917,"date":"2024-03-02T04:37:37","date_gmt":"2024-03-02T09:37:37","guid":{"rendered":"https:\/\/contraluzcucuta.co\/?p=40917"},"modified":"2024-03-02T04:37:37","modified_gmt":"2024-03-02T09:37:37","slug":"via-pamplona-bucaramanga-45-000-millones-para-subsanar-puntos-criticos","status":"publish","type":"post","link":"https:\/\/contraluzcucuta.co\/?p=40917","title":{"rendered":"V\u00cdA PAMPLONA-BUCARAMANGA. $ 45.000 millones para subsanar puntos cr\u00edticos"},"content":{"rendered":"<p style=\"padding-left: 40px; text-align: right;\"><strong><span style=\"color: #ff9900;\">C\u00daCUTA.- Voceros de la comunidad que promovi\u00f3 el cierre de la v\u00eda Pamplona-Bucaramanga, el 21 de febrero, la vicepresidenta ejecutiva de la Agencia Nacional de Infraestructura, Lyda Milena Esquivel, y el gobernador William Villamizar revisaron compromisos, recursos y plazos para comenzar la intervenci\u00f3n de 17 puntos cr\u00edticos, en desarrollo de la liquidaci\u00f3n del contrato de la concesi\u00f3n vial.<\/span><\/strong><\/p>\n<p><a href=\"https:\/\/contraluzcucuta.co\/wp-content\/uploads\/2024\/03\/GOBERNADOR-ANI-1-scaled.jpg\"><img loading=\"lazy\" decoding=\"async\" class=\"wp-image-40919 alignleft\" src=\"https:\/\/contraluzcucuta.co\/wp-content\/uploads\/2024\/03\/GOBERNADOR-ANI-1-300x200.jpg\" alt=\"\" width=\"246\" height=\"164\" srcset=\"https:\/\/contraluzcucuta.co\/wp-content\/uploads\/2024\/03\/GOBERNADOR-ANI-1-300x200.jpg 300w, https:\/\/contraluzcucuta.co\/wp-content\/uploads\/2024\/03\/GOBERNADOR-ANI-1-600x400.jpg 600w, https:\/\/contraluzcucuta.co\/wp-content\/uploads\/2024\/03\/GOBERNADOR-ANI-1-1024x683.jpg 1024w, https:\/\/contraluzcucuta.co\/wp-content\/uploads\/2024\/03\/GOBERNADOR-ANI-1-768x512.jpg 768w, https:\/\/contraluzcucuta.co\/wp-content\/uploads\/2024\/03\/GOBERNADOR-ANI-1-1536x1024.jpg 1536w, https:\/\/contraluzcucuta.co\/wp-content\/uploads\/2024\/03\/GOBERNADOR-ANI-1-2048x1365.jpg 2048w, https:\/\/contraluzcucuta.co\/wp-content\/uploads\/2024\/03\/GOBERNADOR-ANI-1-310x205.jpg 310w\" sizes=\"auto, (max-width: 246px) 100vw, 246px\" \/><\/a>La mesa de entendimiento gener\u00f3 como acuerdo fundamental la inversi\u00f3n de $ 25.000 millones en los puntos cr\u00edticos de la v\u00eda, y otros $ 20.000 millones para adquirir predios que se utilizar\u00e1n en la ejecuci\u00f3n de las obras. La presencia de la ANI y la concertaci\u00f3n con la comunidad, liderada por la alcaldesa de Mutiscua, Dolores Solano, permiti\u00f3 acordar que no habr\u00e1 nuevos bloqueos en la v\u00eda.<\/p>\n<p>\u201cQueda pendiente una nueva reuni\u00f3n, el 14 de marzo, en la cual se va a avanzar en diversas tareas con la comunidad y con organizaciones ambientales, l\u00edderes y presidentes de Junta de Acci\u00f3n Comunal\u201d, dijo Villamizar.<\/p>\n<p>El objetivo es continuar el an\u00e1lisis del problema, mientras se busca la posibilidad de un encuentro final con el Ministerio de Transporte y el Instituto Nacional de V\u00edas (INV\u00cdAS). En esa reuni\u00f3n se revisar\u00e1 \u201cqu\u00e9 otros recursos se pueden aplicar a esta v\u00eda que es fundamental para Norte de Santander y para la Provincia de Pamplona, que nos genera competitividad y que debemos propender porque est\u00e9 en buenas condiciones\u201d, agreg\u00f3 Villamizar.<\/p>\n<p>La presencia del Defensor del Pueblo regional, Pepe Ruiz, como garante del proceso en este di\u00e1logo de entendimiento, permiti\u00f3 avanzar en el desarrollo de la regi\u00f3n.<\/p>\n","protected":false},"excerpt":{"rendered":"<p>C\u00daCUTA.- Voceros de la comunidad que promovi\u00f3 el cierre de la v\u00eda Pamplona-Bucaramanga, el 21 de febrero, la vicepresidenta ejecutiva de la Agencia Nacional de Infraestructura, Lyda Milena Esquivel, y el gobernador William Villamizar revisaron compromisos, recursos y plazos para comenzar la intervenci\u00f3n de 17 puntos cr\u00edticos, en desarrollo de la liquidaci\u00f3n del contrato de &hellip;<\/p>\n","protected":false},"author":1,"featured_media":40918,"comment_status":"open","ping_status":"open","sticky":false,"template":"","format":"standard","meta":{"footnotes":""},"categories":[4,6011,32],"tags":[487,379,2800,1976],"class_list":["post-40917","post","type-post","status-publish","format-standard","has-post-thumbnail","hentry","category-barra","category-gobernacion-de-norte-de-santander","category-recorrido-por-la-region","tag-ani","tag-gobernacion-de-norte-de-santander","tag-gobernador-william-villamizar","tag-mutiscua"],"_links":{"self":[{"href":"https:\/\/contraluzcucuta.co\/index.php?rest_route=\/wp\/v2\/posts\/40917","targetHints":{"allow":["GET"]}}],"collection":[{"href":"https:\/\/contraluzcucuta.co\/index.php?rest_route=\/wp\/v2\/posts"}],"about":[{"href":"https:\/\/contraluzcucuta.co\/index.php?rest_route=\/wp\/v2\/types\/post"}],"author":[{"embeddable":true,"href":"https:\/\/contraluzcucuta.co\/index.php?rest_route=\/wp\/v2\/users\/1"}],"replies":[{"embeddable":true,"href":"https:\/\/contraluzcucuta.co\/index.php?rest_route=%2Fwp%2Fv2%2Fcomments&post=40917"}],"version-history":[{"count":1,"href":"https:\/\/contraluzcucuta.co\/index.php?rest_route=\/wp\/v2\/posts\/40917\/revisions"}],"predecessor-version":[{"id":40920,"href":"https:\/\/contraluzcucuta.co\/index.php?rest_route=\/wp\/v2\/posts\/40917\/revisions\/40920"}],"wp:featuredmedia":[{"embeddable":true,"href":"https:\/\/contraluzcucuta.co\/index.php?rest_route=\/wp\/v2\/media\/40918"}],"wp:attachment":[{"href":"https:\/\/contraluzcucuta.co\/index.php?rest_route=%2Fwp%2Fv2%2Fmedia&parent=40917"}],"wp:term":[{"taxonomy":"category","embeddable":true,"href":"https:\/\/contraluzcucuta.co\/index.php?rest_route=%2Fwp%2Fv2%2Fcategories&post=40917"},{"taxonomy":"post_tag","embeddable":true,"href":"https:\/\/contraluzcucuta.co\/index.php?rest_route=%2Fwp%2Fv2%2Ftags&post=40917"}],"curies":[{"name":"wp","href":"https:\/\/api.w.org\/{rel}","templated":true}]}}