{"id":40911,"date":"2024-03-01T20:45:27","date_gmt":"2024-03-02T01:45:27","guid":{"rendered":"https:\/\/contraluzcucuta.co\/?p=40911"},"modified":"2024-03-01T20:45:27","modified_gmt":"2024-03-02T01:45:27","slug":"conversaciones-de-entre-casa-quiero-ser-reconocida-como-lideresa-profesional-liliana-consuegra","status":"publish","type":"post","link":"https:\/\/contraluzcucuta.co\/?p=40911","title":{"rendered":"CONVERSACIONES DE ENTRE CASA. \u00a0Quiero ser reconocida como lideresa profesional, Liliana Consuegra"},"content":{"rendered":"<p style=\"padding-left: 40px; text-align: right;\"><strong><span style=\"color: #ff9900;\">C\u00daCUTA.- Naci\u00f3 en Bogot\u00e1, se form\u00f3 en C\u00facuta y representar\u00e1 al Amazonas en el concurso Mujer Cafam Colombia 2024. Este recorrido es fiel testimonio de que \u2018no importa d\u00f3nde se nace o d\u00f3nde se muere, sino d\u00f3nde se lucha\u2019 (Ana y Jaime). El trabajo con una ni\u00f1a ind\u00edgena le vali\u00f3 el reconocimiento para ser candidata al t\u00edtulo, que se otorgar\u00e1 el 7 de marzo, en Bogot\u00e1.<\/span><\/strong><\/p>\n<p><a href=\"https:\/\/contraluzcucuta.co\/wp-content\/uploads\/2024\/03\/LILIANA-CONSUEGRA-3.jpeg\"><img loading=\"lazy\" decoding=\"async\" class=\"wp-image-40913 alignleft\" src=\"https:\/\/contraluzcucuta.co\/wp-content\/uploads\/2024\/03\/LILIANA-CONSUEGRA-3-300x288.jpeg\" alt=\"\" width=\"244\" height=\"234\" srcset=\"https:\/\/contraluzcucuta.co\/wp-content\/uploads\/2024\/03\/LILIANA-CONSUEGRA-3-300x288.jpeg 300w, https:\/\/contraluzcucuta.co\/wp-content\/uploads\/2024\/03\/LILIANA-CONSUEGRA-3.jpeg 560w\" sizes=\"auto, (max-width: 244px) 100vw, 244px\" \/><\/a>Liliana Consuegra Bazzani tuvo una infancia tranquila y aprovech\u00f3 las maravillas que le ofreci\u00f3 la capital de Norte de Santander. Estudi\u00f3 en los colegios Carmelitas y Santa Teresa, compart\u00eda en familia, los fines de semana visitaba pueblitos y goz\u00f3 con las minitecas de los 80. Estuvo rodeada por personas que cultivaron fortalezas, valores y disciplina.<\/p>\n<p><em>&#8211; Hice los amigos de verdad, esos que son para toda la vida. A\u00fan los llevo en el coraz\u00f3n. Muchos, de una u otra manera, me han dado la mano para desarrollar la misi\u00f3n Debra Colombia.<\/em><\/p>\n<p>Debra es una organizaci\u00f3n internacional no gubernamental, sin \u00e1nimo de lucro, que existe en 52 pa\u00edses y apoya a quienes padecen epiderm\u00f3lisis bullosa (piel de mariposa). Liliana, como fundadora y directora en el pa\u00eds, ha direccionado y ha prestado ayuda asistencial a (*) Perlita, de 5 a\u00f1os, que vive en un resguardo ind\u00edgena del Amazonas.<\/p>\n<p>La piel de mariposa es una enfermedad rara, de origen gen\u00e9tico y dolorosa. Implica la formaci\u00f3n de heridas por extrema fragilidad de la piel y las mucosas. A los tres meses de nacida, Perlita fue remitida a Villavicencio en condiciones delicadas. All\u00ed, un dermat\u00f3logo la refiri\u00f3 a Debra Colombia y desde entonces se han adelantado entrenamientos para tratarle las lesiones cut\u00e1neas.<\/p>\n<p><a href=\"https:\/\/contraluzcucuta.co\/wp-content\/uploads\/2024\/03\/LILIANA-CONSUEGRA-4A.jpg\"><img loading=\"lazy\" decoding=\"async\" class=\"wp-image-40914 alignleft\" src=\"https:\/\/contraluzcucuta.co\/wp-content\/uploads\/2024\/03\/LILIANA-CONSUEGRA-4A-267x300.jpg\" alt=\"\" width=\"228\" height=\"256\" srcset=\"https:\/\/contraluzcucuta.co\/wp-content\/uploads\/2024\/03\/LILIANA-CONSUEGRA-4A-267x300.jpg 267w, https:\/\/contraluzcucuta.co\/wp-content\/uploads\/2024\/03\/LILIANA-CONSUEGRA-4A-600x673.jpg 600w, https:\/\/contraluzcucuta.co\/wp-content\/uploads\/2024\/03\/LILIANA-CONSUEGRA-4A.jpg 747w\" sizes=\"auto, (max-width: 228px) 100vw, 228px\" \/><\/a>Las herramientas ofrecidas por la Fundaci\u00f3n le han permitido a Perlita vivir en la selva bajo condiciones dignas que aminoran el dolor.<\/p>\n<p><em>&#8211; El premio Cafam reconoce a las mujeres que lideran acciones de impacto social en un territorio. No siempre el beneficiado es el lugar donde nacemos o crecemos las postuladas. Apoyo a los pacientes con esta condici\u00f3n y la nominaci\u00f3n por Amazonas se da en este contexto.<\/em><\/p>\n<p>En los \u00faltimos 15 a\u00f1os, Liliana ha trabajado con Debra y ha tenido la oportunidad de beneficiar a dos pacientes ind\u00edgenas, Perlita y otro que vive en Bogot\u00e1. Reciben atenci\u00f3n especializada interdisciplinaria, asesor\u00eda jur\u00eddica, kits con material de curaci\u00f3n de alto costo y suplementaci\u00f3n nutricional. En este momento benefician a 76 pacientes, en diferentes comunidades del pa\u00eds.<\/p>\n<p><strong>\u00bfQu\u00e9 significa, en lo personal, estar nominada para el premio?<\/strong><\/p>\n<p><em>&#8211; Es el reconocimiento a una labor tit\u00e1nica, que, a pesar de haber iniciado con una peque\u00f1a red de apoyo y sin recursos econ\u00f3micos, hoy ha cambiado la historia de 120 h\u00e9roes con piel de mariposa y sus familias, por medio de un equipo consolidado de voluntarios y benefactoras que se han sumado para darles d\u00edas sin dolor.<\/em><\/p>\n<p><strong>\u00bfY en lo profesional?<\/strong><\/p>\n<ul>\n<li><em>Ser reconocida como lideresa profesional integral que va m\u00e1s all\u00e1 del acto m\u00e9dico de la consulta, que defiende los derechos fundamentales, gestiona proyectos humanitarios que permiten aportar un granito de arena para construir una sociedad emp\u00e1tica, equitativa, respetuosa e inclusiva con los que padecen enfermedades raras.<\/em><\/li>\n<\/ul>\n<p><a href=\"https:\/\/contraluzcucuta.co\/wp-content\/uploads\/2024\/03\/LILIANA-CONSUEGRA-2.jpg\"><img loading=\"lazy\" decoding=\"async\" class=\"wp-image-40915 alignleft\" src=\"https:\/\/contraluzcucuta.co\/wp-content\/uploads\/2024\/03\/LILIANA-CONSUEGRA-2-246x300.jpg\" alt=\"\" width=\"213\" height=\"260\" srcset=\"https:\/\/contraluzcucuta.co\/wp-content\/uploads\/2024\/03\/LILIANA-CONSUEGRA-2-246x300.jpg 246w, https:\/\/contraluzcucuta.co\/wp-content\/uploads\/2024\/03\/LILIANA-CONSUEGRA-2.jpg 497w\" sizes=\"auto, (max-width: 213px) 100vw, 213px\" \/><\/a>La nominaci\u00f3n le ha permitido difundir en varios escenarios la labor como conferenciante en el \u00e1rea de la salud, y ofrecer a los asistentes herramientas para identificar e intervenir factores de riesgo que los impactan en el aspecto biopsicosocial.<\/p>\n<p>Si es elegida Se\u00f1ora Cafam Colombia, est\u00e1 segura, se convertir\u00e1 en embajadora para invitar a los ciudadanos a construir pa\u00eds desde la empat\u00eda, el respeto por la diferencia y la solidaridad en diversos escenarios.<\/p>\n<p><strong>\u00bfTiene planeado hacer alg\u00fan trabajo especial en C\u00facuta?<\/strong><\/p>\n<ul>\n<li><em>Tenemos dos pacientes beneficiados en Abrego y varios profesionales de la salud entrenados en el manejo interdisciplinario de la patolog\u00eda en C\u00facuta. Esperamos continuar el trabajo asistencial conjunto y tener la oportunidad de organizar un evento que sume manos amigas para dar d\u00edas sin dolor a h\u00e9roes con piel de mariposa.<\/em><\/li>\n<\/ul>\n<p>Despu\u00e9s de esta experiencia, con o sin la banda, Liliana Consuegra Bazzani ampliar\u00e1 la red de apoyo y de cobertura para llegar a quienes padecen esta enfermedad dolorosa. No solo por lo que suponen las heridas de la piel, sino para combatir la exclusi\u00f3n escolar, social y laboral.<\/p>\n<p><strong><em>(*) Nombre ficticio para proteger la identidad de la ni\u00f1a<\/em><\/strong><\/p>\n<p>RAFAEL ANTONIO PAB\u00d3N<\/p>\n<p>rafaelpabon58@hotmail.com<\/p>\n","protected":false},"excerpt":{"rendered":"<p>C\u00daCUTA.- Naci\u00f3 en Bogot\u00e1, se form\u00f3 en C\u00facuta y representar\u00e1 al Amazonas en el concurso Mujer Cafam Colombia 2024. Este recorrido es fiel testimonio de que \u2018no importa d\u00f3nde se nace o d\u00f3nde se muere, sino d\u00f3nde se lucha\u2019 (Ana y Jaime). El trabajo con una ni\u00f1a ind\u00edgena le vali\u00f3 el reconocimiento para ser candidata &hellip;<\/p>\n","protected":false},"author":1,"featured_media":40912,"comment_status":"open","ping_status":"open","sticky":false,"template":"","format":"standard","meta":{"footnotes":""},"categories":[5970,45,4],"tags":[5935,6101,6100,6102,6103],"class_list":["post-40911","post","type-post","status-publish","format-standard","has-post-thumbnail","hentry","category-conversaciones-de-entre-casa","category-destacado","category-barra","tag-conversaciones-de-entre-casa","tag-debra","tag-liliana-consuegra-bazzani","tag-mujer-cafam","tag-piel-de-mariposa"],"_links":{"self":[{"href":"https:\/\/contraluzcucuta.co\/index.php?rest_route=\/wp\/v2\/posts\/40911","targetHints":{"allow":["GET"]}}],"collection":[{"href":"https:\/\/contraluzcucuta.co\/index.php?rest_route=\/wp\/v2\/posts"}],"about":[{"href":"https:\/\/contraluzcucuta.co\/index.php?rest_route=\/wp\/v2\/types\/post"}],"author":[{"embeddable":true,"href":"https:\/\/contraluzcucuta.co\/index.php?rest_route=\/wp\/v2\/users\/1"}],"replies":[{"embeddable":true,"href":"https:\/\/contraluzcucuta.co\/index.php?rest_route=%2Fwp%2Fv2%2Fcomments&post=40911"}],"version-history":[{"count":1,"href":"https:\/\/contraluzcucuta.co\/index.php?rest_route=\/wp\/v2\/posts\/40911\/revisions"}],"predecessor-version":[{"id":40916,"href":"https:\/\/contraluzcucuta.co\/index.php?rest_route=\/wp\/v2\/posts\/40911\/revisions\/40916"}],"wp:featuredmedia":[{"embeddable":true,"href":"https:\/\/contraluzcucuta.co\/index.php?rest_route=\/wp\/v2\/media\/40912"}],"wp:attachment":[{"href":"https:\/\/contraluzcucuta.co\/index.php?rest_route=%2Fwp%2Fv2%2Fmedia&parent=40911"}],"wp:term":[{"taxonomy":"category","embeddable":true,"href":"https:\/\/contraluzcucuta.co\/index.php?rest_route=%2Fwp%2Fv2%2Fcategories&post=40911"},{"taxonomy":"post_tag","embeddable":true,"href":"https:\/\/contraluzcucuta.co\/index.php?rest_route=%2Fwp%2Fv2%2Ftags&post=40911"}],"curies":[{"name":"wp","href":"https:\/\/api.w.org\/{rel}","templated":true}]}}