{"id":40902,"date":"2024-03-01T03:20:21","date_gmt":"2024-03-01T08:20:21","guid":{"rendered":"https:\/\/contraluzcucuta.co\/?p=40902"},"modified":"2024-03-01T03:20:21","modified_gmt":"2024-03-01T08:20:21","slug":"conversaciones-de-entre-casa-no-imagine-que-seria-rector-ahora-tengo-1032-hijos-davi-julio","status":"publish","type":"post","link":"https:\/\/contraluzcucuta.co\/?p=40902","title":{"rendered":"CONVERSACIONES DE ENTRE CASA. No imagin\u00e9 que ser\u00eda rector; ahora, tengo 1032 hijos, Dav\u00ed Julio"},"content":{"rendered":"<p style=\"padding-left: 40px; text-align: right;\"><strong><span style=\"color: #ff9900;\">C\u00daCUTA.- La madre quer\u00eda, como homenaje al actor Carradine, bautizar al ni\u00f1o Deivy. El padre, en medio de su ingl\u00e9s de colegio, lleg\u00f3 a la Notar\u00eda y escribi\u00f3 Dav\u00ed. Para el segundo nombre, se pens\u00f3 en el abuelo materno Leovigildo, y lo llamaron Leonardo. El primer apellido del nono paterno es Julio y pocos vecinos lo sab\u00edan, siempre le dijeron Paipa. Don Leo es Puerto.<\/span><\/strong><\/p>\n<p><a href=\"https:\/\/contraluzcucuta.co\/wp-content\/uploads\/2024\/03\/DAVI-JULIO-10.jpeg\"><img loading=\"lazy\" decoding=\"async\" class=\"wp-image-40904 alignleft\" src=\"https:\/\/contraluzcucuta.co\/wp-content\/uploads\/2024\/03\/DAVI-JULIO-10-300x225.jpeg\" alt=\"\" width=\"251\" height=\"188\" srcset=\"https:\/\/contraluzcucuta.co\/wp-content\/uploads\/2024\/03\/DAVI-JULIO-10-300x225.jpeg 300w, https:\/\/contraluzcucuta.co\/wp-content\/uploads\/2024\/03\/DAVI-JULIO-10-600x450.jpeg 600w, https:\/\/contraluzcucuta.co\/wp-content\/uploads\/2024\/03\/DAVI-JULIO-10-1024x768.jpeg 1024w, https:\/\/contraluzcucuta.co\/wp-content\/uploads\/2024\/03\/DAVI-JULIO-10-768x576.jpeg 768w, https:\/\/contraluzcucuta.co\/wp-content\/uploads\/2024\/03\/DAVI-JULIO-10-1536x1152.jpeg 1536w, https:\/\/contraluzcucuta.co\/wp-content\/uploads\/2024\/03\/DAVI-JULIO-10.jpeg 1600w\" sizes=\"auto, (max-width: 251px) 100vw, 251px\" \/><\/a>El peque\u00f1o creci\u00f3 en Bel\u00e9n, en medio de las limitaciones que compart\u00edan los habitantes de ese barrio, al occidente cucute\u00f1o. Era allegado a los j\u00f3venes, por lo que hoy, entre los amigos, cuenta a varios cincuentones y sesentones. Ninguno ten\u00eda m\u00e1s que el otro, por eso crecieron felices a su manera.<\/p>\n<p>Dav\u00ed Leonardo Julio Puerto fue al Instituto Moderno Quinto Centenario y, en 1999, alcanz\u00f3 el t\u00edtulo de bachiller. En la Universidad Francisco de Paula Santander se prepar\u00f3 como administrador de empresas (2008). El Sena lo tuvo como alumno en el programa de pedagog\u00eda. Hasta cuando le lleg\u00f3 el momento de emplearse.<\/p>\n<p>En Comfaoriente encontr\u00f3 ese refugio laboral, siempre en gesti\u00f3n de calidad y en sistemas integrados de gesti\u00f3n. Ah\u00ed, en el edificio de la Caja de Compensaci\u00f3n, pas\u00f3 18 a\u00f1os. Al repasar ese escalonamiento siente que ha recibido bendiciones, como recompensa del trabajo cumplido.<\/p>\n<ul>\n<li><em>Lo importante es salir adelante y trabajar. Adem\u00e1s, tener el impulso de la familia.<\/em><\/li>\n<\/ul>\n<p>El pertenecer a un estrato socioecon\u00f3mico bajo no lo hizo sentir rechazado mientras asist\u00eda a clases en secundaria o en el camino para ser profesional. Los abuelos lo ense\u00f1aron a continuar hacia adelante y lo alentaban para que mantuviera la mirada puesta en el norte.<\/p>\n<p><a href=\"https:\/\/contraluzcucuta.co\/wp-content\/uploads\/2024\/03\/DAVI-JULIO-8.jpeg\"><img loading=\"lazy\" decoding=\"async\" class=\"alignnone  wp-image-40905 alignleft\" src=\"https:\/\/contraluzcucuta.co\/wp-content\/uploads\/2024\/03\/DAVI-JULIO-8-300x225.jpeg\" alt=\"\" width=\"247\" height=\"185\" srcset=\"https:\/\/contraluzcucuta.co\/wp-content\/uploads\/2024\/03\/DAVI-JULIO-8-300x225.jpeg 300w, https:\/\/contraluzcucuta.co\/wp-content\/uploads\/2024\/03\/DAVI-JULIO-8-600x450.jpeg 600w, https:\/\/contraluzcucuta.co\/wp-content\/uploads\/2024\/03\/DAVI-JULIO-8-1024x768.jpeg 1024w, https:\/\/contraluzcucuta.co\/wp-content\/uploads\/2024\/03\/DAVI-JULIO-8-768x576.jpeg 768w, https:\/\/contraluzcucuta.co\/wp-content\/uploads\/2024\/03\/DAVI-JULIO-8-1536x1152.jpeg 1536w, https:\/\/contraluzcucuta.co\/wp-content\/uploads\/2024\/03\/DAVI-JULIO-8.jpeg 1600w\" sizes=\"auto, (max-width: 247px) 100vw, 247px\" \/><\/a><\/p>\n<p>A punto de cumplir dos d\u00e9cadas en la Caja le encomendaron el reto de asumir la rector\u00eda de la Instituci\u00f3n Educativa Gimnasio Campestre Comfaoriente. Ahora, debe implementar lo hecho desde el cargo administrativo anterior y aplicar los procedimientos y el conocimiento de la gesti\u00f3n del colegio. Se abre la puerta que da acceso al manejo de 1032 estudiantes, desde prejard\u00edn hasta grado 11, m\u00e1s docentes y administrativos.<\/p>\n<p>Da una mirada en el tiempo y reconoce que no se ve\u00eda como actor principal en la parte educativa. No se ve\u00eda como rector, as\u00ed hubiera asesorado empresas en C\u00facuta y Arauca en torno al sector.<\/p>\n<ul>\n<li><em>Son 1032 hijos. Eso es lo bonito de la vida. Las experiencias adquiridas permiten transmitir el mensaje de trabajar y seguir adelante.<\/em><\/li>\n<\/ul>\n<p>Al pie de los ni\u00f1os llegan los padres de familia. En ocasiones la pareja hace presencia para conocer c\u00f3mo avanza el proceso ense\u00f1anza-aprendizaje del hijo. Esto significa que la cifra se multiplica por tres y la operaci\u00f3n da como resultado el grado de responsabilidad que le encomendaron a comienzos de a\u00f1o. Est\u00e1 seguro de que cada padre quiere lo mejor para el hijo o aquello que en su infancia no disfrut\u00f3.<\/p>\n<p>Desde afuera llega el barullo de los estudiantes a punto de terminar la jornada del d\u00eda. Ruido que, a cambio de molestar al rector, lo hace reflexionar en torno a la edad de los causantes del bullicio. Comprende que el ni\u00f1o es ni\u00f1o y siempre tendr\u00e1 alegr\u00eda, correr\u00e1 por pasillos y saltar\u00e1, hablar\u00e1 y gritar\u00e1 en los salones.<\/p>\n<ul>\n<li><em>Los docentes son un grupo de profesionales con talento humano exitoso. D\u00eda a d\u00eda les pedimos que mejoren, porque la pedagog\u00eda con la que se formaron era una y hoy hay otra metodolog\u00eda.<\/em><\/li>\n<\/ul>\n<p><a href=\"https:\/\/contraluzcucuta.co\/wp-content\/uploads\/2024\/03\/DAVI-JULIO-11.jpeg\"><img loading=\"lazy\" decoding=\"async\" class=\"alignnone  wp-image-40906 alignleft\" src=\"https:\/\/contraluzcucuta.co\/wp-content\/uploads\/2024\/03\/DAVI-JULIO-11-300x225.jpeg\" alt=\"\" width=\"247\" height=\"185\" srcset=\"https:\/\/contraluzcucuta.co\/wp-content\/uploads\/2024\/03\/DAVI-JULIO-11-300x225.jpeg 300w, https:\/\/contraluzcucuta.co\/wp-content\/uploads\/2024\/03\/DAVI-JULIO-11-600x450.jpeg 600w, https:\/\/contraluzcucuta.co\/wp-content\/uploads\/2024\/03\/DAVI-JULIO-11-1024x768.jpeg 1024w, https:\/\/contraluzcucuta.co\/wp-content\/uploads\/2024\/03\/DAVI-JULIO-11-768x576.jpeg 768w, https:\/\/contraluzcucuta.co\/wp-content\/uploads\/2024\/03\/DAVI-JULIO-11-1536x1152.jpeg 1536w, https:\/\/contraluzcucuta.co\/wp-content\/uploads\/2024\/03\/DAVI-JULIO-11.jpeg 1600w\" sizes=\"auto, (max-width: 247px) 100vw, 247px\" \/><\/a><\/p>\n<p>Esas clases magistrales en las que los profesores muestran sus saberes son complementadas con enfoques en deportes, cultura, arte, m\u00fasica y la banda marcial.<\/p>\n<p>Los alumnos de los cursos superiores, por el paso del tiempo en la instituci\u00f3n y el conocimiento con el que cargan, se convierten en los hermanos mayores de los chiquitines. Ese comportamiento es inculcado para que les den ejemplo a quienes les siguen los pasos.<\/p>\n<p>La rector\u00eda impulsa los grupos de investigaci\u00f3n para motivar a los muchachos a abrirse a otros campos y que en casa no vean solo las calificaciones en las materias tradicionales. Los enfoques son sistemas, ambiental, musical, sociales y c\u00e1tedra de paz. Se les da la posibilidad que escojan el grupo con el que sienten afinidad. Para Once tienen dos t\u00e9cnicas en sistemas y comercio.<\/p>\n<p><a href=\"https:\/\/contraluzcucuta.co\/wp-content\/uploads\/2024\/03\/DAVI-JULIO-2.jpeg\"><img loading=\"lazy\" decoding=\"async\" class=\"alignnone size-medium wp-image-40907 alignleft\" src=\"https:\/\/contraluzcucuta.co\/wp-content\/uploads\/2024\/03\/DAVI-JULIO-2-225x300.jpeg\" alt=\"\" width=\"225\" height=\"300\" srcset=\"https:\/\/contraluzcucuta.co\/wp-content\/uploads\/2024\/03\/DAVI-JULIO-2-225x300.jpeg 225w, https:\/\/contraluzcucuta.co\/wp-content\/uploads\/2024\/03\/DAVI-JULIO-2-600x800.jpeg 600w, https:\/\/contraluzcucuta.co\/wp-content\/uploads\/2024\/03\/DAVI-JULIO-2-768x1024.jpeg 768w, https:\/\/contraluzcucuta.co\/wp-content\/uploads\/2024\/03\/DAVI-JULIO-2-1152x1536.jpeg 1152w, https:\/\/contraluzcucuta.co\/wp-content\/uploads\/2024\/03\/DAVI-JULIO-2.jpeg 1200w\" sizes=\"auto, (max-width: 225px) 100vw, 225px\" \/><\/a><\/p>\n<p>Al terminar el ciclo estudiantil algunos toman el rumbo universitario. Otros, optan por las t\u00e9cnicas. Tambi\u00e9n, les hacen seguimiento a los egresados. Se sabe que estudian medicina, ingenier\u00edas, militares y Sena. Y no faltan los artistas.<\/p>\n<ul>\n<li><em>El \u00edndice de deserci\u00f3n que manejamos es bajito. B\u00e1sicamente, se da cuando los pap\u00e1s cambian de ciudad, porque se les abren las puertas laborales en otros lugares.<\/em><\/li>\n<\/ul>\n<p>En contados minutos sonar\u00e1 el timbre que dar\u00e1 por terminada la jornada estudiantil. Otro d\u00eda de clases que ha pasado. En segundos, la algarab\u00eda se tomar\u00e1 el ambiente del colegio, peque\u00f1os y grandes correr\u00e1n, gritar\u00e1n, se despedir\u00e1n, se alegrar\u00e1n por ver a los padres. \u00bfQui\u00e9n se opone a ese fragor, convertido en estampida?<\/p>\n<p>Entre tanto, el rector Dav\u00ed Leonardo Julio Puerto cabila y se imagina en qu\u00e9 andar\u00e1 a final de a\u00f1o:<\/p>\n<ul>\n<li><em>Continuar\u00e9 como rector. En noviembre o diciembre entregar los mejores bachilleres. Igual, el paso de jard\u00edn a primaria, y de primaria a bachillerato. <\/em><\/li>\n<\/ul>\n<p><strong>RAFAEL ANTONIO PAB\u00d3N <\/strong><\/p>\n<p><strong><a href=\"mailto:rafaelpabon58@hotmail.com\">rafaelpabon58@hotmail.com<\/a><\/strong><\/p>\n","protected":false},"excerpt":{"rendered":"<p>C\u00daCUTA.- La madre quer\u00eda, como homenaje al actor Carradine, bautizar al ni\u00f1o Deivy. El padre, en medio de su ingl\u00e9s de colegio, lleg\u00f3 a la Notar\u00eda y escribi\u00f3 Dav\u00ed. Para el segundo nombre, se pens\u00f3 en el abuelo materno Leovigildo, y lo llamaron Leonardo. El primer apellido del nono paterno es Julio y pocos vecinos &hellip;<\/p>\n","protected":false},"author":1,"featured_media":40903,"comment_status":"open","ping_status":"open","sticky":false,"template":"","format":"standard","meta":{"footnotes":""},"categories":[5970,45,4],"tags":[5700,5935,5852],"class_list":["post-40902","post","type-post","status-publish","format-standard","has-post-thumbnail","hentry","category-conversaciones-de-entre-casa","category-destacado","category-barra","tag-comfaoriente","tag-conversaciones-de-entre-casa","tag-institucion-educativa-gimnasio-campestre-comfaoriente"],"_links":{"self":[{"href":"https:\/\/contraluzcucuta.co\/index.php?rest_route=\/wp\/v2\/posts\/40902","targetHints":{"allow":["GET"]}}],"collection":[{"href":"https:\/\/contraluzcucuta.co\/index.php?rest_route=\/wp\/v2\/posts"}],"about":[{"href":"https:\/\/contraluzcucuta.co\/index.php?rest_route=\/wp\/v2\/types\/post"}],"author":[{"embeddable":true,"href":"https:\/\/contraluzcucuta.co\/index.php?rest_route=\/wp\/v2\/users\/1"}],"replies":[{"embeddable":true,"href":"https:\/\/contraluzcucuta.co\/index.php?rest_route=%2Fwp%2Fv2%2Fcomments&post=40902"}],"version-history":[{"count":1,"href":"https:\/\/contraluzcucuta.co\/index.php?rest_route=\/wp\/v2\/posts\/40902\/revisions"}],"predecessor-version":[{"id":40908,"href":"https:\/\/contraluzcucuta.co\/index.php?rest_route=\/wp\/v2\/posts\/40902\/revisions\/40908"}],"wp:featuredmedia":[{"embeddable":true,"href":"https:\/\/contraluzcucuta.co\/index.php?rest_route=\/wp\/v2\/media\/40903"}],"wp:attachment":[{"href":"https:\/\/contraluzcucuta.co\/index.php?rest_route=%2Fwp%2Fv2%2Fmedia&parent=40902"}],"wp:term":[{"taxonomy":"category","embeddable":true,"href":"https:\/\/contraluzcucuta.co\/index.php?rest_route=%2Fwp%2Fv2%2Fcategories&post=40902"},{"taxonomy":"post_tag","embeddable":true,"href":"https:\/\/contraluzcucuta.co\/index.php?rest_route=%2Fwp%2Fv2%2Ftags&post=40902"}],"curies":[{"name":"wp","href":"https:\/\/api.w.org\/{rel}","templated":true}]}}