{"id":40851,"date":"2024-02-27T04:11:57","date_gmt":"2024-02-27T09:11:57","guid":{"rendered":"https:\/\/contraluzcucuta.co\/?p=40851"},"modified":"2024-02-27T04:11:57","modified_gmt":"2024-02-27T09:11:57","slug":"convocatoria-conectarse-para-crecer-2024","status":"publish","type":"post","link":"https:\/\/contraluzcucuta.co\/?p=40851","title":{"rendered":"CONVOCATORIA. Conectarse para Crecer 2024"},"content":{"rendered":"<p style=\"padding-left: 40px; text-align: right;\"><strong><span style=\"color: #ff9900;\">BOGOT\u00c1.- Las mujeres rurales que hayan encontrado en la tecnolog\u00eda, las telecomunicaciones y las herramientas digitales un veh\u00edculo para mejorar la calidad de vida de las comunidades, mediante la implementaci\u00f3n de soluciones que contribuyan al bienestar y al desarrollo de capacidades con el uso de las TIC, est\u00e1n convocadas a la II Edici\u00f3n del Premio Conectarse para Crecer.<\/span><\/strong><\/p>\n<p>El concurso es organizado por Movistar y las interesadas tendr\u00e1n hasta el 12 de mayo para acceder a la plataforma e inscribir proyectos en las categor\u00edas disponibles para esta edici\u00f3n: Medio Ambiente, Salud, Educaci\u00f3n y Negocio en Marcha.<\/p>\n<p>Este a\u00f1o, el Premio ser\u00e1 otorgado en el segundo encuentro por la Inclusi\u00f3n Digital en Am\u00e9rica Latina, que reunir\u00e1 a los principales actores del sector para intercambiar ideas, reflexiones y buenas pr\u00e1cticas que contribuyan a disminuir las brechas de manera sostenible en la regi\u00f3n.<\/p>\n<p>La Inclusi\u00f3n Digital busca que el acceso a las tecnolog\u00edas y a los servicios digitales se logre sin importar edad, ubicaci\u00f3n geogr\u00e1fica o capacidades. En la primera edici\u00f3n se identificaron 68 iniciativas y premiados cuatro proyectos que impactaron positivamente en las zonas rurales de Colombia.<\/p>\n<p>Movistar reafirma el compromiso con la inclusi\u00f3n digital y el desarrollo del pa\u00eds, impulsa el emprendimiento y la adopci\u00f3n de tecnolog\u00edas que generen un impacto positivo en las comunidades rurales.<\/p>\n","protected":false},"excerpt":{"rendered":"<p>BOGOT\u00c1.- Las mujeres rurales que hayan encontrado en la tecnolog\u00eda, las telecomunicaciones y las herramientas digitales un veh\u00edculo para mejorar la calidad de vida de las comunidades, mediante la implementaci\u00f3n de soluciones que contribuyan al bienestar y al desarrollo de capacidades con el uso de las TIC, est\u00e1n convocadas a la II Edici\u00f3n del Premio &hellip;<\/p>\n","protected":false},"author":1,"featured_media":40852,"comment_status":"open","ping_status":"open","sticky":false,"template":"","format":"standard","meta":{"footnotes":""},"categories":[4,39],"tags":[6089,4232,6088],"class_list":["post-40851","post","type-post","status-publish","format-standard","has-post-thumbnail","hentry","category-barra","category-miradas-ajenas","tag-inclusion-digital","tag-movistar","tag-premio-conectarse-para-crecer"],"_links":{"self":[{"href":"https:\/\/contraluzcucuta.co\/index.php?rest_route=\/wp\/v2\/posts\/40851","targetHints":{"allow":["GET"]}}],"collection":[{"href":"https:\/\/contraluzcucuta.co\/index.php?rest_route=\/wp\/v2\/posts"}],"about":[{"href":"https:\/\/contraluzcucuta.co\/index.php?rest_route=\/wp\/v2\/types\/post"}],"author":[{"embeddable":true,"href":"https:\/\/contraluzcucuta.co\/index.php?rest_route=\/wp\/v2\/users\/1"}],"replies":[{"embeddable":true,"href":"https:\/\/contraluzcucuta.co\/index.php?rest_route=%2Fwp%2Fv2%2Fcomments&post=40851"}],"version-history":[{"count":1,"href":"https:\/\/contraluzcucuta.co\/index.php?rest_route=\/wp\/v2\/posts\/40851\/revisions"}],"predecessor-version":[{"id":40853,"href":"https:\/\/contraluzcucuta.co\/index.php?rest_route=\/wp\/v2\/posts\/40851\/revisions\/40853"}],"wp:featuredmedia":[{"embeddable":true,"href":"https:\/\/contraluzcucuta.co\/index.php?rest_route=\/wp\/v2\/media\/40852"}],"wp:attachment":[{"href":"https:\/\/contraluzcucuta.co\/index.php?rest_route=%2Fwp%2Fv2%2Fmedia&parent=40851"}],"wp:term":[{"taxonomy":"category","embeddable":true,"href":"https:\/\/contraluzcucuta.co\/index.php?rest_route=%2Fwp%2Fv2%2Fcategories&post=40851"},{"taxonomy":"post_tag","embeddable":true,"href":"https:\/\/contraluzcucuta.co\/index.php?rest_route=%2Fwp%2Fv2%2Ftags&post=40851"}],"curies":[{"name":"wp","href":"https:\/\/api.w.org\/{rel}","templated":true}]}}