{"id":40839,"date":"2024-02-27T03:41:50","date_gmt":"2024-02-27T08:41:50","guid":{"rendered":"https:\/\/contraluzcucuta.co\/?p=40839"},"modified":"2024-02-27T03:41:50","modified_gmt":"2024-02-27T08:41:50","slug":"el-catatumbo-de-la-gabarra-a-candidata-a-mujer-cafam-de-colombia","status":"publish","type":"post","link":"https:\/\/contraluzcucuta.co\/?p=40839","title":{"rendered":"EL CATATUMBO. De La Gabarra a candidata a Mujer Cafam de Colombia"},"content":{"rendered":"<p style=\"padding-left: 40px; text-align: right;\"><strong><span style=\"color: #ff9900;\">C\u00daCUTA.- \u2018La mam\u00e1 grande de El Catatumbo\u2019, as\u00ed conocen y llaman a Carmen Elena Garc\u00eda. Ese remoquete la ha llevado a convertirse en Mujer Cafam Norte de Santander. Ahora, busca el reconocimiento nacional por el liderazgo social mediante la asociaci\u00f3n que agrupa a m\u00e1s de 800 mujeres que buscan arrebatarle los hijos la guerra en esta regi\u00f3n del pa\u00eds.<\/span><\/strong><\/p>\n<p><a href=\"https:\/\/contraluzcucuta.co\/wp-content\/uploads\/2024\/02\/URT-MUJER-CAFAM-5.JPG.jpeg-scaled.jpg\"><img loading=\"lazy\" decoding=\"async\" class=\"wp-image-40841 alignleft\" src=\"https:\/\/contraluzcucuta.co\/wp-content\/uploads\/2024\/02\/URT-MUJER-CAFAM-5.JPG.jpeg-300x199.jpg\" alt=\"\" width=\"246\" height=\"163\" srcset=\"https:\/\/contraluzcucuta.co\/wp-content\/uploads\/2024\/02\/URT-MUJER-CAFAM-5.JPG.jpeg-300x199.jpg 300w, https:\/\/contraluzcucuta.co\/wp-content\/uploads\/2024\/02\/URT-MUJER-CAFAM-5.JPG.jpeg-600x399.jpg 600w, https:\/\/contraluzcucuta.co\/wp-content\/uploads\/2024\/02\/URT-MUJER-CAFAM-5.JPG.jpeg-1024x680.jpg 1024w, https:\/\/contraluzcucuta.co\/wp-content\/uploads\/2024\/02\/URT-MUJER-CAFAM-5.JPG.jpeg-768x510.jpg 768w, https:\/\/contraluzcucuta.co\/wp-content\/uploads\/2024\/02\/URT-MUJER-CAFAM-5.JPG.jpeg-1536x1021.jpg 1536w, https:\/\/contraluzcucuta.co\/wp-content\/uploads\/2024\/02\/URT-MUJER-CAFAM-5.JPG.jpeg-2048x1361.jpg 2048w, https:\/\/contraluzcucuta.co\/wp-content\/uploads\/2024\/02\/URT-MUJER-CAFAM-5.JPG.jpeg-310x205.jpg 310w\" sizes=\"auto, (max-width: 246px) 100vw, 246px\" \/><\/a>Naci\u00f3 en el corregimiento La Gabarra (Tib\u00fa), es solicitante del proceso de restituci\u00f3n de tierras en esta jurisdicci\u00f3n del pa\u00eds y est\u00e1 nominada a ser la Mujer Cafam de Colombia. El trabajo social, el liderazgo ejercido en El Catatumbo y el incansable objetivo de arrebatarle j\u00f3venes a la guerra la han puesto en este sitial de honor.<\/p>\n<p>Es la presidenta de la Asociaci\u00f3n Madres del Catatumbo por la Paz, conformada por 850 mujeres de Oca\u00f1a, \u00c1brego, El Carmen, Convenci\u00f3n, Teorama, San Calixto, Hacar\u00ed, La Playa, El Tarra, Tib\u00fa y Sardinata. Todas, v\u00edctimas de la violencia en Norte de Santander por el reclutamiento forzado por parte de los grupos armados al margen de la ley.<\/p>\n<p>\u201cViv\u00edamos en el barrio La Ca\u00f1aguatera, de La Gabarra, y de all\u00ed nos toc\u00f3 desplazarnos en el 2004, porque le tiraron un artefacto explosivo a una base militar que pusieron al frente de mi casa, donde hubo ataques y uno de esos artefactos casi nos cae a nosotros\u201d.<\/p>\n<p><a href=\"https:\/\/contraluzcucuta.co\/wp-content\/uploads\/2024\/02\/URT-MUJER-CAFAM-4.JPG.jpeg\"><img loading=\"lazy\" decoding=\"async\" class=\"wp-image-40842 alignleft\" src=\"https:\/\/contraluzcucuta.co\/wp-content\/uploads\/2024\/02\/URT-MUJER-CAFAM-4.JPG-300x200.jpeg\" alt=\"\" width=\"246\" height=\"164\" srcset=\"https:\/\/contraluzcucuta.co\/wp-content\/uploads\/2024\/02\/URT-MUJER-CAFAM-4.JPG-300x200.jpeg 300w, https:\/\/contraluzcucuta.co\/wp-content\/uploads\/2024\/02\/URT-MUJER-CAFAM-4.JPG-600x400.jpeg 600w, https:\/\/contraluzcucuta.co\/wp-content\/uploads\/2024\/02\/URT-MUJER-CAFAM-4.JPG-1024x682.jpeg 1024w, https:\/\/contraluzcucuta.co\/wp-content\/uploads\/2024\/02\/URT-MUJER-CAFAM-4.JPG-768x512.jpeg 768w, https:\/\/contraluzcucuta.co\/wp-content\/uploads\/2024\/02\/URT-MUJER-CAFAM-4.JPG-310x205.jpeg 310w, https:\/\/contraluzcucuta.co\/wp-content\/uploads\/2024\/02\/URT-MUJER-CAFAM-4.JPG.jpeg 1280w\" sizes=\"auto, (max-width: 246px) 100vw, 246px\" \/><\/a>La base permaneci\u00f3 hasta el 2016. Cuando fue retirada de la zona, Carmen Elena regres\u00f3 al predio, pero estaba habitado por alguien allegado a los grupos paramilitares. Le pidi\u00f3 al hombre que le entregara la casa. En respuesta, \u201cme ech\u00f3 encima a los paramilitares otra vez y tuve que devolverme hacia Tib\u00fa\u201d.<\/p>\n<p>Ha tenido varios desplazamientos. Empez\u00f3 a luchar por la permanencia en el territorio y por las mujeres que ten\u00edan que entregarles los hijos a los grupos. \u201cNo vamos a parir m\u00e1s hijos para la guerra\u201d.<\/p>\n<p>En 2020, solicit\u00f3 a la Unidad de Restituci\u00f3n de Tierras (URT) en Norte de Santander la restituci\u00f3n de la casa, donde vivi\u00f3 con su madre y abuelos. El \u00e1rea jur\u00eddica de la entidad present\u00f3 la demanda ante los Jueces Especializados de Restituci\u00f3n de Tierras.<\/p>\n<p>Otras 300 mujeres de la Asociaci\u00f3n han presentado solicitudes de restituci\u00f3n. La cifra hace parte de las 6365 peticiones que ha recolectado la Territorial y que han sido tramitadas para buscar la reparaci\u00f3n integral y social de las v\u00edctimas del despojo forzado de tierras en la regi\u00f3n.<\/p>\n<p>Carmen Elena Garc\u00eda fue escogida Mujer Cafam Norte de Santander. Ahora, est\u00e1 postulada a Mujer Cafam Colombia, concurso que agrupa a 29 mujeres del pa\u00eds, por las que han votado 95.000 colombianos. El nombre de la ganadora se conocer\u00e1 en la segunda semana de marzo<\/p>\n","protected":false},"excerpt":{"rendered":"<p>C\u00daCUTA.- \u2018La mam\u00e1 grande de El Catatumbo\u2019, as\u00ed conocen y llaman a Carmen Elena Garc\u00eda. Ese remoquete la ha llevado a convertirse en Mujer Cafam Norte de Santander. Ahora, busca el reconocimiento nacional por el liderazgo social mediante la asociaci\u00f3n que agrupa a m\u00e1s de 800 mujeres que buscan arrebatarle los hijos la guerra en &hellip;<\/p>\n","protected":false},"author":1,"featured_media":40840,"comment_status":"open","ping_status":"open","sticky":false,"template":"","format":"standard","meta":{"footnotes":""},"categories":[4,32],"tags":[246,2103,750,3662],"class_list":["post-40839","post","type-post","status-publish","format-standard","has-post-thumbnail","hentry","category-barra","category-recorrido-por-la-region","tag-el-catatumbo","tag-premio-mujer-cafam","tag-unidad-de-restitucion-de-tierras","tag-urt-norte-de-santander"],"_links":{"self":[{"href":"https:\/\/contraluzcucuta.co\/index.php?rest_route=\/wp\/v2\/posts\/40839","targetHints":{"allow":["GET"]}}],"collection":[{"href":"https:\/\/contraluzcucuta.co\/index.php?rest_route=\/wp\/v2\/posts"}],"about":[{"href":"https:\/\/contraluzcucuta.co\/index.php?rest_route=\/wp\/v2\/types\/post"}],"author":[{"embeddable":true,"href":"https:\/\/contraluzcucuta.co\/index.php?rest_route=\/wp\/v2\/users\/1"}],"replies":[{"embeddable":true,"href":"https:\/\/contraluzcucuta.co\/index.php?rest_route=%2Fwp%2Fv2%2Fcomments&post=40839"}],"version-history":[{"count":1,"href":"https:\/\/contraluzcucuta.co\/index.php?rest_route=\/wp\/v2\/posts\/40839\/revisions"}],"predecessor-version":[{"id":40843,"href":"https:\/\/contraluzcucuta.co\/index.php?rest_route=\/wp\/v2\/posts\/40839\/revisions\/40843"}],"wp:featuredmedia":[{"embeddable":true,"href":"https:\/\/contraluzcucuta.co\/index.php?rest_route=\/wp\/v2\/media\/40840"}],"wp:attachment":[{"href":"https:\/\/contraluzcucuta.co\/index.php?rest_route=%2Fwp%2Fv2%2Fmedia&parent=40839"}],"wp:term":[{"taxonomy":"category","embeddable":true,"href":"https:\/\/contraluzcucuta.co\/index.php?rest_route=%2Fwp%2Fv2%2Fcategories&post=40839"},{"taxonomy":"post_tag","embeddable":true,"href":"https:\/\/contraluzcucuta.co\/index.php?rest_route=%2Fwp%2Fv2%2Ftags&post=40839"}],"curies":[{"name":"wp","href":"https:\/\/api.w.org\/{rel}","templated":true}]}}