{"id":40802,"date":"2024-02-23T11:26:32","date_gmt":"2024-02-23T16:26:32","guid":{"rendered":"https:\/\/contraluzcucuta.co\/?p=40802"},"modified":"2024-02-23T11:27:13","modified_gmt":"2024-02-23T16:27:13","slug":"ecos-de-la-visita-alcalde-presento-proyectos-de-vivienda-y-alcantarillado","status":"publish","type":"post","link":"https:\/\/contraluzcucuta.co\/?p=40802","title":{"rendered":"ECOS DE LA VISITA. Alcalde present\u00f3 proyectos de vivienda y alcantarillado"},"content":{"rendered":"<p style=\"padding-left: 40px; text-align: right;\"><span style=\"color: #ff9900;\"><strong>C\u00daCUTA.- \u201cMe reintegr\u00e9 a mis funciones como alcalde de C\u00facuta\u201d, anunci\u00f3 Jorge Acevedo, luego de la incapacidad m\u00e9dica, por la doble intervenci\u00f3n quir\u00fargica a las que fue sometido semanas atr\u00e1s. Al volver al despacho le correspondi\u00f3 atender a la ministra de vivienda Catalina Velasco Campuzano.<\/strong><\/span><\/p>\n<p><a href=\"https:\/\/contraluzcucuta.co\/wp-content\/uploads\/2024\/02\/ALCALDE-MINISTRA-4.jpg\"><img loading=\"lazy\" decoding=\"async\" class=\"wp-image-40804 alignleft\" src=\"https:\/\/contraluzcucuta.co\/wp-content\/uploads\/2024\/02\/ALCALDE-MINISTRA-4-300x200.jpg\" alt=\"\" width=\"248\" height=\"165\" srcset=\"https:\/\/contraluzcucuta.co\/wp-content\/uploads\/2024\/02\/ALCALDE-MINISTRA-4-300x200.jpg 300w, https:\/\/contraluzcucuta.co\/wp-content\/uploads\/2024\/02\/ALCALDE-MINISTRA-4-600x401.jpg 600w, https:\/\/contraluzcucuta.co\/wp-content\/uploads\/2024\/02\/ALCALDE-MINISTRA-4-768x513.jpg 768w, https:\/\/contraluzcucuta.co\/wp-content\/uploads\/2024\/02\/ALCALDE-MINISTRA-4-310x205.jpg 310w, https:\/\/contraluzcucuta.co\/wp-content\/uploads\/2024\/02\/ALCALDE-MINISTRA-4.jpg 1024w\" sizes=\"auto, (max-width: 248px) 100vw, 248px\" \/><\/a>Velasco y Acevedo hablaron sobre el Acueducto Metropolitano, estudios para alcantarillado pluvial, obras de saneamiento b\u00e1sico para barrios de dif\u00edcil gesti\u00f3n y zona rural, titulaci\u00f3n de predios, mejoramiento de vivienda y construcci\u00f3n de vivienda rural.<\/p>\n<p>La Ministra visit\u00f3 la ciudad en desarrollo del cierre del convenio interadministrativo que permiti\u00f3 la construcci\u00f3n del Acueducto Francisco de Paula Santander.<\/p>\n<p>El Alcalde puso al tanto a la funcionaria nacional acerca de la inquietud por el funcionamiento de la planta, que abastecer\u00e1 a m\u00e1s de un mill\u00f3n de habitantes del \u00c1rea Metropolitana.<\/p>\n<p>Acevedo le plante\u00f3 al gobierno nacional la viabilidad para la construcci\u00f3n de la granja solar, que permita variar el gasto energ\u00e9tico y de esa manera no golpear el bolsillo de los cucute\u00f1os. Dijo que presentar\u00e1 otros proyectos para mejorar y ampliar el alcantarillado pluvial de la ciudad, por $ 5000 millones, y otra solicitud para que se destinen recursos para la autoconstrucci\u00f3n de 442 viviendas en la comuna 7.<\/p>\n","protected":false},"excerpt":{"rendered":"<p>C\u00daCUTA.- \u201cMe reintegr\u00e9 a mis funciones como alcalde de C\u00facuta\u201d, anunci\u00f3 Jorge Acevedo, luego de la incapacidad m\u00e9dica, por la doble intervenci\u00f3n quir\u00fargica a las que fue sometido semanas atr\u00e1s. Al volver al despacho le correspondi\u00f3 atender a la ministra de vivienda Catalina Velasco Campuzano. Velasco y Acevedo hablaron sobre el Acueducto Metropolitano, estudios para &hellip;<\/p>\n","protected":false},"author":1,"featured_media":40803,"comment_status":"open","ping_status":"open","sticky":false,"template":"","format":"standard","meta":{"footnotes":""},"categories":[2625,4],"tags":[5950,226,4940],"class_list":["post-40802","post","type-post","status-publish","format-standard","has-post-thumbnail","hentry","category-alcaldia-de-cucuta","category-barra","tag-alcalde-jorge-acevedo","tag-alcaldia-de-cucuta","tag-minvivienda"],"_links":{"self":[{"href":"https:\/\/contraluzcucuta.co\/index.php?rest_route=\/wp\/v2\/posts\/40802","targetHints":{"allow":["GET"]}}],"collection":[{"href":"https:\/\/contraluzcucuta.co\/index.php?rest_route=\/wp\/v2\/posts"}],"about":[{"href":"https:\/\/contraluzcucuta.co\/index.php?rest_route=\/wp\/v2\/types\/post"}],"author":[{"embeddable":true,"href":"https:\/\/contraluzcucuta.co\/index.php?rest_route=\/wp\/v2\/users\/1"}],"replies":[{"embeddable":true,"href":"https:\/\/contraluzcucuta.co\/index.php?rest_route=%2Fwp%2Fv2%2Fcomments&post=40802"}],"version-history":[{"count":1,"href":"https:\/\/contraluzcucuta.co\/index.php?rest_route=\/wp\/v2\/posts\/40802\/revisions"}],"predecessor-version":[{"id":40805,"href":"https:\/\/contraluzcucuta.co\/index.php?rest_route=\/wp\/v2\/posts\/40802\/revisions\/40805"}],"wp:featuredmedia":[{"embeddable":true,"href":"https:\/\/contraluzcucuta.co\/index.php?rest_route=\/wp\/v2\/media\/40803"}],"wp:attachment":[{"href":"https:\/\/contraluzcucuta.co\/index.php?rest_route=%2Fwp%2Fv2%2Fmedia&parent=40802"}],"wp:term":[{"taxonomy":"category","embeddable":true,"href":"https:\/\/contraluzcucuta.co\/index.php?rest_route=%2Fwp%2Fv2%2Fcategories&post=40802"},{"taxonomy":"post_tag","embeddable":true,"href":"https:\/\/contraluzcucuta.co\/index.php?rest_route=%2Fwp%2Fv2%2Ftags&post=40802"}],"curies":[{"name":"wp","href":"https:\/\/api.w.org\/{rel}","templated":true}]}}