{"id":40798,"date":"2024-02-23T07:09:32","date_gmt":"2024-02-23T12:09:32","guid":{"rendered":"https:\/\/contraluzcucuta.co\/?p=40798"},"modified":"2024-02-23T07:10:30","modified_gmt":"2024-02-23T12:10:30","slug":"plan-de-desarrollo-concejo-de-cucuta-conocio-el-cronograma","status":"publish","type":"post","link":"https:\/\/contraluzcucuta.co\/?p=40798","title":{"rendered":"PLAN DE DESARROLLO. Concejo de C\u00facuta conoci\u00f3 el cronograma"},"content":{"rendered":"<p style=\"padding-left: 40px; text-align: right;\"><strong><span style=\"color: #ff9900;\">C\u00daCUTA.- Mediante mesas territoriales, que abarcar\u00e1n las 10 comunas de la ciudad y la zona rural, y otras sectoriales y poblacionales, que involucrar\u00e1n a gremios, sector salud, vendedores estacionales, transportadores y diversidades sexuales y de g\u00e9nero, se socializar\u00e1 el Plan de Desarrollo Municipal 2024-2027<\/span><\/strong><\/p>\n<p><a href=\"https:\/\/contraluzcucuta.co\/wp-content\/uploads\/2024\/02\/CONCEJO-CUCUTA-1.jpeg\"><img loading=\"lazy\" decoding=\"async\" class=\"wp-image-40800 alignleft\" src=\"https:\/\/contraluzcucuta.co\/wp-content\/uploads\/2024\/02\/CONCEJO-CUCUTA-1-300x186.jpeg\" alt=\"\" width=\"247\" height=\"153\" srcset=\"https:\/\/contraluzcucuta.co\/wp-content\/uploads\/2024\/02\/CONCEJO-CUCUTA-1-300x186.jpeg 300w, https:\/\/contraluzcucuta.co\/wp-content\/uploads\/2024\/02\/CONCEJO-CUCUTA-1-600x373.jpeg 600w, https:\/\/contraluzcucuta.co\/wp-content\/uploads\/2024\/02\/CONCEJO-CUCUTA-1-1024x636.jpeg 1024w, https:\/\/contraluzcucuta.co\/wp-content\/uploads\/2024\/02\/CONCEJO-CUCUTA-1-768x477.jpeg 768w, https:\/\/contraluzcucuta.co\/wp-content\/uploads\/2024\/02\/CONCEJO-CUCUTA-1-1536x954.jpeg 1536w, https:\/\/contraluzcucuta.co\/wp-content\/uploads\/2024\/02\/CONCEJO-CUCUTA-1.jpeg 1600w\" sizes=\"auto, (max-width: 247px) 100vw, 247px\" \/><\/a>En sesi\u00f3n de la Comisi\u00f3n del Plan y en presencia de los concejales, el director Juan Bocanegra explic\u00f3 la metodolog\u00eda para la elaboraci\u00f3n del documento. \u201cHemos presentando las fases que hasta el momento hemos construido en la administraci\u00f3n municipal\u201d.<\/p>\n<p>Tambi\u00e9n, compartieron informaci\u00f3n acerca de las mesas sectoriales, territoriales y poblacionales que se llevar\u00e1n a cabo. El objetivo es crear el Plan m\u00e1s participativo de Colombia.<\/p>\n<p>Bocanegra agreg\u00f3 que \u201cel Concejo ayudar\u00e1 a socializarlas, participando en la valoraci\u00f3n del Plan para crear un documento oficial que sea el m\u00e1s pertinente y alcance los objetivos de bienestar requeridos por C\u00facuta\u201d.<\/p>\n<p>Despu\u00e9s de la socializaci\u00f3n, se escucharon inquietudes y sugerencias de los concejales con miras a una mayor participaci\u00f3n de la comunidad.<\/p>\n","protected":false},"excerpt":{"rendered":"<p>C\u00daCUTA.- Mediante mesas territoriales, que abarcar\u00e1n las 10 comunas de la ciudad y la zona rural, y otras sectoriales y poblacionales, que involucrar\u00e1n a gremios, sector salud, vendedores estacionales, transportadores y diversidades sexuales y de g\u00e9nero, se socializar\u00e1 el Plan de Desarrollo Municipal 2024-2027 En sesi\u00f3n de la Comisi\u00f3n del Plan y en presencia de &hellip;<\/p>\n","protected":false},"author":1,"featured_media":40799,"comment_status":"open","ping_status":"open","sticky":false,"template":"","format":"standard","meta":{"footnotes":""},"categories":[4,36],"tags":[226,197,6081,2973],"class_list":["post-40798","post","type-post","status-publish","format-standard","has-post-thumbnail","hentry","category-barra","category-la-voz-del-pueblo","tag-alcaldia-de-cucuta","tag-concejo-de-cucuta","tag-juan-bocanegra","tag-plan-de-desarrollo-municipal"],"_links":{"self":[{"href":"https:\/\/contraluzcucuta.co\/index.php?rest_route=\/wp\/v2\/posts\/40798","targetHints":{"allow":["GET"]}}],"collection":[{"href":"https:\/\/contraluzcucuta.co\/index.php?rest_route=\/wp\/v2\/posts"}],"about":[{"href":"https:\/\/contraluzcucuta.co\/index.php?rest_route=\/wp\/v2\/types\/post"}],"author":[{"embeddable":true,"href":"https:\/\/contraluzcucuta.co\/index.php?rest_route=\/wp\/v2\/users\/1"}],"replies":[{"embeddable":true,"href":"https:\/\/contraluzcucuta.co\/index.php?rest_route=%2Fwp%2Fv2%2Fcomments&post=40798"}],"version-history":[{"count":1,"href":"https:\/\/contraluzcucuta.co\/index.php?rest_route=\/wp\/v2\/posts\/40798\/revisions"}],"predecessor-version":[{"id":40801,"href":"https:\/\/contraluzcucuta.co\/index.php?rest_route=\/wp\/v2\/posts\/40798\/revisions\/40801"}],"wp:featuredmedia":[{"embeddable":true,"href":"https:\/\/contraluzcucuta.co\/index.php?rest_route=\/wp\/v2\/media\/40799"}],"wp:attachment":[{"href":"https:\/\/contraluzcucuta.co\/index.php?rest_route=%2Fwp%2Fv2%2Fmedia&parent=40798"}],"wp:term":[{"taxonomy":"category","embeddable":true,"href":"https:\/\/contraluzcucuta.co\/index.php?rest_route=%2Fwp%2Fv2%2Fcategories&post=40798"},{"taxonomy":"post_tag","embeddable":true,"href":"https:\/\/contraluzcucuta.co\/index.php?rest_route=%2Fwp%2Fv2%2Ftags&post=40798"}],"curies":[{"name":"wp","href":"https:\/\/api.w.org\/{rel}","templated":true}]}}