{"id":40780,"date":"2024-02-22T04:48:15","date_gmt":"2024-02-22T09:48:15","guid":{"rendered":"https:\/\/contraluzcucuta.co\/?p=40780"},"modified":"2024-02-22T04:48:15","modified_gmt":"2024-02-22T09:48:15","slug":"acueducto-metropolitano-subproyecto-1-ciento-por-ciento-ejecutado","status":"publish","type":"post","link":"https:\/\/contraluzcucuta.co\/?p=40780","title":{"rendered":"ACUEDUCTO METROPOLITANO. Subproyecto 1, ciento por ciento ejecutado"},"content":{"rendered":"<p style=\"padding-left: 40px; text-align: right;\"><strong><span style=\"color: #ff9900;\">C\u00daCUTA.- La ministra de Vivienda Ciudad y Territorio, Catalina Velasco Campuzano, visit\u00f3 la Planta de Tratamiento de Agua Potable en El P\u00f3rtico, del Acueducto Metropolitano Francisco de Paula Santander. El proyecto, una vez puesto en funcionamiento, beneficiar\u00e1 a 1,6 millones de habitantes de Villa del Rosario, Los Patios y C\u00facuta.<\/span><\/strong><\/p>\n<p>La obra se encuentra en el ciento por ciento correspondiente al subproyecto 1 y de las obras complementarias de los subproyectos 3 y 4. En 98 % de ejecuci\u00f3n est\u00e1 lo relacionado con los subproyectos 3 y 4.<\/p>\n<p>La ministra Velasco asegur\u00f3 que en los pr\u00f3ximos d\u00edas habr\u00e1 nuevos detalles respecto a la puesta en marcha del Acueducto Metropolitano para avanzar en la disminuci\u00f3n de brechas para el acceso al agua en el territorio.<\/p>\n","protected":false},"excerpt":{"rendered":"<p>C\u00daCUTA.- La ministra de Vivienda Ciudad y Territorio, Catalina Velasco Campuzano, visit\u00f3 la Planta de Tratamiento de Agua Potable en El P\u00f3rtico, del Acueducto Metropolitano Francisco de Paula Santander. El proyecto, una vez puesto en funcionamiento, beneficiar\u00e1 a 1,6 millones de habitantes de Villa del Rosario, Los Patios y C\u00facuta. La obra se encuentra en &hellip;<\/p>\n","protected":false},"author":1,"featured_media":40781,"comment_status":"open","ping_status":"open","sticky":false,"template":"","format":"standard","meta":{"footnotes":""},"categories":[4,6],"tags":[1016,1183],"class_list":["post-40780","post","type-post","status-publish","format-standard","has-post-thumbnail","hentry","category-barra","category-ojo-avizor","tag-acueducto-metropolitano-de-cucuta","tag-ministerio-de-vivienda"],"_links":{"self":[{"href":"https:\/\/contraluzcucuta.co\/index.php?rest_route=\/wp\/v2\/posts\/40780","targetHints":{"allow":["GET"]}}],"collection":[{"href":"https:\/\/contraluzcucuta.co\/index.php?rest_route=\/wp\/v2\/posts"}],"about":[{"href":"https:\/\/contraluzcucuta.co\/index.php?rest_route=\/wp\/v2\/types\/post"}],"author":[{"embeddable":true,"href":"https:\/\/contraluzcucuta.co\/index.php?rest_route=\/wp\/v2\/users\/1"}],"replies":[{"embeddable":true,"href":"https:\/\/contraluzcucuta.co\/index.php?rest_route=%2Fwp%2Fv2%2Fcomments&post=40780"}],"version-history":[{"count":1,"href":"https:\/\/contraluzcucuta.co\/index.php?rest_route=\/wp\/v2\/posts\/40780\/revisions"}],"predecessor-version":[{"id":40782,"href":"https:\/\/contraluzcucuta.co\/index.php?rest_route=\/wp\/v2\/posts\/40780\/revisions\/40782"}],"wp:featuredmedia":[{"embeddable":true,"href":"https:\/\/contraluzcucuta.co\/index.php?rest_route=\/wp\/v2\/media\/40781"}],"wp:attachment":[{"href":"https:\/\/contraluzcucuta.co\/index.php?rest_route=%2Fwp%2Fv2%2Fmedia&parent=40780"}],"wp:term":[{"taxonomy":"category","embeddable":true,"href":"https:\/\/contraluzcucuta.co\/index.php?rest_route=%2Fwp%2Fv2%2Fcategories&post=40780"},{"taxonomy":"post_tag","embeddable":true,"href":"https:\/\/contraluzcucuta.co\/index.php?rest_route=%2Fwp%2Fv2%2Ftags&post=40780"}],"curies":[{"name":"wp","href":"https:\/\/api.w.org\/{rel}","templated":true}]}}