{"id":40776,"date":"2024-02-22T04:37:02","date_gmt":"2024-02-22T09:37:02","guid":{"rendered":"https:\/\/contraluzcucuta.co\/?p=40776"},"modified":"2024-02-22T04:37:02","modified_gmt":"2024-02-22T09:37:02","slug":"plan-libertad-y-orden-222-jovenes-beneficiados-por-incorporarse-a-la-policia-y-al-ejercito","status":"publish","type":"post","link":"https:\/\/contraluzcucuta.co\/?p=40776","title":{"rendered":"PLAN LIBERTAD Y ORDEN. 222 j\u00f3venes beneficiados por incorporarse a la Polic\u00eda y al Ej\u00e9rcito"},"content":{"rendered":"<p style=\"padding-left: 40px; text-align: right;\"><strong><span style=\"color: #ff9900;\">C\u00daCUTA.- Mientras 150 j\u00f3venes se incorporaron como auxiliares de Polic\u00eda, otros 72 efectuaron el proceso para ingresar al Ej\u00e9rcito. El objetivo de los 222 es prestarle el servicio a la patria. El alcalde Jorge Acevedo dijo que los j\u00f3venes incorporados ser\u00e1n los primeros beneficiarios de los incentivos que hacen parte de las acciones contempladas en la pol\u00edtica de seguridad, implementada en desarrollo del Plan Libertad y Orden.<\/span><\/strong><\/p>\n<p><a href=\"https:\/\/contraluzcucuta.co\/wp-content\/uploads\/2024\/02\/POLICIA-JOVENES-1.jpg\"><img loading=\"lazy\" decoding=\"async\" class=\"wp-image-40778 alignleft\" src=\"https:\/\/contraluzcucuta.co\/wp-content\/uploads\/2024\/02\/POLICIA-JOVENES-1-300x169.jpg\" alt=\"\" width=\"247\" height=\"139\" srcset=\"https:\/\/contraluzcucuta.co\/wp-content\/uploads\/2024\/02\/POLICIA-JOVENES-1-300x169.jpg 300w, https:\/\/contraluzcucuta.co\/wp-content\/uploads\/2024\/02\/POLICIA-JOVENES-1-600x338.jpg 600w, https:\/\/contraluzcucuta.co\/wp-content\/uploads\/2024\/02\/POLICIA-JOVENES-1-768x432.jpg 768w, https:\/\/contraluzcucuta.co\/wp-content\/uploads\/2024\/02\/POLICIA-JOVENES-1.jpg 1024w\" sizes=\"auto, (max-width: 247px) 100vw, 247px\" \/><\/a>\u201cEsta es una de las apuestas m\u00e1s importantes de nuestro Plan de Seguridad. Que los j\u00f3venes presten el servicio militar no solo contribuir\u00e1 a la disminuci\u00f3n de los \u00edndices de inseguridad, sino que ser\u00e1 una experiencia enriquecedora que aportar\u00e1 a su formaci\u00f3n personal y les ofrecer\u00e1 herramientas para el futuro laboral\u201d.<\/p>\n<p>El secretario de Seguridad Ciudadana, Diego Villamizar, explic\u00f3 que recibir\u00e1n un bono por $ 2,0 millones, que ser\u00e1 entregado en el transcurso de la prestaci\u00f3n del servicio. Y obtendr\u00e1n la licencia de conducci\u00f3n y un curso de vigilancia y escolta. Este es el primero de los cuatro contingentes del a\u00f1o proyectados por la fuerza p\u00fablica, para incorporaci\u00f3n a la Polic\u00eda Metropolitana de C\u00facuta y el Ej\u00e9rcito.<\/p>\n<p>El programa estimula la participaci\u00f3n en los procesos de inscripci\u00f3n y se implementar\u00e1 durante el mandato de Jorge Acevedo, al igual que la creaci\u00f3n y conformaci\u00f3n de la Polic\u00eda Militar que contar\u00e1 con iguales beneficios.<\/p>\n","protected":false},"excerpt":{"rendered":"<p>C\u00daCUTA.- Mientras 150 j\u00f3venes se incorporaron como auxiliares de Polic\u00eda, otros 72 efectuaron el proceso para ingresar al Ej\u00e9rcito. El objetivo de los 222 es prestarle el servicio a la patria. El alcalde Jorge Acevedo dijo que los j\u00f3venes incorporados ser\u00e1n los primeros beneficiarios de los incentivos que hacen parte de las acciones contempladas en &hellip;<\/p>\n","protected":false},"author":1,"featured_media":40777,"comment_status":"open","ping_status":"open","sticky":false,"template":"","format":"standard","meta":{"footnotes":""},"categories":[11,4],"tags":[226,299,1477],"class_list":["post-40776","post","type-post","status-publish","format-standard","has-post-thumbnail","hentry","category-cronica-roja","category-barra","tag-alcaldia-de-cucuta","tag-ejercito-de-colombia","tag-policia-metropolitana-mecuc"],"_links":{"self":[{"href":"https:\/\/contraluzcucuta.co\/index.php?rest_route=\/wp\/v2\/posts\/40776","targetHints":{"allow":["GET"]}}],"collection":[{"href":"https:\/\/contraluzcucuta.co\/index.php?rest_route=\/wp\/v2\/posts"}],"about":[{"href":"https:\/\/contraluzcucuta.co\/index.php?rest_route=\/wp\/v2\/types\/post"}],"author":[{"embeddable":true,"href":"https:\/\/contraluzcucuta.co\/index.php?rest_route=\/wp\/v2\/users\/1"}],"replies":[{"embeddable":true,"href":"https:\/\/contraluzcucuta.co\/index.php?rest_route=%2Fwp%2Fv2%2Fcomments&post=40776"}],"version-history":[{"count":1,"href":"https:\/\/contraluzcucuta.co\/index.php?rest_route=\/wp\/v2\/posts\/40776\/revisions"}],"predecessor-version":[{"id":40779,"href":"https:\/\/contraluzcucuta.co\/index.php?rest_route=\/wp\/v2\/posts\/40776\/revisions\/40779"}],"wp:featuredmedia":[{"embeddable":true,"href":"https:\/\/contraluzcucuta.co\/index.php?rest_route=\/wp\/v2\/media\/40777"}],"wp:attachment":[{"href":"https:\/\/contraluzcucuta.co\/index.php?rest_route=%2Fwp%2Fv2%2Fmedia&parent=40776"}],"wp:term":[{"taxonomy":"category","embeddable":true,"href":"https:\/\/contraluzcucuta.co\/index.php?rest_route=%2Fwp%2Fv2%2Fcategories&post=40776"},{"taxonomy":"post_tag","embeddable":true,"href":"https:\/\/contraluzcucuta.co\/index.php?rest_route=%2Fwp%2Fv2%2Ftags&post=40776"}],"curies":[{"name":"wp","href":"https:\/\/api.w.org\/{rel}","templated":true}]}}